{"id":621460,"date":"2025-12-03T23:40:19","date_gmt":"2025-12-03T23:40:19","guid":{"rendered":"https:\/\/www.europesays.com\/de\/621460\/"},"modified":"2025-12-03T23:40:19","modified_gmt":"2025-12-03T23:40:19","slug":"vitamin-d3-hevert-immun-aktiv-kids","status":"publish","type":"post","link":"https:\/\/www.europesays.com\/de\/621460\/","title":{"rendered":"Vitamin D3 Hevert Immun Aktiv Kids"},"content":{"rendered":"<p><strong>\u00dcber Vitamin D3 Hevert Immun Aktiv Kids<\/strong><\/p>\n<p>Nahrungserg\u00e4nzungsmittel mit 500 IE Vitamin D, 40 mg Vitamin C, 15 \u03bcg Selen, 2,5 mg Zink, 30 mg Beta-Glucan (Yestimun\u00ae) und 20 mg Aroniabeer-Pulver pro Lutschtablette. Zutaten: F\u00fcllstoff Sorbit, S\u00fc\u00dfungsmittel Xylit, Vitamin C, Beta-Glucane aus Hefe (Saccharomyces cerevisiae), Farbstoff Rote Bete Saftpulver, Aroniabeer-Pulver, Trennmittel Tricalciumphosphat, St\u00e4rke, Aroma, Trennmittel (Polyethylenglycol, Magnesiumsalze der Speisefetts\u00e4uren), Zink (Zinkoxid), S\u00fc\u00dfungsmittel Sucralose, Selen (Natriumselenit), Vitamin D. Packungsgr\u00f6\u00dfen: 120 Lutschtabletten. Hergestellt in Deutschland. Vegan, laktose- und glutenfrei, frei von Konservierungsstoffen. Auf die Einnahme weiterer zinkhaltiger Pr\u00e4parate sollte verzichtet werden.<\/p>\n<p><strong>\u00dcber Hevert-Arzneimittel<\/strong><\/p>\n<p>Hevert-Arzneimittel wurde 1956 gegr\u00fcndet und wird inzwischen in dritter Generation als unabh\u00e4ngiges Familienunternehmen gef\u00fchrt. Als einer der f\u00fchrenden deutschen Hersteller von hom\u00f6opathischen und pflanzlichen Arzneimitteln sowie von Vitalstoffen verf\u00fcgt das Unternehmen mit \u00fcber 100 Pr\u00e4paraten \u00fcber ein breites Produktsortiment. Dieses deckt nahezu alle naturheilkundlich relevanten Therapiebereiche ab und ist in die Spezialisierungsgebiete Psyche\/Schlaf, Erk\u00e4ltung, Vitalstoffe, Verdauung und Entgiftung unterteilt. Mit dem Ziel, die lange Tradition naturheilkundlicher Pr\u00e4parate mit den hohen Qualit\u00e4tsanspr\u00fcchen moderner Arzneimittelherstellung zu vereinen, setzt Hevert in der Herstellung auf eine Symbiose aus hochtechnisierter und traditioneller Arbeitsweise. Eine gro\u00dfe Anzahl der Pr\u00e4parate wird in eigener Produktion in Deutschland hergestellt. Als naturverbundenes Arzneimittelunternehmen setzt sich Hevert aktiv f\u00fcr Naturheilkunde, Umweltschutz, nachhaltiges Wirtschaften und den verantwortungsvollen Umgang mit Mitarbeitenden, Partnern und der Gesellschaft ein.<\/p>\n","protected":false},"excerpt":{"rendered":"\u00dcber Vitamin D3 Hevert Immun Aktiv Kids Nahrungserg\u00e4nzungsmittel mit 500 IE Vitamin D, 40 mg Vitamin C, 15&hellip;\n","protected":false},"author":2,"featured_media":306722,"comment_status":"","ping_status":"","sticky":false,"template":"","format":"standard","meta":{"footnotes":""},"categories":[137],"tags":[29,30,141,232],"class_list":{"0":"post-621460","1":"post","2":"type-post","3":"status-publish","4":"format-standard","5":"has-post-thumbnail","7":"category-gesundheit","8":"tag-deutschland","9":"tag-germany","10":"tag-gesundheit","11":"tag-health"},"share_on_mastodon":{"url":"https:\/\/pubeurope.com\/@de\/115658281683716978","error":""},"_links":{"self":[{"href":"https:\/\/www.europesays.com\/de\/wp-json\/wp\/v2\/posts\/621460","targetHints":{"allow":["GET"]}}],"collection":[{"href":"https:\/\/www.europesays.com\/de\/wp-json\/wp\/v2\/posts"}],"about":[{"href":"https:\/\/www.europesays.com\/de\/wp-json\/wp\/v2\/types\/post"}],"author":[{"embeddable":true,"href":"https:\/\/www.europesays.com\/de\/wp-json\/wp\/v2\/users\/2"}],"replies":[{"embeddable":true,"href":"https:\/\/www.europesays.com\/de\/wp-json\/wp\/v2\/comments?post=621460"}],"version-history":[{"count":0,"href":"https:\/\/www.europesays.com\/de\/wp-json\/wp\/v2\/posts\/621460\/revisions"}],"wp:featuredmedia":[{"embeddable":true,"href":"https:\/\/www.europesays.com\/de\/wp-json\/wp\/v2\/media\/306722"}],"wp:attachment":[{"href":"https:\/\/www.europesays.com\/de\/wp-json\/wp\/v2\/media?parent=621460"}],"wp:term":[{"taxonomy":"category","embeddable":true,"href":"https:\/\/www.europesays.com\/de\/wp-json\/wp\/v2\/categories?post=621460"},{"taxonomy":"post_tag","embeddable":true,"href":"https:\/\/www.europesays.com\/de\/wp-json\/wp\/v2\/tags?post=621460"}],"curies":[{"name":"wp","href":"https:\/\/api.w.org\/{rel}","templated":true}]}}