{"id":621481,"date":"2025-12-03T23:55:13","date_gmt":"2025-12-03T23:55:13","guid":{"rendered":"https:\/\/www.europesays.com\/de\/621481\/"},"modified":"2025-12-03T23:55:13","modified_gmt":"2025-12-03T23:55:13","slug":"eine-winterliche-reise-in-die-chemnitzer-partnerstadt-lodz","status":"publish","type":"post","link":"https:\/\/www.europesays.com\/de\/621481\/","title":{"rendered":"Eine winterliche Reise in die Chemnitzer Partnerstadt \u0141\u00f3d\u017a"},"content":{"rendered":"<p class=\"bold\">\n\t\t\t\t\t\t\t\t\t\tIn Polens viertgr\u00f6\u00dfter Stadt lockt der l\u00e4ngster Fu\u00dfg\u00e4ngerboulevard Europas. Wie hart das Leben hier fr\u00fcher war, davon zeugen noch viele Fabrikgeb\u00e4ude &#8211; meist liebevoll saniert.\t\t\t\t<\/p>\n<p>\t\t\t\t Es schneit in \u0141\u00f3d\u017a. Die Flocken rieseln, malen wei\u00dfe Tupfen auf die roten Backsteinw\u00e4nde von \u201eManufaktura\u201c. Die langgestreckten, teils auch hohen Klinkerbauten dieser riesigen historischen Fabrikanlage werden von aufwendig gestalteten Fassaden, Mauern, T\u00fcrmen und Toren geziert.<\/p>\n<p>\t\t<img decoding=\"async\" class=\"fp-plus-logo\" src=\"https:\/\/www.freiepresse.de\/img\/fpplus.svg\" alt=\"Freie Presse plus Logo\"\/><\/p>\n<p>Registrieren und testen.<\/p>\n<p>Jetzt mit Ihrer Registrierung 1 Monat gratis testen und alle Beitr\u00e4ge lesen.<\/p>\n<p>Schon Abonnent? Melden Sie sich mit ihren Zugangsdaten an.<\/p>\n","protected":false},"excerpt":{"rendered":"In Polens viertgr\u00f6\u00dfter Stadt lockt der l\u00e4ngster Fu\u00dfg\u00e4ngerboulevard Europas. Wie hart das Leben hier fr\u00fcher war, davon zeugen&hellip;\n","protected":false},"author":2,"featured_media":621482,"comment_status":"","ping_status":"","sticky":false,"template":"","format":"standard","meta":{"footnotes":""},"categories":[1851],"tags":[2770,3364,29,548,663,3934,30,13,5331,14,15,859,12],"class_list":{"0":"post-621481","1":"post","2":"type-post","3":"status-publish","4":"format-standard","5":"has-post-thumbnail","7":"category-chemnitz","8":"tag-chemnitz","9":"tag-de","10":"tag-deutschland","11":"tag-eu","12":"tag-europa","13":"tag-europe","14":"tag-germany","15":"tag-headlines","16":"tag-immobilien","17":"tag-nachrichten","18":"tag-news","19":"tag-sachsen","20":"tag-schlagzeilen"},"share_on_mastodon":{"url":"https:\/\/pubeurope.com\/@de\/115658342150424341","error":""},"_links":{"self":[{"href":"https:\/\/www.europesays.com\/de\/wp-json\/wp\/v2\/posts\/621481","targetHints":{"allow":["GET"]}}],"collection":[{"href":"https:\/\/www.europesays.com\/de\/wp-json\/wp\/v2\/posts"}],"about":[{"href":"https:\/\/www.europesays.com\/de\/wp-json\/wp\/v2\/types\/post"}],"author":[{"embeddable":true,"href":"https:\/\/www.europesays.com\/de\/wp-json\/wp\/v2\/users\/2"}],"replies":[{"embeddable":true,"href":"https:\/\/www.europesays.com\/de\/wp-json\/wp\/v2\/comments?post=621481"}],"version-history":[{"count":0,"href":"https:\/\/www.europesays.com\/de\/wp-json\/wp\/v2\/posts\/621481\/revisions"}],"wp:featuredmedia":[{"embeddable":true,"href":"https:\/\/www.europesays.com\/de\/wp-json\/wp\/v2\/media\/621482"}],"wp:attachment":[{"href":"https:\/\/www.europesays.com\/de\/wp-json\/wp\/v2\/media?parent=621481"}],"wp:term":[{"taxonomy":"category","embeddable":true,"href":"https:\/\/www.europesays.com\/de\/wp-json\/wp\/v2\/categories?post=621481"},{"taxonomy":"post_tag","embeddable":true,"href":"https:\/\/www.europesays.com\/de\/wp-json\/wp\/v2\/tags?post=621481"}],"curies":[{"name":"wp","href":"https:\/\/api.w.org\/{rel}","templated":true}]}}