{"id":621507,"date":"2025-12-04T00:11:23","date_gmt":"2025-12-04T00:11:23","guid":{"rendered":"https:\/\/www.europesays.com\/de\/621507\/"},"modified":"2025-12-04T00:11:23","modified_gmt":"2025-12-04T00:11:23","slug":"kinder-aus-heckinghausen-machen-druck-fuer-mehr-verkehrssicherheit-in-wuppertal","status":"publish","type":"post","link":"https:\/\/www.europesays.com\/de\/621507\/","title":{"rendered":"Kinder aus Heckinghausen machen Druck f\u00fcr mehr Verkehrssicherheit in Wuppertal"},"content":{"rendered":"<p class=\"text_ohne_einzug richtext text-em-55 !leading-serif mx-6 desktop:mx-0\">Die Botschaft der Kinder ist eindeutig: Die drei jungen Heckinghausener im Alter von sieben, neun und elf Jahren w\u00fcnschen sich einen Fu\u00dfg\u00e4nger\u00fcberweg im Bereich Freiligrathstra\u00dfe und M\u00f6rikestra\u00dfe. Daher haben sie 350 Unterschriften gesammelt und Bezirksb\u00fcrgermeister Stefan K\u00fchn (SPD) \u00fcbergeben. \u201eEs ist schwierig, dort \u00fcber die Stra\u00dfe zu laufen\u201c, berichten die Kinder. Ihre Initiative hat in der j\u00fcngsten Sitzung der Bezirksvertretung zu einer lebhaften Diskussion gef\u00fchrt.<\/p>\n","protected":false},"excerpt":{"rendered":"Die Botschaft der Kinder ist eindeutig: Die drei jungen Heckinghausener im Alter von sieben, neun und elf Jahren&hellip;\n","protected":false},"author":2,"featured_media":621508,"comment_status":"","ping_status":"","sticky":false,"template":"","format":"standard","meta":{"footnotes":""},"categories":[1840],"tags":[61935,73647,20151,3364,29,102502,71344,30,123803,71605,20080,122857,147252,1209,524,147253,147254,25408,11634,4418,102587],"class_list":{"0":"post-621507","1":"post","2":"type-post","3":"status-publish","4":"format-standard","5":"has-post-thumbnail","7":"category-wuppertal","8":"tag-abschnitt","9":"tag-beantragt","10":"tag-bezirksvertretung","11":"tag-de","12":"tag-deutschland","13":"tag-freiligrathstrasse","14":"tag-geprueft","15":"tag-germany","16":"tag-kuehn","17":"tag-loensstrasse","18":"tag-meter","19":"tag-mittelinsel","20":"tag-moerikestrasse","21":"tag-nordrhein-westfalen","22":"tag-strasse","23":"tag-strassenabschnitt","24":"tag-strassenbreite","25":"tag-strassenverkehrsordnung","26":"tag-tempo","27":"tag-wuppertal","28":"tag-zentimeter"},"share_on_mastodon":{"url":"https:\/\/pubeurope.com\/@de\/115658403640946487","error":""},"_links":{"self":[{"href":"https:\/\/www.europesays.com\/de\/wp-json\/wp\/v2\/posts\/621507","targetHints":{"allow":["GET"]}}],"collection":[{"href":"https:\/\/www.europesays.com\/de\/wp-json\/wp\/v2\/posts"}],"about":[{"href":"https:\/\/www.europesays.com\/de\/wp-json\/wp\/v2\/types\/post"}],"author":[{"embeddable":true,"href":"https:\/\/www.europesays.com\/de\/wp-json\/wp\/v2\/users\/2"}],"replies":[{"embeddable":true,"href":"https:\/\/www.europesays.com\/de\/wp-json\/wp\/v2\/comments?post=621507"}],"version-history":[{"count":0,"href":"https:\/\/www.europesays.com\/de\/wp-json\/wp\/v2\/posts\/621507\/revisions"}],"wp:featuredmedia":[{"embeddable":true,"href":"https:\/\/www.europesays.com\/de\/wp-json\/wp\/v2\/media\/621508"}],"wp:attachment":[{"href":"https:\/\/www.europesays.com\/de\/wp-json\/wp\/v2\/media?parent=621507"}],"wp:term":[{"taxonomy":"category","embeddable":true,"href":"https:\/\/www.europesays.com\/de\/wp-json\/wp\/v2\/categories?post=621507"},{"taxonomy":"post_tag","embeddable":true,"href":"https:\/\/www.europesays.com\/de\/wp-json\/wp\/v2\/tags?post=621507"}],"curies":[{"name":"wp","href":"https:\/\/api.w.org\/{rel}","templated":true}]}}