{"id":621513,"date":"2025-12-04T00:14:12","date_gmt":"2025-12-04T00:14:12","guid":{"rendered":"https:\/\/www.europesays.com\/de\/621513\/"},"modified":"2025-12-04T00:14:12","modified_gmt":"2025-12-04T00:14:12","slug":"eigentor-und-rot-bochum-unterliegt-stuttgart-im-achtelfinale","status":"publish","type":"post","link":"https:\/\/www.europesays.com\/de\/621513\/","title":{"rendered":"Eigentor und Rot \u2013 Bochum unterliegt Stuttgart im Achtelfinale"},"content":{"rendered":"<p>VfL Bochum &#8211; VfB Stuttgart 0:2 (0:1)      <\/p>\n<p class=\"text_ohne_einzug richtext text-em-55 !leading-serif mx-6 desktop:mx-0\">Erst ein Eigentor, dann die Rote Karte: Der Bochumer Philipp Strompf hat dem <a href=\"https:\/\/rp-online.de\/thema\/vfb-stuttgart\/\" rel=\"nofollow noopener\" target=\"_blank\">VfB Stuttgart<\/a> fast im Alleingang zum Einzug ins Viertelfinale des DFB-Pokals verholfen. Auf \u00e4u\u00dferst kuriose Weise ebnete der Abwehrspieler des VfL dem Cup-Verteidiger den Weg zum 2:0 (1:0)-Sieg beim Zweitligisten.<\/p>\n<p class=\"text_ohne_einzug richtext text-em-55 !leading-serif mx-6 desktop:mx-0\">Zun\u00e4chst k\u00f6pfte der 27-J\u00e4hrige, in der N\u00e4he von Stuttgart geboren, den Ball nach einem langen Einwurf ins eigene Tor (12.), dann sah er nach Videobeweis wegen einer Notbremse Rot (45.+1). Der VfB hatte die Bochumer Hilfe in der ersten Halbzeit dringend n\u00f6tig, denn trotz mehr als 70 Prozent Ballbesitz erspielten sich die Schwaben nicht eine zwingende Torchance.<\/p>\n<p class=\"text_ohne_einzug richtext text-em-55 !leading-serif mx-6 desktop:mx-0\">Kurz nach der Pause sorgte Deniz Undav f\u00fcr die Entscheidung (47.). Es war das achte Tor des Nationalspielers in den letzten sechs Pflichtspielen. W\u00e4hrend Stuttgart zum vierten Mal in Folge das Viertelfinale erreichte, kassierte <a href=\"https:\/\/rp-online.de\/thema\/bochum\/\" rel=\"nofollow noopener\" target=\"_blank\">Bochum<\/a> erst die zweite Niederlage im achten Spiel unter dem neuen Trainer Uwe R\u00f6sler.<\/p>\n<p>SC Freiburg &#8211; SV Darmstadt 2:0 (1:0)      <\/p>\n<p class=\"richtext text-em-55 !leading-serif mx-6 desktop:mx-0\">Angef\u00fchrt von Standardspezialist <a href=\"https:\/\/rp-online.de\/thema\/vincenzo-grifo\/\" rel=\"nofollow noopener\" target=\"_blank\">Vincenzo Grifo<\/a> hat der <a href=\"https:\/\/rp-online.de\/thema\/sc-freiburg\/\" rel=\"nofollow noopener\" target=\"_blank\">SC Freiburg<\/a> die Hoffnungen des <a href=\"https:\/\/rp-online.de\/thema\/sv-darmstadt-98\/\" rel=\"nofollow noopener\" target=\"_blank\">SV Darmstadt 98<\/a> auf einen Coup im <a href=\"https:\/\/rp-online.de\/thema\/dfb-pokal\/\" rel=\"nofollow noopener\" target=\"_blank\">DFB-Pokal<\/a> abrupt beendet und souver\u00e4n das Viertelfinale erreicht. Die favorisierten S\u00fcdbadener von Trainer Julian Schuster setzten sich mit 2:0 (1:0) gegen den Zweitligisten durch.<\/p>\n<p class=\"richtext text-em-55 !leading-serif mx-6 desktop:mx-0\">Grifo traf dabei zun\u00e4chst mit einem pr\u00e4zise und wuchtig verwandelten Foulelfmeter in den Winkel (42. Minute). Dann bereitete der Fl\u00fcgelspieler den zweiten Treffer von Lucas H\u00f6ler (69.) und damit die Entscheidung zugunsten des Bundesligisten vor. Einen noch deutlicheren Erfolg vergab der 32-J\u00e4hrige, als er mit einem zweiten Foulelfmeter an der Latte scheiterte (84.).<\/p>\n<p>Hamburger SV &#8211; Holstein Kiel 1:1 (0:0) n.V., 2:4 i.E.      <\/p>\n<p class=\"text_ohne_einzug richtext text-em-55 !leading-serif mx-6 desktop:mx-0\">Bitteres Ende f\u00fcr den <a href=\"https:\/\/rp-online.de\/thema\/hamburger-sv\/\" rel=\"nofollow noopener\" target=\"_blank\">Hamburger SV<\/a> in einem turbulenten Pokalkrimi: Das Team von Trainer Merlin Polzin ist \u00fcberraschend im Achtelfinale des DFB-Pokals an <a href=\"https:\/\/rp-online.de\/thema\/holstein-kiel\/\" rel=\"nofollow noopener\" target=\"_blank\">Holstein Kiel<\/a> gescheitert. Drei Tage nach dem emotionalen Last-Minute-Sieg gegen den VfB Stuttgart unterlagen die Hanseaten dem Zweitligisten mit 2:4 nach Elfmeterschie\u00dfen. Nach 120 Minuten hatte es 1:1 (0:0) gestanden.<\/p>\n<p class=\"text_ohne_einzug richtext text-em-55 !leading-serif mx-6 desktop:mx-0\">Nach 90 zwar unterhaltsamen aber torlosen Minuten war es in der Verl\u00e4ngerung so richtig zur Sache gegangen. Erst traf ausgerechnet der zuletzt nicht ber\u00fccksichtigte Bakery Jatta zur HSV-F\u00fchrung (107.), dann rettete ein Freisto\u00df von Phil Harres <a href=\"https:\/\/rp-online.de\/thema\/kiel\/\" rel=\"nofollow noopener\" target=\"_blank\">Kiel<\/a> ins Elfmeterschie\u00dfen (118.). Harres traf auch entscheidend vom Punkt.<\/p>\n","protected":false},"excerpt":{"rendered":"VfL Bochum &#8211; VfB Stuttgart 0:2 (0:1) Erst ein Eigentor, dann die Rote Karte: Der Bochumer Philipp Strompf&hellip;\n","protected":false},"author":2,"featured_media":621514,"comment_status":"","ping_status":"","sticky":false,"template":"","format":"standard","meta":{"footnotes":""},"categories":[1839],"tags":[7507,3364,29,13095,295,30,1209,147258,1441],"class_list":{"0":"post-621513","1":"post","2":"type-post","3":"status-publish","4":"format-standard","5":"has-post-thumbnail","7":"category-bochum","8":"tag-bochum","9":"tag-de","10":"tag-deutschland","11":"tag-eigentor","12":"tag-freiburg","13":"tag-germany","14":"tag-nordrhein-westfalen","15":"tag-strompf","16":"tag-stuttgart"},"share_on_mastodon":{"url":"https:\/\/pubeurope.com\/@de\/115658415503993822","error":""},"_links":{"self":[{"href":"https:\/\/www.europesays.com\/de\/wp-json\/wp\/v2\/posts\/621513","targetHints":{"allow":["GET"]}}],"collection":[{"href":"https:\/\/www.europesays.com\/de\/wp-json\/wp\/v2\/posts"}],"about":[{"href":"https:\/\/www.europesays.com\/de\/wp-json\/wp\/v2\/types\/post"}],"author":[{"embeddable":true,"href":"https:\/\/www.europesays.com\/de\/wp-json\/wp\/v2\/users\/2"}],"replies":[{"embeddable":true,"href":"https:\/\/www.europesays.com\/de\/wp-json\/wp\/v2\/comments?post=621513"}],"version-history":[{"count":0,"href":"https:\/\/www.europesays.com\/de\/wp-json\/wp\/v2\/posts\/621513\/revisions"}],"wp:featuredmedia":[{"embeddable":true,"href":"https:\/\/www.europesays.com\/de\/wp-json\/wp\/v2\/media\/621514"}],"wp:attachment":[{"href":"https:\/\/www.europesays.com\/de\/wp-json\/wp\/v2\/media?parent=621513"}],"wp:term":[{"taxonomy":"category","embeddable":true,"href":"https:\/\/www.europesays.com\/de\/wp-json\/wp\/v2\/categories?post=621513"},{"taxonomy":"post_tag","embeddable":true,"href":"https:\/\/www.europesays.com\/de\/wp-json\/wp\/v2\/tags?post=621513"}],"curies":[{"name":"wp","href":"https:\/\/api.w.org\/{rel}","templated":true}]}}