{"id":621519,"date":"2025-12-04T00:17:12","date_gmt":"2025-12-04T00:17:12","guid":{"rendered":"https:\/\/www.europesays.com\/de\/621519\/"},"modified":"2025-12-04T00:17:12","modified_gmt":"2025-12-04T00:17:12","slug":"us-militaer-in-der-karibik-familie-von-kolumbianer-wirft-usa-aussergerichtliche-hinrichtung-vor","status":"publish","type":"post","link":"https:\/\/www.europesays.com\/de\/621519\/","title":{"rendered":"US-Milit\u00e4r in der Karibik: Familie von Kolumbianer wirft USA au\u00dfergerichtliche Hinrichtung vor"},"content":{"rendered":"<p class=\"paragraph article__item\">Die <a class=\"rtr-entity\" href=\"https:\/\/www.zeit.de\/familie\/index\" target=\"_blank\" rel=\"noopener\">Familie<\/a> eines bei einem Milit\u00e4rangriff <a href=\"https:\/\/www.zeit.de\/politik\/ausland\/2025-12\/usa-lateinamerika-einfluss-donald-trump-5vor8\" class=\"\" target=\"_blank\" rel=\"noopener\">in der Karibik<\/a> get\u00f6teten\u00a0Kolumbianers\u00a0hat\u00a0bei einem internationalen Gremium zum Schutz der Menschenrechte eine\u00a0Beschwerde gegen die US-Regierung eingelegt. Durch den US-Angriff seien die Menschenrechte des get\u00f6teten Alejandro Carranza Medin verletzt worden, darunter seine Rechte auf Leben und auf ein ordnungsgem\u00e4\u00dfes Verfahren, hei\u00dft es in der Beschwerde. Das meldeten die Nachrichtenagentur AFP und der britische <a href=\"https:\/\/www.theguardian.com\/world\/2025\/dec\/02\/trump-caribbean-drug-boat-attack-complaint\" class=\"\" target=\"_blank\" rel=\"noopener\">Guardian<\/a>.\n<\/p>\n<p class=\"paragraph article__item\">Die US-Streitkr\u00e4fte haben seit September in der Karibik und im \u00f6stlichen Pazifik zahlreiche Boote angegriffen, auf denen angeblich Drogen in die <a class=\"rtr-entity\" href=\"https:\/\/www.zeit.de\/thema\/usa\" target=\"_blank\" rel=\"noopener\">USA<\/a> geschmuggelt werden sollten.\u00a0Dabei wurden laut einer AFP-Z\u00e4hlung mehr als 80 Menschen get\u00f6tet.\u00a0Der 42-j\u00e4hrige Carranza ist bei einem Angriff am 15. September gestorben.\u00a0Seine Familie bestreitet, dass der Mann in den Drogenhandel verwickelt war.\u00a0\n<\/p>\n<p class=\"paragraph article__item\">Carranza sei als Fischer auf offener See seinem Beruf nachgegangen, als er von der US-Armee get\u00f6tet wurde, teilen die Angeh\u00f6rigen in der\u00a0Beschwerde gegen\u00fcber\u00a0der Interamerikanischen Kommission zu Menschenrechten (IAHCR) mit. Das\u00a0in Washington, D. C. ans\u00e4ssige\u00a0Gremium ist eine autonome Einrichtung innerhalb der Organisation Amerikanischer Staaten (OAS), der 35 L\u00e4nder Nord- und Lateinamerikas sowie der <a class=\"rtr-entity\" href=\"https:\/\/www.zeit.de\/thema\/karibik\" target=\"_blank\" rel=\"noopener\">Karibik<\/a> angeh\u00f6ren, darunter auch die USA.\n<\/p>\n<p>        Vorw\u00fcrfe gegen Verteidigungsminister Hegseth        <\/p>\n<p class=\"paragraph article__item\">In dem Schreiben machen die Hinterbliebenen auch\u00a0US-Verteidigungsminister <a class=\"rtr-entity\" href=\"https:\/\/www.zeit.de\/thema\/pete-hegseth\" target=\"_blank\" rel=\"noopener\">Pete Hegseth<\/a> schwere Vorw\u00fcrfe. Dieser\u00a0habe die Befehle zu &#8222;au\u00dfergerichtlichen T\u00f6tungen&#8220; von Menschen in den Booten erteilt, obwohl er die Identit\u00e4t dieser Menschen nicht gekannt habe, schreiben sie. Der linksgerichtete kolumbianische Pr\u00e4sident Gustavo Petro\u00a0hat sich\u00a0mit Carranzas Familie solidarisiert und\u00a0die Angriffe ebenfalls als &#8222;au\u00dfergerichtliche Hinrichtungen&#8220; angeprangert.\n<\/p>\n<p>                            \u00a9\u00a0Lea Dohle<\/p>\n<p>\n                                        Newsletter<br \/>\n                                        Was jetzt? \u2013 Der t\u00e4gliche Morgen\u00fcberblick<\/p>\n<p class=\"newsletter-signup__text\">Starten Sie mit unserem kurzen Nachrichten-Newsletter in den Tag. Erhalten Sie zudem freitags das digitale Magazin ZEIT am Wochenende.<\/p>\n<p class=\"newsletter-signup__datapolicy\" hidden=\"\">\n            Mit Ihrer Registrierung nehmen Sie die <a href=\"https:\/\/datenschutz.zeit.de\/zon#Newsletter\" target=\"_blank\" rel=\"noopener\">Datenschutzerkl\u00e4rung<\/a> zur Kenntnis.\n        <\/p>\n<p>    Vielen Dank! Wir haben Ihnen eine E-Mail geschickt.<\/p>\n<p>Pr\u00fcfen Sie Ihr Postfach und best\u00e4tigen Sie das Newsletter-Abonnement.<\/p>\n<p class=\"paragraph article__item\">Hegseth steht derzeit <a href=\"https:\/\/www.zeit.de\/politik\/ausland\/2025-11\/us-armee-ueberlebende-angriff-boot-drogen-karibik-gezielt-getoetet-berichte\" class=\"\" target=\"_blank\" rel=\"noopener\">wegen Medienberichten<\/a> \u00fcber sein Vorgehen bei einem Angriff im September <a href=\"https:\/\/www.zeit.de\/politik\/ausland\/2025-12\/pete-hegseth-kriegsverbrechen-venezuela-boote-angriffe\" class=\"\" target=\"_blank\" rel=\"noopener\">unter Druck<\/a>. Demnach sollen\u00a0zwei \u00dcberlebende eines Raketenangriffs auf ein Boot bei einem weiteren Beschuss get\u00f6tet worden sein. Hegseth soll zuvor angeordnet haben, alle Bootsinsassen zu t\u00f6ten.\u00a0\n<\/p>\n<p class=\"paragraph article__item\">Der Minister streitet <a href=\"https:\/\/www.zeit.de\/politik\/ausland\/2025-12\/pete-hegseth-karibik-boot-voelkerrecht-vorwurf\" class=\"\" target=\"_blank\" rel=\"noopener\">die Vorw\u00fcrfe ab<\/a>, die US-Regierung <a href=\"https:\/\/www.zeit.de\/politik\/ausland\/2025-12\/usa-donald-trump-beratungen-sicherheitsstab-venezuela\" class=\"\" target=\"_blank\" rel=\"noopener\">stellte sich hinter ihn<\/a>. Allerdings gibt es mittlerweile auch Kritik aus Reihen der republikanischen Partei. Zudem \u00e4u\u00dfern Menschenrechtsexperten schon l\u00e4nger Zweifel an der Rechtm\u00e4\u00dfigkeit des US-Vorgehens in der Karibik. Frankreich <a href=\"https:\/\/www.zeit.de\/politik\/ausland\/2025-11\/frankreich-grossbritannien-besorgt-usa-karibik-luftschlaege\" class=\"\" target=\"_blank\" rel=\"noopener\">warf den USA einen V\u00f6lkerrechtsbruch vor.\u00a0<\/a>\n<\/p>\n<p>                        Trump schlie\u00dft Vorgehen gegen Kolumbien nicht aus        <\/p>\n<p class=\"paragraph article__item\">Die USA haben in den vergangenen Wochen ihre Milit\u00e4rpr\u00e4senz in der Karibik ausgeweitet. Der linksnationalistische Staatschef von Venezuela, Nicol\u00e1s Maduro, bezeichnet den von den USA angef\u00fchrten Kampf gegen den Drogenschmuggel als Vorwand und warnt vor einem Angriff auf sein Land mit dem Ziel, ihn und <a href=\"https:\/\/www.zeit.de\/politik\/ausland\/2025-10\/usa-venezuela-bombenangriffe-trump-rubio-maduro-drogen-gxe\" class=\"\" target=\"_blank\" rel=\"noopener\">seine Regierung zu st\u00fcrzen<\/a>.\u00a0Trump genehmigte unter anderem verdeckte Eins\u00e4tze seines Auslandsgeheimdienstes CIA in Venezuela und behauptete, der Luftraum <a href=\"https:\/\/www.zeit.de\/politik\/ausland\/2025-11\/donald-trump-luftraum-venezuela-geschlossen-gxe\" class=\"\" target=\"_blank\" rel=\"noopener\">\u00fcber dem Land sei geschlossen.\u00a0<\/a>\n<\/p>\n<p class=\"paragraph article__item\">Am Dienstag weitete der US-Pr\u00e4sident seine Warnung aus.\u00a0Er habe geh\u00f6rt, dass Kolumbien in Fabriken Kokain herstelle, das dann in die USA verkauft werde, sagte Trump nach einer Kabinettssitzung vor Reportern. &#8222;Jeder, der das tut und es in unser Land verkauft, muss mit Angriffen rechnen.&#8220; Auf Nachfrage, wen das betreffe, sagte er: &#8222;Nicht nur Venezuela.&#8220;\u00a0\n<\/p>\n<p class=\"paragraph article__item\">Kolumbiens Pr\u00e4sident Petro warnte Trump daraufhin, er solle die Souver\u00e4nit\u00e4t seines Landes nicht bedrohen. &#8222;Angriffe auf unsere Souver\u00e4nit\u00e4t sind eine Kriegserkl\u00e4rung&#8220;, schrieb er in sozialen Netzwerken.\u00a0\n<\/p>\n<p>            USA und Lateinamerika        <\/p>\n<p>Mehr zum Thema<\/p>\n<p>                <a href=\"https:\/\/www.zeit.de\/kultur\/2025-11\/usa-venezuela-konflikt-donald-trump-nicolas-maduro-britta-crandall\" data-ct-label=\"Konflikt zwischen USA und Venezuela: &quot;Krieg gegen Venezuela ist nicht der beste Weg zum Friedensnobelpreis&quot;\" target=\"_blank\" rel=\"noopener\"><\/p>\n<p>        Z+ (abopflichtiger Inhalt);<\/p>\n<p>    Konflikt zwischen USA und Venezuela:<br \/>\n                        &#8222;Krieg gegen Venezuela ist nicht der beste Weg zum Friedensnobelpreis&#8220;<\/p>\n<p>                <\/a><\/p>\n<p>                <a href=\"https:\/\/www.zeit.de\/politik\/ausland\/2025-12\/usa-lateinamerika-einfluss-donald-trump-5vor8\" data-ct-label=\"Lateinamerika: Der neue Hinterhof des Donald Trump\" target=\"_blank\" rel=\"noopener\"><\/p>\n<p>        Z+ (abopflichtiger Inhalt);<\/p>\n<p>    Lateinamerika:<br \/>\n                        Der neue Hinterhof des Donald Trump<\/p>\n<p>                <\/a><\/p>\n<p>                <a href=\"https:\/\/www.zeit.de\/politik\/ausland\/2025-12\/pete-hegseth-kriegsverbrechen-venezuela-boote-angriffe\" data-ct-label=\"Pete Hegseth: War&#039;s das f\u00fcr den Kriegsminister?\" target=\"_blank\" rel=\"noopener\"><\/p>\n<p>        Z+ (abopflichtiger Inhalt);<\/p>\n<p>    Pete Hegseth:<br \/>\n                        War&#8217;s das f\u00fcr den Kriegsminister?<\/p>\n<p>                <\/a><\/p>\n","protected":false},"excerpt":{"rendered":"Die Familie eines bei einem Milit\u00e4rangriff in der Karibik get\u00f6teten\u00a0Kolumbianers\u00a0hat\u00a0bei einem internationalen Gremium zum Schutz der Menschenrechte eine\u00a0Beschwerde&hellip;\n","protected":false},"author":2,"featured_media":621520,"comment_status":"","ping_status":"","sticky":false,"template":"","format":"standard","meta":{"footnotes":""},"categories":[3977],"tags":[331,332,127305,31541,59167,13,13132,47040,14,15,651,649,16,12,4017,4018,4016,14953,147263,64,1700,4019,4020],"class_list":{"0":"post-621519","1":"post","2":"type-post","3":"status-publish","4":"format-standard","5":"has-post-thumbnail","7":"category-usa","8":"tag-aktuelle-nachrichten","9":"tag-aktuelle-news","10":"tag-alejandro-carranza","11":"tag-guardian-media-group","12":"tag-gustavo-petro","13":"tag-headlines","14":"tag-karibik","15":"tag-kolumbien","16":"tag-nachrichten","17":"tag-news","18":"tag-pazifik","19":"tag-pete-hegseth","20":"tag-politik","21":"tag-schlagzeilen","22":"tag-united-states","23":"tag-united-states-of-america","24":"tag-us","25":"tag-us-militaer","26":"tag-us-militaer-in-der-karibik","27":"tag-usa","28":"tag-venezuela","29":"tag-vereinigte-staaten","30":"tag-vereinigte-staaten-von-amerika"},"share_on_mastodon":{"url":"https:\/\/pubeurope.com\/@de\/115658427501107146","error":""},"_links":{"self":[{"href":"https:\/\/www.europesays.com\/de\/wp-json\/wp\/v2\/posts\/621519","targetHints":{"allow":["GET"]}}],"collection":[{"href":"https:\/\/www.europesays.com\/de\/wp-json\/wp\/v2\/posts"}],"about":[{"href":"https:\/\/www.europesays.com\/de\/wp-json\/wp\/v2\/types\/post"}],"author":[{"embeddable":true,"href":"https:\/\/www.europesays.com\/de\/wp-json\/wp\/v2\/users\/2"}],"replies":[{"embeddable":true,"href":"https:\/\/www.europesays.com\/de\/wp-json\/wp\/v2\/comments?post=621519"}],"version-history":[{"count":0,"href":"https:\/\/www.europesays.com\/de\/wp-json\/wp\/v2\/posts\/621519\/revisions"}],"wp:featuredmedia":[{"embeddable":true,"href":"https:\/\/www.europesays.com\/de\/wp-json\/wp\/v2\/media\/621520"}],"wp:attachment":[{"href":"https:\/\/www.europesays.com\/de\/wp-json\/wp\/v2\/media?parent=621519"}],"wp:term":[{"taxonomy":"category","embeddable":true,"href":"https:\/\/www.europesays.com\/de\/wp-json\/wp\/v2\/categories?post=621519"},{"taxonomy":"post_tag","embeddable":true,"href":"https:\/\/www.europesays.com\/de\/wp-json\/wp\/v2\/tags?post=621519"}],"curies":[{"name":"wp","href":"https:\/\/api.w.org\/{rel}","templated":true}]}}