{"id":621524,"date":"2025-12-04T00:20:32","date_gmt":"2025-12-04T00:20:32","guid":{"rendered":"https:\/\/www.europesays.com\/de\/621524\/"},"modified":"2025-12-04T00:20:32","modified_gmt":"2025-12-04T00:20:32","slug":"wie-cpi-europe-ag-uniqa-wienerberger-porr-verbund-und-strabag-fuer-gespraechsstoff-im-atx-sorgten","status":"publish","type":"post","link":"https:\/\/www.europesays.com\/de\/621524\/","title":{"rendered":"Wie CPI Europe AG, Uniqa, Wienerberger, Porr, Verbund und Strabag f\u00fcr Gespr\u00e4chsstoff im ATX sorgten"},"content":{"rendered":"<p>  03.12.2025,<br \/>\n    573 Zeichen<br \/>\n<br clear=\"all\"\/><\/p>\n<p><b>ATX:<\/b> -0,42%<\/p>\n<p>Social Comments zu den Gewinnern\/Verlierern<\/p>\n<p>\n BSN Podcasts\n<\/p>\n<p><a href=\"https:\/\/audio-cd.at\/page\/podcast\/8161\/\" style=\"text-decoration:none;line-height:1px;font-size:14px;color:#333\" target=\"_blank\" rel=\"noopener\"><br \/>\n      <b>Christian Drastil: Wiener B\u00f6rse Plausch<\/b><br \/>\n      <img decoding=\"async\" src=\"https:\/\/www.europesays.com\/de\/wp-content\/uploads\/2025\/12\/1764807620_525_100.jpeg\" style=\"width:50px; float:left;margin-right:10px;margin-top:2px\"\/><\/p>\n<p style=\"font-size:14px;margin-bottom:0;font-weight:normal;margin-top:6px;line-height:13px\">kapitalmarkt-stimme.at daily voice: Trump ist erster 2fach-Champion an der Wiener B\u00f6rse, \u00dcbergewinnsteuer bleibt aber das B\u00f6seste\n        <\/p>\n<p>      <\/a><\/p>\n<p>\u00a0<\/p>\n<p>    <br clear=\"all\"\/><br \/>\n        Bildnachweis<\/p>\n<p style=\"font-size:12px;margin-bottom:8px\">\n          1.<br \/>\n          Porr am 3.12. 1,57%, Volumen 135% normaler Tage <\/p>\n<p style=\"font-size:12px;margin-bottom:8px\">\n          2.<br \/>\n          Verbund am 3.12. 1,19%, Volumen 67% normaler Tage <\/p>\n<p style=\"font-size:12px;margin-bottom:8px\">\n          3.<br \/>\n          Strabag am 3.12. 1,16%, Volumen 114% normaler Tage <\/p>\n<p style=\"font-size:12px;margin-bottom:8px\">\n          4.<br \/>\n          Wienerberger am 3.12. -2,24%, Volumen 93% normaler Tage <\/p>\n<p style=\"font-size:12px;margin-bottom:8px\">\n          5.<br \/>\n          Uniqa am 3.12. -2,26%, Volumen 90% normaler Tage <\/p>\n<p style=\"font-size:12px;margin-bottom:8px\">\n          6.<br \/>\n          CPI Europe AG am 3.12. -2,88%, Volumen 118% normaler Tage <\/p>\n<p><a href=\"https:\/\/boerse-social.com\/radar\/03.12.2025\" target=\"_blank\" rel=\"noopener\"><\/p>\n<p><b style=\"color:#333\">Aktien auf dem Radar:<\/b>FACC, Kapsch TrafficCom, Zumtobel, Austriacard Holdings AG, OMV, Bawag, EVN, Porr, Strabag, Wolford, CPI Europe AG, Pierer Mobility, VIG, CA Immo, Rath AG, Wolftank-Adisa, Wiener Privatbank, Oberbank AG Stamm, Addiko Bank, Amag, Flughafen Wien, \u00d6sterreichische Post, Polytec Group, Telekom Austria.\n    <\/p>\n<p><\/a> <\/p>\n<p>  <a href=\"https:\/\/boerse-social.com\/partner\" target=\"_blank\" rel=\"noopener\">Random Partner<\/a><\/p>\n<p>            <a href=\"https:\/\/www.amag-al4u.com\" target=\"_blank\" style=\"border:0\" rel=\"noopener\"><br \/>\n                <img decoding=\"async\" src=\"https:\/\/www.europesays.com\/de\/wp-content\/uploads\/2025\/06\/1749739593_800_200.jpeg\" style=\"width:100px;\"\/><br \/>\n            <\/a><\/p>\n<p class=\"content\">\n            <a href=\"https:\/\/www.amag-al4u.com\" target=\"_blank\" rel=\"noopener\"><b style=\"font-weight:500;border-bottom:1px dotted #999\">AMAG Austria Metall AG<\/b><\/a><br \/>Die AMAG Austria Metall AG produziert Prim\u00e4raluminium und Premium-Guss- und Walzprodukte.<br \/>\nIm integrierten Werk in Ranshofen, \u00d6sterreich werden die Kernkompetenzen im Recycling, Gie\u00dfen, Walzen, W\u00e4rmebehandeln und Oberfl\u00e4chenveredeln kombiniert.\n        <\/p>\n<p style=\"padding-left:8px\">&gt;&gt; Besuchen Sie 62 weitere Partner auf <a href=\"http:\/\/boerse-social.com\/partner\" style=\"border-bottom:1px dotted #999\" target=\"_blank\" rel=\"noopener\">boerse-social.com\/partner<\/a><\/p>\n<p><br clear=\"all\"\/><\/p>\n<p>      <a href=\"#\" target=\"_blank\" style=\"border:0\" data-overlayer=\"effect:bottom;invert:on;overlaySelector:.overlay_bild\"><br \/>\n      <img decoding=\"async\" src=\"https:\/\/www.europesays.com\/de\/wp-content\/uploads\/2025\/12\/1764807623_743_1024;.jpeg\" data-retina=\"https:\/\/boerse-social.com\/media\/Content\/CD_Image\/image\/277834\/scalex\/2048;\"\/><\/p>\n<p>        Porr am 3.12. 1,57%, Volumen 135% normaler Tage\n      <\/p>\n<p>    <\/a><\/p>\n<p><a href=\"#\" target=\"_blank\" style=\"border:0\" data-overlayer=\"effect:bottom;invert:on;overlaySelector:.overlay_bild\"><br \/>\n      <img decoding=\"async\" src=\"https:\/\/www.europesays.com\/de\/wp-content\/uploads\/2025\/12\/1764807625_12_1024;.jpeg\" data-retina=\"https:\/\/boerse-social.com\/media\/Content\/CD_Image\/image\/277835\/scalex\/2048;\"\/><\/p>\n<p>        Verbund am 3.12. 1,19%, Volumen 67% normaler Tage\n      <\/p>\n<p>    <\/a>\n    <\/p>\n<p><a href=\"#\" target=\"_blank\" style=\"border:0\" data-overlayer=\"effect:bottom;invert:on;overlaySelector:.overlay_bild\"><br \/>\n      <img decoding=\"async\" src=\"https:\/\/www.europesays.com\/de\/wp-content\/uploads\/2025\/12\/1764807627_98_1024;.jpeg\" data-retina=\"https:\/\/boerse-social.com\/media\/Content\/CD_Image\/image\/277836\/scalex\/2048;\"\/><\/p>\n<p>        Strabag am 3.12. 1,16%, Volumen 114% normaler Tage\n      <\/p>\n<p>    <\/a>\n    <\/p>\n<p><a href=\"#\" target=\"_blank\" style=\"border:0\" data-overlayer=\"effect:bottom;invert:on;overlaySelector:.overlay_bild\"><br \/>\n      <img decoding=\"async\" src=\"https:\/\/www.europesays.com\/de\/wp-content\/uploads\/2025\/12\/1764807628_384_1024;.jpeg\" data-retina=\"https:\/\/boerse-social.com\/media\/Content\/CD_Image\/image\/277837\/scalex\/2048;\"\/><\/p>\n<p>        Wienerberger am 3.12. -2,24%, Volumen 93% normaler Tage\n      <\/p>\n<p>    <\/a>\n    <\/p>\n<p><a href=\"#\" target=\"_blank\" style=\"border:0\" data-overlayer=\"effect:bottom;invert:on;overlaySelector:.overlay_bild\"><br \/>\n      <img decoding=\"async\" src=\"https:\/\/www.europesays.com\/de\/wp-content\/uploads\/2025\/12\/1764807630_725_1024;.jpeg\" data-retina=\"https:\/\/boerse-social.com\/media\/Content\/CD_Image\/image\/277838\/scalex\/2048;\"\/><\/p>\n<p>        Uniqa am 3.12. -2,26%, Volumen 90% normaler Tage\n      <\/p>\n<p>    <\/a>\n    <\/p>\n<p><a href=\"#\" target=\"_blank\" style=\"border:0\" data-overlayer=\"effect:bottom;invert:on;overlaySelector:.overlay_bild\"><br \/>\n      <img decoding=\"async\" src=\"https:\/\/www.europesays.com\/de\/wp-content\/uploads\/2025\/12\/1764807632_199_1024;.jpeg\" data-retina=\"https:\/\/boerse-social.com\/media\/Content\/CD_Image\/image\/277839\/scalex\/2048;\"\/><\/p>\n<p>        CPI Europe AG am 3.12. -2,88%, Volumen 118% normaler Tage\n      <\/p>\n<p>    <\/a>\n    <\/p>\n","protected":false},"excerpt":{"rendered":"03.12.2025, 573 Zeichen ATX: -0,42% Social Comments zu den Gewinnern\/Verlierern BSN Podcasts Christian Drastil: Wiener B\u00f6rse Plausch kapitalmarkt-stimme.at&hellip;\n","protected":false},"author":2,"featured_media":621525,"comment_status":"","ping_status":"","sticky":false,"template":"","format":"standard","meta":{"footnotes":""},"categories":[3933],"tags":[11554,331,332,18099,18112,548,663,158,3934,3935,13,14,15,18102,12403,118418,12,18101,116254,120007,18100,57211,57212,26019,19978,9833,38930],"class_list":{"0":"post-621524","1":"post","2":"type-post","3":"status-publish","4":"format-standard","5":"has-post-thumbnail","7":"category-eu","8":"tag-aktie","9":"tag-aktuelle-nachrichten","10":"tag-aktuelle-news","11":"tag-atx","12":"tag-cpi","13":"tag-eu","14":"tag-europa","15":"tag-europaeische-union","16":"tag-europe","17":"tag-european-union","18":"tag-headlines","19":"tag-nachrichten","20":"tag-news","21":"tag-perf","22":"tag-porr","23":"tag-pos","24":"tag-schlagzeilen","25":"tag-sk","26":"tag-str","27":"tag-strabag","28":"tag-symbol","29":"tag-uniqa","30":"tag-uqa","31":"tag-ver","32":"tag-verbund","33":"tag-wie","34":"tag-wienerberger"},"share_on_mastodon":{"url":"https:\/\/pubeurope.com\/@de\/115658439905875400","error":""},"_links":{"self":[{"href":"https:\/\/www.europesays.com\/de\/wp-json\/wp\/v2\/posts\/621524","targetHints":{"allow":["GET"]}}],"collection":[{"href":"https:\/\/www.europesays.com\/de\/wp-json\/wp\/v2\/posts"}],"about":[{"href":"https:\/\/www.europesays.com\/de\/wp-json\/wp\/v2\/types\/post"}],"author":[{"embeddable":true,"href":"https:\/\/www.europesays.com\/de\/wp-json\/wp\/v2\/users\/2"}],"replies":[{"embeddable":true,"href":"https:\/\/www.europesays.com\/de\/wp-json\/wp\/v2\/comments?post=621524"}],"version-history":[{"count":0,"href":"https:\/\/www.europesays.com\/de\/wp-json\/wp\/v2\/posts\/621524\/revisions"}],"wp:featuredmedia":[{"embeddable":true,"href":"https:\/\/www.europesays.com\/de\/wp-json\/wp\/v2\/media\/621525"}],"wp:attachment":[{"href":"https:\/\/www.europesays.com\/de\/wp-json\/wp\/v2\/media?parent=621524"}],"wp:term":[{"taxonomy":"category","embeddable":true,"href":"https:\/\/www.europesays.com\/de\/wp-json\/wp\/v2\/categories?post=621524"},{"taxonomy":"post_tag","embeddable":true,"href":"https:\/\/www.europesays.com\/de\/wp-json\/wp\/v2\/tags?post=621524"}],"curies":[{"name":"wp","href":"https:\/\/api.w.org\/{rel}","templated":true}]}}