{"id":621538,"date":"2025-12-04T00:32:21","date_gmt":"2025-12-04T00:32:21","guid":{"rendered":"https:\/\/www.europesays.com\/de\/621538\/"},"modified":"2025-12-04T00:32:21","modified_gmt":"2025-12-04T00:32:21","slug":"nikolaus-seilt-sich-mit-geschenken-vom-dach-ab","status":"publish","type":"post","link":"https:\/\/www.europesays.com\/de\/621538\/","title":{"rendered":"Nikolaus seilt sich mit Geschenken vom Dach ab"},"content":{"rendered":"<p class=\"text_ohne_einzug richtext text-em-55 !leading-serif mx-6 desktop:mx-0\">F\u00fcr Eltern muss es eine der schlimmsten Vorstellungen \u00fcberhaupt sein: Das eigene Kind liegt im Krankenhaus. Und dann auch noch in der Kardiologie, bei den Experten f\u00fcr Herzkrankheiten, die sich unter anderem um Rhythmusst\u00f6rungen und angeborene Herzfehler k\u00fcmmern. Regelm\u00e4\u00dfig versuchen Krankenh\u00e4user und Kliniken deshalb, gerade in der Adventszeit den kleinen Patienten eine Freude zu machen.<\/p>\n","protected":false},"excerpt":{"rendered":"F\u00fcr Eltern muss es eine der schlimmsten Vorstellungen \u00fcberhaupt sein: Das eigene Kind liegt im Krankenhaus. Und dann&hellip;\n","protected":false},"author":2,"featured_media":621539,"comment_status":"","ping_status":"","sticky":false,"template":"","format":"standard","meta":{"footnotes":""},"categories":[1838],"tags":[3364,29,3715,30,55178,1209,147266,147265],"class_list":{"0":"post-621538","1":"post","2":"type-post","3":"status-publish","4":"format-standard","5":"has-post-thumbnail","7":"category-duisburg","8":"tag-de","9":"tag-deutschland","10":"tag-duisburg","11":"tag-germany","12":"tag-nikolaus","13":"tag-nordrhein-westfalen","14":"tag-rheinalpin","15":"tag-seilte"},"share_on_mastodon":{"url":"https:\/\/pubeurope.com\/@de\/115658486217207206","error":""},"_links":{"self":[{"href":"https:\/\/www.europesays.com\/de\/wp-json\/wp\/v2\/posts\/621538","targetHints":{"allow":["GET"]}}],"collection":[{"href":"https:\/\/www.europesays.com\/de\/wp-json\/wp\/v2\/posts"}],"about":[{"href":"https:\/\/www.europesays.com\/de\/wp-json\/wp\/v2\/types\/post"}],"author":[{"embeddable":true,"href":"https:\/\/www.europesays.com\/de\/wp-json\/wp\/v2\/users\/2"}],"replies":[{"embeddable":true,"href":"https:\/\/www.europesays.com\/de\/wp-json\/wp\/v2\/comments?post=621538"}],"version-history":[{"count":0,"href":"https:\/\/www.europesays.com\/de\/wp-json\/wp\/v2\/posts\/621538\/revisions"}],"wp:featuredmedia":[{"embeddable":true,"href":"https:\/\/www.europesays.com\/de\/wp-json\/wp\/v2\/media\/621539"}],"wp:attachment":[{"href":"https:\/\/www.europesays.com\/de\/wp-json\/wp\/v2\/media?parent=621538"}],"wp:term":[{"taxonomy":"category","embeddable":true,"href":"https:\/\/www.europesays.com\/de\/wp-json\/wp\/v2\/categories?post=621538"},{"taxonomy":"post_tag","embeddable":true,"href":"https:\/\/www.europesays.com\/de\/wp-json\/wp\/v2\/tags?post=621538"}],"curies":[{"name":"wp","href":"https:\/\/api.w.org\/{rel}","templated":true}]}}