{"id":621615,"date":"2025-12-04T01:23:16","date_gmt":"2025-12-04T01:23:16","guid":{"rendered":"https:\/\/www.europesays.com\/de\/621615\/"},"modified":"2025-12-04T01:23:16","modified_gmt":"2025-12-04T01:23:16","slug":"teslas-fahrassistent-ueberrascht-dieser-tesla-faehrt-besser-als-ich-leben-wissen","status":"publish","type":"post","link":"https:\/\/www.europesays.com\/de\/621615\/","title":{"rendered":"Teslas Fahrassistent \u00fcberrascht: Dieser Tesla f\u00e4hrt besser als ich | Leben &#038; Wissen"},"content":{"rendered":"<p><a class=\"skip-content skip-content--link\" href=\"#in-content-skip-link-target-v-0-0\">TTS-Player \u00fcberspringen\u21b5<\/a><a id=\"in-content-skip-link-target-v-0-0\" class=\"skip-content--target-link-hidden skip-content skip-content--target-link\" href=\"#in-content-skip-link-target-v-0-0\">Artikel weiterlesen<\/a><\/p>\n<p><b>Hat er die Baustelle vor uns erkannt? Ja. Das wei\u00dfe Tesla Model 3 setzt den Blinker, findet eine L\u00fccke, zieht vorbei. Ich sitze daneben, w\u00e4hrend wir in Berlin unterwegs sind, der Sicherheitsfahrer greift nicht ein. Der neue Fahrassistent \u00fcbernimmt bremsen, beschleunigen, lenken. Alles ruhig, ohne Rucken. <\/b><\/p>\n<p>Hauptstadtverkehr, Baustellen, Stau. Und der Wagen bleibt gelassen, als sei das v\u00f6llig normal.<\/p>\n<p>Teslas neuer Fahrassistent muss \u00fcberwacht werden<\/p>\n<p>Tesla zeigt im Dezember erstmals FSD Supervised. Ein Fahrassistent, der vieles selbst \u00fcbernimmt, aber st\u00e4ndig vom Menschen \u00fcberwacht werden muss. <\/p>\n<p>Selbst ans Steuer darf ich nicht. Vom Beifahrersitz sehe ich, wie weit das System ist. An einem Zebrastreifen bremst der Tesla fr\u00fch, weil er eine Person erkennt, die ich erst sp\u00e4ter bemerke. In engen Stra\u00dfen l\u00e4sst er andere Autos h\u00f6flich vor und nutzt dann eine freie L\u00fccke. Der Wagen reagiert \u00fcberlegt, nicht hektisch.<\/p>\n<p><img decoding=\"async\" width=\"992\" height=\"558\" alt=\"So sieht Teslas neuer Fahrassistent aus\" src=\"https:\/\/www.europesays.com\/de\/wp-content\/uploads\/2025\/12\/21fea29d52c327e8afb8858bf243b5d0,95eda08d\"   class=\"landscape\" loading=\"lazy\"\/><\/p>\n<p class=\"fig__caption__text\">So sieht Teslas neuer Fahrassistent aus<\/p>\n<p>Foto: Robin Hornig \/ AUTO BILD<\/p>\n<p>Nur einmal muss der Sicherheitsfahrer eingreifen, weil der Tesla eine umfunktionierte Einbahnstra\u00dfe falsch deutet. Der Assistent kann viel, lernt aber noch st\u00e4ndig dazu. Die Verantwortung liegt immer bei mir, nicht beim Autohersteller. Wir sprechen hier nicht vom autonomen Fahren! Und trotzdem entlastet das System enorm. Die Kameras liefern einen 360-Grad-Blick, sind nie m\u00fcde und niemals abgelenkt. Das macht sofort einen Unterschied.<\/p>\n<p>Assistent lenkt bis Tempo 140 selbst<\/p>\n<p>Bis 140 km\/h kann der Assistent selbstst\u00e4ndig lenken, bremsen, beschleunigen und Spurwechsel fahren. In den USA, China und weiteren L\u00e4ndern ist das System bereits aktiv. In Europa l\u00e4uft das Zulassungsverfahren. In den Niederlanden hat Tesla eine Ausnahmegenehmigung beantragt. Kommt die Freigabe, k\u00f6nnte FSD Supervised schon im Februar 2026 starten, per einfachem Softwareupdate auf bestehende Modelle. Typisch f\u00fcr Tesla d\u00fcrfte dieses Update kostenlos sein, ein wichtiges Verkaufsargument bei zuletzt schw\u00e4cheren Zulassungszahlen.<\/p>\n<p>Mehr zum Thema<\/p>\n<p>Das, was ich in Berlin erlebt habe, ist in China und den USA l\u00e4ngst Alltag. Dort bieten viele Hersteller weitreichende Assistenzsysteme an, die durch St\u00e4dte navigieren oder freih\u00e4ndiges Fahren auf Autobahnen erlauben. Europa h\u00e4ngt hinterher. Eine Zulassung f\u00fcr Tesla w\u00e4re ein starkes Signal und w\u00fcrde den Druck auf andere erh\u00f6hen nachzuziehen. <\/p>\n<p>Das wird dauern, denn Tesla t\u00fcftelt seit Jahren daran und hat seine Autos fr\u00fch auf hohe Rechenleistung ausgelegt. Mercedes will 2027 mit einem \u00e4hnlichen System starten, das zus\u00e4tzlich unter anderem Radar nutzt. Elon Musk geht schon den n\u00e4chsten Schritt und plant Fahrzeuge ohne Lenkrad und Pedale. Europa sollte nicht wieder der letzte Markt sein.<\/p>\n<p>Fazit<\/p>\n<p><b>Tesla FSD Supervised sieht mehr als ich. Es l\u00e4sst sich nicht ablenken und ist nie ersch\u00f6pft. Ich bilde mir ein, gut zu fahren, aber an die Rundumsicht dieses Systems komme ich nicht heran. Am st\u00e4rksten wird es, wenn beides zusammenarbeitet: meine Erfahrung und die permanente Aufmerksamkeit des Tesla.<\/b><\/p>\n","protected":false},"excerpt":{"rendered":"TTS-Player \u00fcberspringen\u21b5Artikel weiterlesen Hat er die Baustelle vor uns erkannt? Ja. Das wei\u00dfe Tesla Model 3 setzt den&hellip;\n","protected":false},"author":2,"featured_media":621616,"comment_status":"","ping_status":"","sticky":false,"template":"","format":"standard","meta":{"footnotes":""},"categories":[134],"tags":[10757,175,170,169,29,30,171,174,1361,2934,760,147279,254,45,2624,173,172],"class_list":{"0":"post-621615","1":"post","2":"type-post","3":"status-publish","4":"format-standard","5":"has-post-thumbnail","7":"category-unternehmen-maerkte","8":"tag-autonomes-fahren","9":"tag-business","10":"tag-companies","11":"tag-companies-markets","12":"tag-deutschland","13":"tag-germany","14":"tag-markets","15":"tag-maerkte","16":"tag-model-3","17":"tag-musk-elon","18":"tag-tesla","19":"tag-tesla-model-s","20":"tag-test","21":"tag-texttospeech","22":"tag-unfaelle","23":"tag-unternehmen","24":"tag-unternehmen-maerkte"},"share_on_mastodon":{"url":"https:\/\/pubeurope.com\/@de\/115658687048013489","error":""},"_links":{"self":[{"href":"https:\/\/www.europesays.com\/de\/wp-json\/wp\/v2\/posts\/621615","targetHints":{"allow":["GET"]}}],"collection":[{"href":"https:\/\/www.europesays.com\/de\/wp-json\/wp\/v2\/posts"}],"about":[{"href":"https:\/\/www.europesays.com\/de\/wp-json\/wp\/v2\/types\/post"}],"author":[{"embeddable":true,"href":"https:\/\/www.europesays.com\/de\/wp-json\/wp\/v2\/users\/2"}],"replies":[{"embeddable":true,"href":"https:\/\/www.europesays.com\/de\/wp-json\/wp\/v2\/comments?post=621615"}],"version-history":[{"count":0,"href":"https:\/\/www.europesays.com\/de\/wp-json\/wp\/v2\/posts\/621615\/revisions"}],"wp:featuredmedia":[{"embeddable":true,"href":"https:\/\/www.europesays.com\/de\/wp-json\/wp\/v2\/media\/621616"}],"wp:attachment":[{"href":"https:\/\/www.europesays.com\/de\/wp-json\/wp\/v2\/media?parent=621615"}],"wp:term":[{"taxonomy":"category","embeddable":true,"href":"https:\/\/www.europesays.com\/de\/wp-json\/wp\/v2\/categories?post=621615"},{"taxonomy":"post_tag","embeddable":true,"href":"https:\/\/www.europesays.com\/de\/wp-json\/wp\/v2\/tags?post=621615"}],"curies":[{"name":"wp","href":"https:\/\/api.w.org\/{rel}","templated":true}]}}