{"id":621617,"date":"2025-12-04T01:24:18","date_gmt":"2025-12-04T01:24:18","guid":{"rendered":"https:\/\/www.europesays.com\/de\/621617\/"},"modified":"2025-12-04T01:24:18","modified_gmt":"2025-12-04T01:24:18","slug":"juwelier-erschiesst-raeuber-und-muss-ins-gefaengnis","status":"publish","type":"post","link":"https:\/\/www.europesays.com\/de\/621617\/","title":{"rendered":"Juwelier erschie\u00dft R\u00e4uber und muss ins Gef\u00e4ngnis"},"content":{"rendered":"<p>Lange Haftstrafe <\/p>\n<p>Juwelier erschie\u00dft R\u00e4uber \u2013 Gericht sieht keine Notwehr<\/p>\n<p>03.12.2025 &#8211; 23:08 UhrLesedauer: 2 Min.<\/p>\n<p><a href=\"#focus-0\" class=\"transition-colors duration-200 block text-current relative\" data-sctrack=\"FocusGalleryImage.Reference\"><img fetchpriority=\"high\" data-testid=\"Opener.Image\" style=\"--lqipURL:url('https:\/\/images.t-online.de\/2025\/12\/gFjOCu6XrN-o\/0x149:2048x1152\/fit-in\/150x0\/filters:blur(25)\/zwei-autos-der-italienischen-polizei-und-der-carabinieri-stehen-nebeneinander-vor-einem-gebaeude.jpg')\"   loading=\"eager\" src=\"https:\/\/www.europesays.com\/de\/wp-content\/uploads\/2025\/12\/zwei-autos-der-italienischen-polizei-und-der-carabinieri-stehen-nebeneinander-vor-einem-gebaeude.jpg\" alt=\"Zwei Autos der italienischen Polizei und der Carabinieri stehen nebeneinander vor einem Geb\u00e4ude.\" title=\"Zwei Autos der italienischen Polizei und der Carabinieri stehen nebeneinander vor einem Geb\u00e4ude.\" width=\"2048\" height=\"1152\" class=\"bg-[url:var(--lqipURL)] bg-cover bg-center flex h-full w-full max-w-full\" decoding=\"async\"\/><img style=\"--width:32;--height:32\" loading=\"lazy\" src=\"https:\/\/www.t-online.de\/s\/paper\/_next\/static\/media\/zoom-in.f7dae02f.svg\" alt=\"Vergr\u00f6\u00dfern des Bildes\" title=\"Vergr\u00f6\u00dfern des Bildes\" class=\"block h-[calc(var(--height)_\/_16_*_1rem)] w-[calc(var(--width)_\/_16_*_1rem)] max-w-none absolute bottom-8 right-8 rounded-4 bg-snow p-8\" decoding=\"async\"\/><\/a><\/p>\n<p>Zwei Autos der italienischen Polizei und der Carabinieri stehen nebeneinander vor einem Geb\u00e4ude. (Quelle: Christoph Sator)<\/p>\n<p class=\"font-bold text-18 leading-17\">Ein Juwelier in Italien schie\u00dft auf zwei R\u00e4uber, die aus seinem Gesch\u00e4ft fliehen. Ein Gericht verurteilt ihn.<\/p>\n<p class=\"text-18 leading-17\">In <a class=\"transition-colors duration-200 cursor-pointer text-inherit no-underline text-salemsfur md:hover:text-magenta md:hover:border-magenta md:focus:text-magenta border-current border-b border-solid break-words\" href=\"https:\/\/www.t-online.de\/themen\/italien\/\" data-sctrack=\"BodyAnchor\" target=\"_blank\" rel=\"noopener\">Italien<\/a> ist ein Juwelier, der bei einem <a class=\"transition-colors duration-200 cursor-pointer text-inherit no-underline text-salemsfur md:hover:text-magenta md:hover:border-magenta md:focus:text-magenta border-current border-b border-solid break-words\" href=\"https:\/\/www.t-online.de\/themen\/raubueberfall\/\" data-sctrack=\"BodyAnchor\" target=\"_blank\" rel=\"noopener\">Raub\u00fcberfall<\/a> auf sein Gesch\u00e4ft zwei T\u00e4ter erschossen hatte, zu fast 15 Jahren Gef\u00e4ngnis verurteilt worden. Der heute 71 Jahre alte Mann wurde von einem Berufungsgericht in Turin f\u00fcr schuldig befunden. Aus Sicht der Richter handelte er nicht mehr in Notwehr.<\/p>\n<p class=\"text-18 leading-17\">Im April 2021 hatte eine Gruppe aus drei M\u00e4nnern das Gesch\u00e4ft in dem norditalienischen Dorf Grinzane Cavour \u00fcberfallen. Als sie mit ihrer Beute bereits wieder auf der Stra\u00dfe waren, erschoss der Besitzer zwei von ihnen. Der dritte T\u00e4ter wurde durch Sch\u00fcsse verletzt.<\/p>\n<p class=\"text-18 leading-17\">Der Fall sorgte in Italien bereits mehrfach f\u00fcr Schlagzeilen. Im Grunde geht es darum, ob der Juwelier bei dem \u00dcberfall in der 2000-Einwohner-Gemeinde Selbstjustiz ver\u00fcbte oder in Notwehr handelte. Das Berufungsgericht verh\u00e4ngte nun 14 Jahre und zehn Monate Haft. In erster Instanz war der Gesch\u00e4ftsmann sogar zu 17 Jahren Gef\u00e4ngnis verurteilt worden.<\/p>\n<p class=\"text-18 leading-17\">Der Juwelier behauptete, er habe seine Frau und seine Tochter, die sich ebenfalls in dem Gesch\u00e4ft aufhielten, zu Hilfe kommen wollen. Den Ermittlungen zufolge fielen die t\u00f6dlichen Sch\u00fcsse aber erst, als die T\u00e4ter gerade in ihr Fluchtauto steigen wollten. Vor Gericht verlas der Juwelier eine pers\u00f6nliche Erkl\u00e4rung. Darin behauptete er: &#8222;Ich hatte Angst. Ich habe geschossen, um mein Leben zu retten \u2013 nicht um zu t\u00f6ten, sondern nur, um nicht get\u00f6tet zu werden.&#8220;<\/p>\n<p class=\"text-18 leading-17\">Der Juwelier war bereits 2015 Opfer eines Raub\u00fcberfalls geworden. Damals erbeuteten die T\u00e4ter Schmuck und Bargeld im Gesamtwert von 270.000 Euro. Der Fall geht nun wahrscheinlich vor Italiens oberstes Gericht, den Kassationshof in <a class=\"transition-colors duration-200 cursor-pointer text-inherit no-underline text-salemsfur md:hover:text-magenta md:hover:border-magenta md:focus:text-magenta border-current border-b border-solid break-words\" href=\"https:\/\/www.t-online.de\/themen\/rom\/\" data-sctrack=\"BodyAnchor\" target=\"_blank\" rel=\"noopener\">Rom<\/a>. Dies ist dann die letzte Instanz.<\/p>\n","protected":false},"excerpt":{"rendered":"Lange Haftstrafe Juwelier erschie\u00dft R\u00e4uber \u2013 Gericht sieht keine Notwehr 03.12.2025 &#8211; 23:08 UhrLesedauer: 2 Min. Zwei Autos&hellip;\n","protected":false},"author":2,"featured_media":621618,"comment_status":"","ping_status":"","sticky":false,"template":"","format":"standard","meta":{"footnotes":""},"categories":[3],"tags":[1217,513,147281,147280,5537,13,355,14,15,144504,121,12,10,8,9,11,20478,103,104],"class_list":{"0":"post-621617","1":"post","2":"type-post","3":"status-publish","4":"format-standard","5":"has-post-thumbnail","7":"category-welt","8":"tag-1217","9":"tag-auto","10":"tag-cavour","11":"tag-grinzane","12":"tag-haftstrafe","13":"tag-headlines","14":"tag-italien","15":"tag-nachrichten","16":"tag-news","17":"tag-notwehr","18":"tag-polizei","19":"tag-schlagzeilen","20":"tag-top-news","21":"tag-top-meldungen","22":"tag-topmeldungen","23":"tag-topnews","24":"tag-turin","25":"tag-welt","26":"tag-world"},"share_on_mastodon":{"url":"https:\/\/pubeurope.com\/@de\/115658690944088182","error":""},"_links":{"self":[{"href":"https:\/\/www.europesays.com\/de\/wp-json\/wp\/v2\/posts\/621617","targetHints":{"allow":["GET"]}}],"collection":[{"href":"https:\/\/www.europesays.com\/de\/wp-json\/wp\/v2\/posts"}],"about":[{"href":"https:\/\/www.europesays.com\/de\/wp-json\/wp\/v2\/types\/post"}],"author":[{"embeddable":true,"href":"https:\/\/www.europesays.com\/de\/wp-json\/wp\/v2\/users\/2"}],"replies":[{"embeddable":true,"href":"https:\/\/www.europesays.com\/de\/wp-json\/wp\/v2\/comments?post=621617"}],"version-history":[{"count":0,"href":"https:\/\/www.europesays.com\/de\/wp-json\/wp\/v2\/posts\/621617\/revisions"}],"wp:featuredmedia":[{"embeddable":true,"href":"https:\/\/www.europesays.com\/de\/wp-json\/wp\/v2\/media\/621618"}],"wp:attachment":[{"href":"https:\/\/www.europesays.com\/de\/wp-json\/wp\/v2\/media?parent=621617"}],"wp:term":[{"taxonomy":"category","embeddable":true,"href":"https:\/\/www.europesays.com\/de\/wp-json\/wp\/v2\/categories?post=621617"},{"taxonomy":"post_tag","embeddable":true,"href":"https:\/\/www.europesays.com\/de\/wp-json\/wp\/v2\/tags?post=621617"}],"curies":[{"name":"wp","href":"https:\/\/api.w.org\/{rel}","templated":true}]}}