{"id":621625,"date":"2025-12-04T01:28:22","date_gmt":"2025-12-04T01:28:22","guid":{"rendered":"https:\/\/www.europesays.com\/de\/621625\/"},"modified":"2025-12-04T01:28:22","modified_gmt":"2025-12-04T01:28:22","slug":"zweieinhalb-jahre-arzt-nach-matthew-perrys-tod-verurteilt","status":"publish","type":"post","link":"https:\/\/www.europesays.com\/de\/621625\/","title":{"rendered":"Zweieinhalb Jahre &#8211; Arzt nach Matthew Perrys Tod verurteilt"},"content":{"rendered":"<p class=\"Paragraph_paragraph__exhQA Paragraph_paragraph--default-lg-default__8QZrI articleParagraph\">Zwei Jahre nach dem Tod von \u201eFriends\u201c-Star Matthew Perry hat ein Gericht im kalifornischen Santa Monica einen seiner \u00c4rzte zu zweieinhalb Jahre Gef\u00e4ngnis verurteilt. Das berichteten mehrere amerikanische Medien, darunter die \u201eLos Angeles Times\u201c und der Sender CBS. Richterin Sherilyn Peace Garnett habe ihn zus\u00e4tzlich zu einer Geldstrafe in H\u00f6he von 5.600 Dollar (4.800 Euro) verurteilt, berichtete die \u201eLos Angeles Times\u201c.<\/p>\n<p class=\"Paragraph_paragraph__exhQA Paragraph_paragraph--default-lg-default__8QZrI articleParagraph\">Der 43 Jahre alte Mediziner hatte zuvor einger\u00e4umt, den Schauspieler mit dem Narkosemittel Ketamin versorgt zu haben und sich schuldig bekannt. Im Gegenzug f\u00fcr sein Schuldeingest\u00e4ndnis wurden weitere Anklagepunkte fallen gelassen.<\/p>\n<p>\u201eFrage mich, wie viel der Idiot zahlen wird\u201c<\/p>\n<p class=\"Paragraph_paragraph__exhQA Paragraph_paragraph--default-lg-default__8QZrI articleParagraph\">Die \u201eNew York Times\u201c zitierte aus Gerichtsunterlagen, wonach er einem anderen Arzt wegen des Preises f\u00fcr das Ketamin getextet hatte: \u201eIch frage mich, wie viel der Idiot zahlen wird\u201c. Er f\u00fcgte dann demnach hinzu: \u201eLass es uns herausfinden\u201c. Die \u201eLos Angeles Times\u201c zitierte die Richterin mit den Worten, er und andere h\u00e4tten die Ketaminsucht des Schauspielers gef\u00f6rdert. \u201eSie haben den hippokratischen Eid geschworen, keinen Schaden anzurichten, aber Sie haben Schaden angerichtet\u201c.<\/p>\n<p class=\"Paragraph_paragraph__exhQA Paragraph_paragraph--default-lg-default__8QZrI articleParagraph\">Die Anw\u00e4lte des Arztes teilten nach dem Urteil mit, ihr Mandant akzeptiere das Urteil in tiefer Reue. Er habe freiwillig seine Approbation als Arzt abgegeben. Die Fehler, die er w\u00e4hrend der Behandlung des Schauspielers gemacht habe, begleiteten ihn f\u00fcr immer.\u00a0Die Staatsanwaltschaft hatte dem Arzt vorgeworfen, dem Schauspieler zwischen dem 30. September und dem 12. Oktober 2023 mehrfach Ketamin besorgt zu haben. In mehreren F\u00e4llen habe er ihm das Mittel auch pers\u00f6nlich injiziert, unter anderem im Haus des Schauspielers und auf dem R\u00fccksitz von dessen Auto auf einem \u00f6ffentlichen Parkplatz. Er habe daf\u00fcr mehrere tausend US-Dollar erhalten. Das Ketamin, das schlie\u00dflich Perrys Tod verursachte, hatte der Schauspieler aus Sicht der Staatsanw\u00e4lte aber nicht von ihm pers\u00f6nlich erhalten.<\/p>\n<p>Tod von Perry hatte weltweit Schock und Trauer ausgel\u00f6st<\/p>\n<p class=\"Paragraph_paragraph__exhQA Paragraph_paragraph--default-lg-default__8QZrI articleParagraph\">Perry war am 28. Oktober 2023 im Alter von 54 Jahren tot im Whirlpool seines Hauses in Los Angeles gefunden. Der Schauspieler war mit der zwischen 1994 und 2004 in den USA produzierten TV-Serie \u201eFriends\u201c \u00fcber sechs junge Freunde in New York an der Seite von Courteney Cox, Matt LeBlanc, Jennifer Aniston, Lisa Kudrow und David Schwimmer weltweit ber\u00fchmt geworden. Sein Tod hatte weltweit Schock und Trauer ausgel\u00f6st.<\/p>\n<p class=\"Paragraph_paragraph__exhQA Paragraph_paragraph--default-lg-default__8QZrI articleParagraph\">Zuvor hatte der Schauspieler wiederholt \u00f6ffentlich \u00fcber seinen Kampf gegen Suchterkrankungen gesprochen. Berichten zufolge hatte er sich wegen Depressionen und Angstzust\u00e4nden einer Ketamin-Therapie unter \u00e4rztlicher Aufsicht unterzogen. Zus\u00e4tzlich soll er sich das Mittel auf dem Schwarzmarkt besorgt haben.<\/p>\n<p class=\"Paragraph_paragraph__exhQA Paragraph_paragraph--default-lg-default__8QZrI articleParagraph\">Nach Angaben der zust\u00e4ndigen Gerichtsmedizinbeh\u00f6rde von Los Angeles starb Perry an den Auswirkungen von Ketamin. Hinzu kamen unter anderem Ertrinken, eine Herzkrankheit und die Auswirkungen eines Mittels zur Behandlung von Opioid-Abh\u00e4ngigkeiten. Der Tod wurde als Unfall eingeordnet.<\/p>\n<p>F\u00fcnf Angeklagte nach Tod im Whirlpool<\/p>\n<p class=\"Paragraph_paragraph__exhQA Paragraph_paragraph--default-lg-default__8QZrI articleParagraph\">Polizei und Staatsanwaltschaft hatten nach Perrys Tod schwere Vorw\u00fcrfe gegen f\u00fcnf Festgenommene vorgebracht. Drei von ihnen bekannten sich im vergangenen Jahr vor Gericht schuldig, darunter ein weiterer Arzt, ein Assistent und ein Bekannter des Schauspielers. Die Urteile stehen noch aus.<\/p>\n<p class=\"Paragraph_paragraph__exhQA Paragraph_paragraph--default-lg-default__8QZrI articleParagraph\">Ketamin ist ein seit Jahrzehnten bew\u00e4hrtes Narkosemittel. Ebenso k\u00f6nnen Menschen mit therapieresistenten Depressionen unter bestimmten Voraussetzungen mit Ketamin behandelt werden. Manche Partyg\u00e4nger nutzen das Mittel auch als illegale Clubdroge.<\/p>\n","protected":false},"excerpt":{"rendered":"Zwei Jahre nach dem Tod von \u201eFriends\u201c-Star Matthew Perry hat ein Gericht im kalifornischen Santa Monica einen seiner&hellip;\n","protected":false},"author":2,"featured_media":621626,"comment_status":"","ping_status":"","sticky":false,"template":"","format":"standard","meta":{"footnotes":""},"categories":[1853],"tags":[1424,3364,29,548,663,3934,30,13,14,15,1209,12],"class_list":{"0":"post-621625","1":"post","2":"type-post","3":"status-publish","4":"format-standard","5":"has-post-thumbnail","7":"category-aachen","8":"tag-aachen","9":"tag-de","10":"tag-deutschland","11":"tag-eu","12":"tag-europa","13":"tag-europe","14":"tag-germany","15":"tag-headlines","16":"tag-nachrichten","17":"tag-news","18":"tag-nordrhein-westfalen","19":"tag-schlagzeilen"},"share_on_mastodon":{"url":"https:\/\/pubeurope.com\/@de\/115658706476066424","error":""},"_links":{"self":[{"href":"https:\/\/www.europesays.com\/de\/wp-json\/wp\/v2\/posts\/621625","targetHints":{"allow":["GET"]}}],"collection":[{"href":"https:\/\/www.europesays.com\/de\/wp-json\/wp\/v2\/posts"}],"about":[{"href":"https:\/\/www.europesays.com\/de\/wp-json\/wp\/v2\/types\/post"}],"author":[{"embeddable":true,"href":"https:\/\/www.europesays.com\/de\/wp-json\/wp\/v2\/users\/2"}],"replies":[{"embeddable":true,"href":"https:\/\/www.europesays.com\/de\/wp-json\/wp\/v2\/comments?post=621625"}],"version-history":[{"count":0,"href":"https:\/\/www.europesays.com\/de\/wp-json\/wp\/v2\/posts\/621625\/revisions"}],"wp:featuredmedia":[{"embeddable":true,"href":"https:\/\/www.europesays.com\/de\/wp-json\/wp\/v2\/media\/621626"}],"wp:attachment":[{"href":"https:\/\/www.europesays.com\/de\/wp-json\/wp\/v2\/media?parent=621625"}],"wp:term":[{"taxonomy":"category","embeddable":true,"href":"https:\/\/www.europesays.com\/de\/wp-json\/wp\/v2\/categories?post=621625"},{"taxonomy":"post_tag","embeddable":true,"href":"https:\/\/www.europesays.com\/de\/wp-json\/wp\/v2\/tags?post=621625"}],"curies":[{"name":"wp","href":"https:\/\/api.w.org\/{rel}","templated":true}]}}