{"id":621654,"date":"2025-12-04T01:56:38","date_gmt":"2025-12-04T01:56:38","guid":{"rendered":"https:\/\/www.europesays.com\/de\/621654\/"},"modified":"2025-12-04T01:56:38","modified_gmt":"2025-12-04T01:56:38","slug":"mann-46-in-gelsenkirchen-mit-schlaegen-und-reizgas-ueberfallen","status":"publish","type":"post","link":"https:\/\/www.europesays.com\/de\/621654\/","title":{"rendered":"Mann (46) in Gelsenkirchen mit Schl\u00e4gen und Reizgas \u00fcberfallen"},"content":{"rendered":"<p class=\"expressive-copy-lg-body\">Ein 46-j\u00e4hriger Mann aus Willich ist am Dienstag, 2. Dezember, in der <a href=\"https:\/\/www.waz.de\/lokales\/gelsenkirchen\/\" target=\"_blank\" rel=\"nofollow noopener\">Gelsenkirchen<\/a> von drei Unbekannten angegriffen und leicht verletzt worden.<\/p>\n<p>Besucher aus Willich wird von Unbekannten geschlagen und mit Reizgas bespr\u00fcht<\/p>\n<p class=\"expressive-copy-lg-body\">Der Mann stand gegen 16.50 Uhr an seinem an der Weberstra\u00dfe (Altstadt) geparkten Auto, als ihn die T\u00e4ter unvermittelt attackierten. Sie schlugen laut Polizeibeh\u00f6rde zun\u00e4chst auf ihn ein und setzten Pfefferspray ein, als er sich wehrte. Anschlie\u00dfend fl\u00fcchteten die drei Angreifer in unbekannte Richtungen.<\/p>\n<p class=\"expressive-copy-lg-body\"><strong>Sie wollen keine Nachricht aus Gelsenkirchen verpassen? <a href=\"https:\/\/www.waz.de\/staedte\/gelsenkirchen\/article229659256\/Gelsenkirchen-So-abonnieren-Sie-unseren-WAZ-Newsletter.html\" data-category-full-path=\"\/staedte\/gelsenkirchen\/\" data-paid-status=\"free\" data-article-publish-date=\"1596115466\" rel=\"nofollow noopener\" target=\"_blank\">Abonnieren Sie hier unseren t\u00e4glichen Newsletter<\/a>. Mehr aus unserer Lokalredaktion gibt es auf unseren <a href=\"https:\/\/www.facebook.com\/WAZGelsenkirchen\/?locale=de_DE\" target=\"_blank\" rel=\"nofollow noopener\">Facebook<\/a>&#8211; und <a href=\"https:\/\/www.instagram.com\/waz_gelsenkirchen\/\" target=\"_blank\" rel=\"nofollow noopener\">Instagram-Kan\u00e4len.<\/a> Abonnieren Sie auch unser t\u00e4gliches, kostenloses News-Update auf <a href=\"https:\/\/www.waz.de\/staedte\/gelsenkirchen\/article241929358\/Neu-bei-WhatsApp-Jetzt-die-WAZ-Gelsenkirchen-abonnieren.html\" data-category-full-path=\"\/staedte\/gelsenkirchen\/\" data-paid-status=\"default\" data-article-publish-date=\"1711449600\" rel=\"nofollow noopener\" target=\"_blank\">WhatsApp<\/a>. Oder besuchen Sie die WAZ Gelsenkirchen jetzt auf <a href=\"https:\/\/www.tiktok.com\/@waz_gelsenkirchen?lang=de-DE\" target=\"_blank\" rel=\"nofollow noopener\">TikTok<\/a>. <\/strong><\/p>\n<p class=\"expressive-copy-lg-body\">Die Gesuchten sollen etwa 20 bis 30 Jahre alt sein. Eine n\u00e4here Beschreibung liegt nicht vor. Der 46-J\u00e4hrige wurde vor Ort ambulant durch Rettungskr\u00e4fte behandelt.<\/p>\n<p class=\"expressive-copy-lg-body\">Hinweise nimmt die Polizei Gelsenkirchen unter den Rufnummern 0209 365 7512 oder 0209 365 8240 entgegen.<\/p>\n<p>    <script async src=\"\/\/www.instagram.com\/embed.js\"><\/script><script async src=\"\/\/www.tiktok.com\/embed.js\"><\/script><\/p>\n","protected":false},"excerpt":{"rendered":"Ein 46-j\u00e4hriger Mann aus Willich ist am Dienstag, 2. Dezember, in der Gelsenkirchen von drei Unbekannten angegriffen und&hellip;\n","protected":false},"author":2,"featured_media":621655,"comment_status":"","ping_status":"","sticky":false,"template":"","format":"standard","meta":{"footnotes":""},"categories":[1839],"tags":[7507,3364,29,30,1209],"class_list":{"0":"post-621654","1":"post","2":"type-post","3":"status-publish","4":"format-standard","5":"has-post-thumbnail","7":"category-bochum","8":"tag-bochum","9":"tag-de","10":"tag-deutschland","11":"tag-germany","12":"tag-nordrhein-westfalen"},"share_on_mastodon":{"url":"https:\/\/pubeurope.com\/@de\/115658816601655849","error":""},"_links":{"self":[{"href":"https:\/\/www.europesays.com\/de\/wp-json\/wp\/v2\/posts\/621654","targetHints":{"allow":["GET"]}}],"collection":[{"href":"https:\/\/www.europesays.com\/de\/wp-json\/wp\/v2\/posts"}],"about":[{"href":"https:\/\/www.europesays.com\/de\/wp-json\/wp\/v2\/types\/post"}],"author":[{"embeddable":true,"href":"https:\/\/www.europesays.com\/de\/wp-json\/wp\/v2\/users\/2"}],"replies":[{"embeddable":true,"href":"https:\/\/www.europesays.com\/de\/wp-json\/wp\/v2\/comments?post=621654"}],"version-history":[{"count":0,"href":"https:\/\/www.europesays.com\/de\/wp-json\/wp\/v2\/posts\/621654\/revisions"}],"wp:featuredmedia":[{"embeddable":true,"href":"https:\/\/www.europesays.com\/de\/wp-json\/wp\/v2\/media\/621655"}],"wp:attachment":[{"href":"https:\/\/www.europesays.com\/de\/wp-json\/wp\/v2\/media?parent=621654"}],"wp:term":[{"taxonomy":"category","embeddable":true,"href":"https:\/\/www.europesays.com\/de\/wp-json\/wp\/v2\/categories?post=621654"},{"taxonomy":"post_tag","embeddable":true,"href":"https:\/\/www.europesays.com\/de\/wp-json\/wp\/v2\/tags?post=621654"}],"curies":[{"name":"wp","href":"https:\/\/api.w.org\/{rel}","templated":true}]}}