{"id":621694,"date":"2025-12-04T02:22:14","date_gmt":"2025-12-04T02:22:14","guid":{"rendered":"https:\/\/www.europesays.com\/de\/621694\/"},"modified":"2025-12-04T02:22:14","modified_gmt":"2025-12-04T02:22:14","slug":"warum-bremer-fahrschueler-monatelang-auf-die-fuehrerscheinpruefung-warten","status":"publish","type":"post","link":"https:\/\/www.europesays.com\/de\/621694\/","title":{"rendered":"Warum Bremer Fahrsch\u00fcler monatelang auf die F\u00fchrerscheinpr\u00fcfung warten"},"content":{"rendered":"<p class=\"article-toplinewrapper\">\nFragen &amp; Antworten<\/p>\n<p>Standdatum: 3. Dezember 2025.<\/p>\n<p>Autorinnen und Autoren:<br \/>\nMario Neumann<\/p>\n<p><img decoding=\"async\" class=\"image -image-with-fallback -image-rounded  lazyload\" src=\"data:image\/gif;base64,R0lGODlhEAAJAIAAAP\/\/\/\/\/\/\/yH5BAEKAAEALAAAAAAQAAkAAAIKjI+py+0Po5yUFQA7\"   alt=\"Bei einer theoretischen F\u00fchrerscheinpr\u00fcfung bei der DEKRA zeigt der Pr\u00fcfer ein Tablet mit einer Pr\u00fcfungsfrage\" data-image-owner=\"dpa bildfunk | Bernd W\u00fcstneck\" data-image-title=\"Bei einer theoretischen F\u00fchrerscheinpr\u00fcfung bei der DEKRA zeigt der Pr\u00fcfer ein Tablet mit einer Pr\u00fcfungsfrage\" data-image-src=\"https:\/\/www.butenunbinnen.de\/bilder\/fuehrerscheinpruefung-100~_v-800x450_c-1764777145267.jpg\" data-image-rights-src=\"\/bilder\/fuehrerscheinpruefung-100~_v-640x360_c-1764777145267.jpg\"\/><\/p>\n<p>Obwohl Fahrsch\u00fcler schon fertig gelernt haben, k\u00f6nnen sie oft nicht zur Pr\u00fcfung.<\/p>\n<p>Bild: dpa bildfunk | Bernd W\u00fcstneck<\/p>\n<p class=\"article-intro\">Fahrsch\u00fcler sind genervt: Statt vier bis sechs Wochen braucht Bremen vier bis sechs Monate, um F\u00fchrerscheinantr\u00e4ge zu bearbeiten. Woran das liegt und wie Bremen das Problem in den Griff bekommen will.<\/p>\n<p>Wer seinen Wohnsitz in Bremen hat und einen F\u00fchrerschein machen m\u00f6chte, meldet sich bei einer Fahrschule an. Die beantragt dann den F\u00fchrerschein bei der Stadt Bremen, reicht Lichtbild, Sehtest und Erste-Hilfe-Kurs Bescheinigung mit ein. Doch dann passiert lange nichts. Ein Zustand, der aus Sicht der Fahrschulen auf Dauer nicht hinnehmbar ist. <\/p>\n<p>Warum dauert die Bearbeitung in der Stadt Bremen so lange?<\/p>\n<p class=\"questions-and-answers-answers\">Wegen zu viel Arbeit f\u00fcr zu wenig Menschen. Das Bremer Innenressort spricht von einem &#8222;au\u00dfergew\u00f6hnlich hohen Aufkommen an F\u00fchrerscheinantr\u00e4gen&#8220;. Deshalb gibt es Stau auf dem Schreibtisch. Laut Fahrschulinhabern besteht das Problem seit dem Fr\u00fchjahr 2025. <\/p>\n<p>Wie lange dauert es aktuell? <\/p>\n<p class=\"questions-and-answers-answers\">Zur Zeit werden in der Stadt Bremen F\u00fchrerscheinantr\u00e4ge von Ende August 2025 bearbeitet. Demnach lagen die Antr\u00e4ge drei Monate lang in der Schublade. Bei den Antr\u00e4gen zum begleitenden Fahren mit 17 Jahren sind Antr\u00e4ge aus der zweiten Septemberh\u00e4lfte in Bearbeitung, also ein R\u00fcckstand von rund zweieinhalb Monaten. <\/p>\n<p>Was passiert eigentlich bei der zust\u00e4ndigen F\u00fchrerscheinstelle? <\/p>\n<p class=\"questions-and-answers-answers\">Die Antr\u00e4ge nebst Unterlagen wie Sehtestergebnis, Erste-Hilfe-Kurs-Bescheinigung und Foto werden gepr\u00fcft und ins System eingegeben. Dann ist eine Abfrage zur Person beim Kraftfahrtbundesamt n\u00f6tig, bevor der Druckauftrag f\u00fcr den F\u00fchrerschein an die Bundesdruckerei rausgehen kann. Abschlie\u00dfend erh\u00e4lt der T\u00dcV die Mitteilung, dass der Anw\u00e4rter oder die Anw\u00e4rterin zur F\u00fchrerscheinpr\u00fcfung zugelassen ist. In Bremerhaven und im Bremer Umland dauert dieser Vorgang vier bis sechs Wochen. Diese Bearbeitungsdauer steht auch auf Internetseiten der Stadt Bremen.  <\/p>\n<p>Was bedeutet das f\u00fcr Menschen, die einen F\u00fchrerschein machen wollen? <\/p>\n<p class=\"questions-and-answers-answers\">Sie brauchen mehr Zeit und zum Teil mehr Geld. Einige Fahrsch\u00fcler sprechen gegen\u00fcber buten un binnen von acht Monaten, die sie schon warten, sie mussten den 18. Geburtstag ohne F\u00fchrerschein feiern. Andere sind beruflich darauf angewiesen oder m\u00fcssen f\u00fcr den F\u00fchrerschein mehr bezahlen, weil sie beispielsweise die Theorie-Lern-App erneuern oder mehr Fahrstunden nehmen m\u00fcssen. <\/p>\n<p>Ist Besserung in Sicht? <\/p>\n<p class=\"questions-and-answers-answers\">Ja. Die Bremer Innenbeh\u00f6rde beteuert, Arbeitsabl\u00e4ufe bereits optimiert zu haben, zus\u00e4tzliches Personal einzusetzen und Sonderschichten anzubieten. Erste Erfolge seien sichtbar, die Bearbeitungszeit soll  schnellstm\u00f6glich wieder auf rund sechs bis zehn Wochen reduziert werden. Wann das geschafft sein wird, l\u00e4sst sich nicht sagen. <\/p>\n<p>Wie reagieren Fahrschulen auf die langsame Beh\u00f6rde? <\/p>\n<p class=\"questions-and-answers-answers\">Manche Fahrschulen sind dazu \u00fcbergegangen, bereits vor der Theoriepr\u00fcfung mit Fahrstunden anzufangen, um dann Theorie- und Praxispr\u00fcfung hintereinander weg machen zu lassen, sobald die Formalit\u00e4ten geregelt sind. Andere empfehlen, statt sechs Monate bereits neun Monate vor dem gew\u00fcnschten Zieltermin, beispielsweise dem 18. Geburtstag, den Weg zum F\u00fchrerschein mit der Anmeldung bei einer Fahrschule zu starten. <\/p>\n<p>Wirkt sich die angek\u00fcndigte F\u00fchrerschein-Reform auf die Wartezeit aus? <\/p>\n<p class=\"questions-and-answers-answers\">M\u00f6glicherweise schon. Nach Angaben von Inhabern mehrerer Gro\u00dffahrschulen im Raum Bremen ist aktuell ein R\u00fcckgang der Neuanmeldungen festzustellen, der auf die von Bundesverkehrsminister Patrick Schnieder (CDU) geplanten F\u00fchrerschein-Reform zur\u00fcckgehen d\u00fcrfte. Schnieder will den Preis von durchschnittlich 3.400 Euro f\u00fcr den Autof\u00fchrerschein verringern. Daher k\u00f6nnte es wieder eine Welle an F\u00fchrerscheinantr\u00e4gen geben, wenn die Reform im kommenden Jahr durch ist. Fahrschulinhaber vermuten allerdings, dass die durch eine Reform erreichbare Preissenkung von der allgemeinen Inflation ausgeglichen wird. <\/p>\n<p>Mehr zum F\u00fchrerschein:<\/p>\n<p class=\"article-legal-agencies\"><strong>Quelle<\/strong>:<br \/>\nbuten un binnen.\n<\/p>\n<p class=\"article-legal-broadcast-reference\"><strong>Dieses Thema im Programm:<\/strong><br \/>\nBremen Next, Next am Morgen, 3. Dezember 2025, 06:36 Uhr<\/p>\n","protected":false},"excerpt":{"rendered":"Fragen &amp; Antworten Standdatum: 3. Dezember 2025. Autorinnen und Autoren: Mario Neumann Obwohl Fahrsch\u00fcler schon fertig gelernt haben,&hellip;\n","protected":false},"author":2,"featured_media":621695,"comment_status":"","ping_status":"","sticky":false,"template":"","format":"standard","meta":{"footnotes":""},"categories":[1824],"tags":[25239,2420,3364,29,2641,35,94057,30,2640],"class_list":{"0":"post-621694","1":"post","2":"type-post","3":"status-publish","4":"format-standard","5":"has-post-thumbnail","7":"category-bremen","8":"tag-behoerde","9":"tag-bremen","10":"tag-de","11":"tag-deutschland","12":"tag-fahrschule","13":"tag-fuehrerschein","14":"tag-fuehrerscheinstelle","15":"tag-germany","16":"tag-pruefung"},"share_on_mastodon":{"url":"https:\/\/pubeurope.com\/@de\/115658918700241454","error":""},"_links":{"self":[{"href":"https:\/\/www.europesays.com\/de\/wp-json\/wp\/v2\/posts\/621694","targetHints":{"allow":["GET"]}}],"collection":[{"href":"https:\/\/www.europesays.com\/de\/wp-json\/wp\/v2\/posts"}],"about":[{"href":"https:\/\/www.europesays.com\/de\/wp-json\/wp\/v2\/types\/post"}],"author":[{"embeddable":true,"href":"https:\/\/www.europesays.com\/de\/wp-json\/wp\/v2\/users\/2"}],"replies":[{"embeddable":true,"href":"https:\/\/www.europesays.com\/de\/wp-json\/wp\/v2\/comments?post=621694"}],"version-history":[{"count":0,"href":"https:\/\/www.europesays.com\/de\/wp-json\/wp\/v2\/posts\/621694\/revisions"}],"wp:featuredmedia":[{"embeddable":true,"href":"https:\/\/www.europesays.com\/de\/wp-json\/wp\/v2\/media\/621695"}],"wp:attachment":[{"href":"https:\/\/www.europesays.com\/de\/wp-json\/wp\/v2\/media?parent=621694"}],"wp:term":[{"taxonomy":"category","embeddable":true,"href":"https:\/\/www.europesays.com\/de\/wp-json\/wp\/v2\/categories?post=621694"},{"taxonomy":"post_tag","embeddable":true,"href":"https:\/\/www.europesays.com\/de\/wp-json\/wp\/v2\/tags?post=621694"}],"curies":[{"name":"wp","href":"https:\/\/api.w.org\/{rel}","templated":true}]}}