{"id":621800,"date":"2025-12-04T03:23:21","date_gmt":"2025-12-04T03:23:21","guid":{"rendered":"https:\/\/www.europesays.com\/de\/621800\/"},"modified":"2025-12-04T03:23:21","modified_gmt":"2025-12-04T03:23:21","slug":"vfb-stuttgart-sorgt-im-dfb-pokal-fuer-seltenen-tagesschau-moment","status":"publish","type":"post","link":"https:\/\/www.europesays.com\/de\/621800\/","title":{"rendered":"VfB Stuttgart sorgt im DFB-Pokal f\u00fcr seltenen Tagesschau-Moment"},"content":{"rendered":"<ol class=\"id-DonaldBreadcrumb lp_west_breadcrumb id-DonaldBreadcrumb--default\" data-k5a-pos=\"west_breadcrumb\">\n<li class=\"id-Breadcrumb-item\"><a href=\"https:\/\/www.merkur.de\/\" class=\"id-Breadcrumb-link\" data-id-ec=\"{\" shn=\"\" textlink=\"\" data-k5a-pos=\"1_startseite\" rel=\"nofollow noopener\" target=\"_blank\">Startseite<\/a><\/li>\n<li class=\"id-Breadcrumb-item\"><a href=\"https:\/\/www.merkur.de\/sport\/\" class=\"id-Breadcrumb-link\" data-id-ec=\"{\" shn=\"\" textlink=\"\" data-k5a-pos=\"2_sport\" rel=\"nofollow noopener\" target=\"_blank\">Sport<\/a><\/li>\n<li class=\"id-Breadcrumb-item\"><a href=\"https:\/\/www.merkur.de\/sport\/fussball\/\" class=\"id-Breadcrumb-link\" data-id-ec=\"{\" shn=\"\" textlink=\"\" data-k5a-pos=\"3_fussball\" rel=\"nofollow noopener\" target=\"_blank\">Fu\u00dfball<\/a><\/li>\n<\/ol>\n<p class=\"id-Story-timestamp id-Story-timestamp--default\">Stand: 03.12.2025, 22:16 Uhr<\/p>\n<p class=\"id-Story-authors id-Story-authors--default\">Von: <a class=\"id-Story-authors-link lp_west_author\" href=\"https:\/\/www.merkur.de\/autor\/lennart-fitzler-gu4f03g28.html\" title=\"Zur Autorenseite von Lennart Fitzler\" data-id-ec=\"{\" shn=\"\" author-link=\"\" fitzler=\"\" data-k5a-pos=\"west_author\" rel=\"nofollow noopener\" target=\"_blank\">Lennart Fitzler<\/a><\/p>\n<p class=\"id-Story-interactionBar id-Story-interactionBar--default\">DruckenTeilen<\/p>\n<p class=\"id-StoryElement-leadText\">Beim heutigen fr\u00fchen DFB-Pokalabend kam es zu einem seltenen Vorfall. Das Spiel zwischen Bochum und Stuttgart wurde auf die Minute genau abgepfiffen. <\/p>\n<p class=\"id-StoryElement-paragraph\">Bochum \u2013 Ein <a href=\"https:\/\/www.fr.de\/sport\/fussball\/dfb-deutscher-fussball-bund-geschichte-mitglieder-struktur-wettbewerbe-fussballverband-deutschland-91408699.html\" class=\"id-import-Link id-pageApi-Link--externalDomain\" data-id-ec=\"{&quot;sht&quot;:&quot;Container&quot;,&quot;shn&quot;:&quot;Story&quot;,&quot;p&quot;:{&quot;containerType&quot;:&quot;Paragraph&quot;,&quot;displayType&quot;:&quot;Paragraph InlineLink&quot;,&quot;type&quot;:&quot;INLINE_LINK&quot;,&quot;value&quot;:&quot;DFB&quot;,&quot;variant&quot;:&quot;standardLink&quot;,&quot;sponsored&quot;:false,&quot;linkHref&quot;:&quot;https:\/\/www.fr.de\/sport\/fussball\/dfb-deutscher-fussball-bund-geschichte-mitglieder-struktur-wettbewerbe-fussballverband-deutschland-91408699.html&quot;,&quot;storyElementPosition&quot;:8,&quot;storyElementCount&quot;:18}}\" rel=\"nofollow noopener\" target=\"_blank\">DFB<\/a>-Pokalabend, wie ihn die Sendeplanung der ARD nicht besser h\u00e4tte schreiben k\u00f6nnen. <a href=\"https:\/\/www.absolutfussball.com\/deutschland\/vfb-stuttgart\/laeuft-der-dfb-pokal-vfl-bochum-gegen-vfb-stuttgart-live-im-tv-und-stream-hier-94063734.html\" class=\"id-import-Link id-pageApi-Link--externalDomain\" data-id-ec=\"{&quot;sht&quot;:&quot;Container&quot;,&quot;shn&quot;:&quot;Story&quot;,&quot;p&quot;:{&quot;containerType&quot;:&quot;Paragraph&quot;,&quot;displayType&quot;:&quot;Paragraph InlineLink&quot;,&quot;type&quot;:&quot;INLINE_LINK&quot;,&quot;value&quot;:&quot;Das (fr&#xFC;he) Pokalspiel am heutigen Abend&quot;,&quot;variant&quot;:&quot;standardLink&quot;,&quot;sponsored&quot;:false,&quot;linkHref&quot;:&quot;https:\/\/www.absolutfussball.com\/deutschland\/vfb-stuttgart\/laeuft-der-dfb-pokal-vfl-bochum-gegen-vfb-stuttgart-live-im-tv-und-stream-hier-94063734.html&quot;,&quot;storyElementPosition&quot;:8,&quot;storyElementCount&quot;:18}}\" rel=\"nofollow noopener\" target=\"_blank\">Das (fr\u00fche) Pokalspiel am heutigen Abend<\/a> (3.12.) zwischen dem <a href=\"https:\/\/www.absolutfussball.com\/deutschland\/vfb-stuttgart\/\" class=\"id-import-Link id-pageApi-Link--externalDomain\" title=\"VfB Stuttgart\" data-id-ec=\"{&quot;sht&quot;:&quot;Container&quot;,&quot;shn&quot;:&quot;Story&quot;,&quot;p&quot;:{&quot;containerType&quot;:&quot;Paragraph&quot;,&quot;displayType&quot;:&quot;Paragraph InlineLink&quot;,&quot;type&quot;:&quot;INLINE_LINK&quot;,&quot;value&quot;:&quot;VfB Stuttgart&quot;,&quot;variant&quot;:&quot;standardLink&quot;,&quot;sponsored&quot;:false,&quot;linkHref&quot;:&quot;https:\/\/www.absolutfussball.com\/deutschland\/vfb-stuttgart\/&quot;,&quot;storyElementPosition&quot;:8,&quot;storyElementCount&quot;:18}}\" rel=\"nofollow noopener\" target=\"_blank\">VfB Stuttgart<\/a> und dem VfL Bochum wurde mit einer Punktlandung beendet. Die \u00dcbertragung konnte mit nur wenigen Sekunden Versp\u00e4tung direkt zur Tagesschau um 20 Uhr \u00fcbergehen.<\/p>\n<p><img decoding=\"async\" class=\"id-RatioPlaceholder-element wv_story_el_image\" src=\"https:\/\/www.europesays.com\/de\/wp-content\/uploads\/2025\/12\/40694618-tagesschau-moderator-thorsten-schroeder-und-die-ard-profitierten-vom-spielverlauf-im-dfb-po.jpeg\" loading=\"lazy\"   height=\"733\" width=\"1100\" alt=\"Tagesschau-Moderator Thorsten Schr&#xF6;der und die ARD profitierten vom Spielverlauf im DFB-Pokal.\"\/>Tagesschau-Moderator Thorsten Schr\u00f6der und die ARD profitierten vom Spielverlauf im DFB-Pokal. \u00a9\u00a0IMAGO \/ Sven Simon, IMAGO \/ Future Image<\/p>\n<p class=\"id-StoryElement-paragraph\">Schiedsrichter Florian Badst\u00fcbner, an diesem Abend offenkundig mit einem exzellenten Zeitgef\u00fchl ausgestattet \u2013 setzte den Schlusspfiff exakt in dem Moment, den die ARD-Regie wohl als \u201eIdealzeitpunkt\u201c ausgemacht hatte. Trotz drei Minuten Nachspielzeit, endete das Spiel um Punkt 20 Uhr. Wahrscheinlich auch, weil Badst\u00fcbner nicht die vollen drei Extra-Minuten spielen lie\u00df. <\/p>\n<p>Schiedsrichter Badst\u00fcbner pfiff punktgenau ab<\/p>\n<p class=\"id-StoryElement-paragraph\">Die Stuttgarter hatten das Spiel \u00fcber viele Phasen fest im Griff, gewannen verdient mit 2:0 im Bochumer Ruhrstadion. Dementsprechend war die eigentliche Sensation des Abends tats\u00e4chlich der p\u00fcnktliche Abpfiff. Lediglich die vers\u00f6hnliche Umarmung der beiden Trainer, <a href=\"https:\/\/www.bw24.de\/vfb\/sebastian-hoeness-der-trainer-der-den-vfb-stuttgart-rettete-92385574.html\" class=\"id-import-Link id-pageApi-Link--externalDomain\" data-id-ec=\"{&quot;sht&quot;:&quot;Container&quot;,&quot;shn&quot;:&quot;Story&quot;,&quot;p&quot;:{&quot;containerType&quot;:&quot;Paragraph&quot;,&quot;displayType&quot;:&quot;Paragraph InlineLink&quot;,&quot;type&quot;:&quot;INLINE_LINK&quot;,&quot;value&quot;:&quot;Sebastian Hoene&#xDF;&quot;,&quot;variant&quot;:&quot;standardLink&quot;,&quot;sponsored&quot;:false,&quot;linkHref&quot;:&quot;https:\/\/www.bw24.de\/vfb\/sebastian-hoeness-der-trainer-der-den-vfb-stuttgart-rettete-92385574.html&quot;,&quot;storyElementPosition&quot;:14,&quot;storyElementCount&quot;:18}}\" rel=\"nofollow noopener\" target=\"_blank\">Sebastian Hoene\u00df<\/a> und Uwe R\u00f6sler, an der Au\u00dfenlinie wurde noch gezeigt, dann sprang das Programm um zur Tagesschau.<\/p>\n<p class=\"id-StoryElement-paragraph\">Nur 25 Sekunden nach 20 Uhr (!) begann dann das Nachrichten-Programm mit Moderator Thorsten Schr\u00f6der. In Zeiten, in denen Fu\u00dfball\u00fcbertragungen, aufgrund von Pyro-Unterbrechungen oder minutenlangen VAR-Diskussionen, gerne mal die Sendepl\u00e4ne sprengen, wirkte es heute wie eine kleine Meisterklasse deutscher Pr\u00e4zision. <\/p>\n<p>VfB schmei\u00dft Bochum auf Sparflamme aus dem DFB-Pokal \u2013 Noten fallen durchschnittlich aus<img decoding=\"async\" class=\"id-RatioPlaceholder-element wv_story_el_interstitialImage\" src=\"https:\/\/www.europesays.com\/de\/wp-content\/uploads\/2025\/12\/40694244-deniz-undav-bejubelt-seinen-treffer-zum-fuer-den-vfb-stuttgart-beim-vfl-bochum-2CPkhKYuKMfe.jpeg\" loading=\"lazy\"   height=\"2399\" width=\"3600\" alt=\"Deniz Undav bejubelt seinen Treffer zum 2:0 f&#xFC;r den VfB Stuttgart beim VfL Bochum. \"\/><a href=\"https:\/\/www.merkur.de\/sport\/fussball\/vfb-schmeisst-bochum-auf-sparflamme-aus-dem-dfb-pokal-noten-fallen-durchschnittlich-aus-zr-94067801.html\" class=\"id-StoryElement-intestitialLink-link\" data-id-ec=\"{\" shn=\"\" ansehen=\"\" data-k5a-pos=\"west_story_16_photoGalleryLink\" title=\"Zur Fotostrecke: VfB schmei&#xDF;t Bochum auf Sparflamme aus dem DFB-Pokal &#x2013; Noten fallen durchschnittlich aus\" rel=\"nofollow noopener\" target=\"_blank\">Fotostrecke ansehen<\/a><\/p>\n<p class=\"id-StoryElement-paragraph\">Bei Fu\u00dfball-Fans ist es bekannt, dass Live-\u00dcbertragungen heutzutage recht h\u00e4ufig \u00fcberzogen werden. Der heutige Pokalabend zeigt aber: es geht auch anders. Fu\u00dfball muss nicht immer unn\u00f6tig in die L\u00e4nge gezogen werden. Auch die Nicht-Fu\u00dfballinteressierten werden es Schiedsrichter Badst\u00fcbner und den beiden Klubs gedankt haben, rechtzeitig, wie jeden Abend, die Nachrichten zu sehen. (LF)<\/p>\n","protected":false},"excerpt":{"rendered":"Startseite Sport Fu\u00dfball Stand: 03.12.2025, 22:16 Uhr Von: Lennart Fitzler DruckenTeilen Beim heutigen fr\u00fchen DFB-Pokalabend kam es zu&hellip;\n","protected":false},"author":2,"featured_media":621801,"comment_status":"","ping_status":"","sticky":false,"template":"","format":"standard","meta":{"footnotes":""},"categories":[1839],"tags":[7507,3364,29,30,1209],"class_list":{"0":"post-621800","1":"post","2":"type-post","3":"status-publish","4":"format-standard","5":"has-post-thumbnail","7":"category-bochum","8":"tag-bochum","9":"tag-de","10":"tag-deutschland","11":"tag-germany","12":"tag-nordrhein-westfalen"},"share_on_mastodon":{"url":"https:\/\/pubeurope.com\/@de\/115659160050934618","error":""},"_links":{"self":[{"href":"https:\/\/www.europesays.com\/de\/wp-json\/wp\/v2\/posts\/621800","targetHints":{"allow":["GET"]}}],"collection":[{"href":"https:\/\/www.europesays.com\/de\/wp-json\/wp\/v2\/posts"}],"about":[{"href":"https:\/\/www.europesays.com\/de\/wp-json\/wp\/v2\/types\/post"}],"author":[{"embeddable":true,"href":"https:\/\/www.europesays.com\/de\/wp-json\/wp\/v2\/users\/2"}],"replies":[{"embeddable":true,"href":"https:\/\/www.europesays.com\/de\/wp-json\/wp\/v2\/comments?post=621800"}],"version-history":[{"count":0,"href":"https:\/\/www.europesays.com\/de\/wp-json\/wp\/v2\/posts\/621800\/revisions"}],"wp:featuredmedia":[{"embeddable":true,"href":"https:\/\/www.europesays.com\/de\/wp-json\/wp\/v2\/media\/621801"}],"wp:attachment":[{"href":"https:\/\/www.europesays.com\/de\/wp-json\/wp\/v2\/media?parent=621800"}],"wp:term":[{"taxonomy":"category","embeddable":true,"href":"https:\/\/www.europesays.com\/de\/wp-json\/wp\/v2\/categories?post=621800"},{"taxonomy":"post_tag","embeddable":true,"href":"https:\/\/www.europesays.com\/de\/wp-json\/wp\/v2\/tags?post=621800"}],"curies":[{"name":"wp","href":"https:\/\/api.w.org\/{rel}","templated":true}]}}