{"id":622179,"date":"2025-12-04T07:22:17","date_gmt":"2025-12-04T07:22:17","guid":{"rendered":"https:\/\/www.europesays.com\/de\/622179\/"},"modified":"2025-12-04T07:22:17","modified_gmt":"2025-12-04T07:22:17","slug":"insolvenzen-auf-hoechststand-immer-mehr-firmen-im-einzelhandel-muessen-schliessen","status":"publish","type":"post","link":"https:\/\/www.europesays.com\/de\/622179\/","title":{"rendered":"Insolvenzen auf H\u00f6chststand: Immer mehr Firmen im Einzelhandel m\u00fcssen schlie\u00dfen"},"content":{"rendered":"<p>Insolvenzen auf H\u00f6chststandImmer mehr Firmen im Einzelhandel m\u00fcssen schlie\u00dfen<img decoding=\"async\" class=\"Image_img__fQCi0 Image_Img_16_9__4BLfH widget-picture-inline_maximizable__t_E7h\" loading=\"eager\" fetchpriority=\"high\" src=\"https:\/\/www.europesays.com\/de\/wp-content\/uploads\/2025\/12\/Passanten-gehen-an-einer-Filiale-des-Schuhhaendlers-Goertz-in-der-Innenstadt-vorbei.webp.webp\" alt=\"Passanten-gehen-an-einer-Filiale-des-Schuhhaendlers-Goertz-in-der-Innenstadt-vorbei\"\/>G\u00f6rtz war eines der prominentesten Opfer der aktuellen Insolvenzwelle. (Foto: picture alliance\/dpa)TeilenFolgen auf:<a href=\"https:\/\/www.whatsapp.com\/channel\/0029Va5cdVJD8SDp5YZgYF01\" title=\"Auf WhatsApp folgen\" target=\"_blank\" rel=\"noopener\"><img decoding=\"async\" src=\"https:\/\/www.n-tv.de\/socialIcons\/whatsapp.svg\" alt=\"whatsapp\" class=\"ArticleShare_icon__FsrC2\"\/><\/a><a href=\"https:\/\/news.google.com\/publications\/CAAiEPMdif5mpRNxiLOeUpHCwwsqFAgKIhDzHYn-ZqUTcYiznlKRwsML?hl=de&amp;gl=DE&amp;ceid=DE%3Ade\" title=\"Auf Google News folgen\" target=\"_blank\" rel=\"noopener\"><img decoding=\"async\" src=\"https:\/\/www.n-tv.de\/socialIcons\/google.svg\" alt=\"whatsapp\" class=\"ArticleShare_icon__FsrC2\"\/><\/a><\/p>\n<p class=\"Typography_text-m__XI0da Typography_weight-bold__uT6mq storyline_lead_text_leadtext__q_wg8\">Der Einzelhandel k\u00e4mpft weiter mit seinem sich wandelnden Gesch\u00e4ftsmodell. Die Insolvenzen in der Branche steigen auf einen fast zehnj\u00e4hrigen H\u00f6chststand, erkl\u00e4rt die Allianz Trade. Das Tempo nimmt allerdings ab.<\/p>\n<p class=\"Typography_text-default__P3otY Typography_weight-normal__pqUbH storyline_paragraph_p__qSR5N\">Die Zahl der Pleiten im deutschen Einzelhandel ist so hoch wie seit Jahren nicht mehr. Zwischen August 2024 und August 2025 registrierte Allianz Trade 2490 Insolvenzen. Das sei der h\u00f6chste Stand seit Oktober 2016, teilte der Kreditversicherer mit. In den zw\u00f6lf Monaten zuvor lag die Zahl bei 2520.<\/p>\n<p class=\"Typography_text-default__P3otY Typography_weight-normal__pqUbH storyline_paragraph_p__qSR5N\">Hierzulande waren zuletzt unter anderem der Schuhh\u00e4ndler G\u00f6rtz, der Modehersteller Gerry Weber und der Herrenausstatter Wormland betroffen. Die Modekette Esprit schloss in diesem Jahr insolvenzbedingt alle Gesch\u00e4fte. Der Dekoh\u00e4ndler Depot und der Discounter Kodi haben ihre Filialnetze deutlich verkleinert.<\/p>\n<p class=\"Typography_text-default__P3otY Typography_weight-normal__pqUbH storyline_paragraph_p__qSR5N\">Guillaume Dejean, Branchenexperte von Allianz Trade, erwartet eine anhaltende Konsolidierung im Einzelhandel und weiter steigende Insolvenzzahlen &#8211; allerdings in abgeschw\u00e4chtem Tempo. Schon in den vergangenen Monaten zeichnete sich diese Entwicklung ab. Im August 2025 stiegen die Zahlen im Jahresvergleich um 13 Prozent, ein Jahr zuvor noch um 20 Prozent. Die Experten f\u00fchren dies auf etwas bessere wirtschaftliche Aussichten zur\u00fcck.<\/p>\n<p class=\"Typography_text-default__P3otY Typography_weight-normal__pqUbH storyline_paragraph_p__qSR5N\">Der Einzelhandel geh\u00f6rt in Europa zu den besonders belasteten Branchen. Hoffnung macht der Blick ins Ausland: In den Niederlanden, Gro\u00dfbritannien, Frankreich, Norwegen und D\u00e4nemark sank die Zahl der Insolvenzen laut Allianz Trade zuletzt teils deutlich.<\/p>\n<p class=\"Typography_text-default__P3otY Typography_weight-normal__pqUbH storyline_paragraph_p__qSR5N\">&#8222;Der Einzelhandel k\u00e4mpft noch immer mit den tiefgreifenden Ver\u00e4nderungen seines Gesch\u00e4ftsmodells, die w\u00e4hrend der Pandemie begonnen haben&#8220;, sagt Dejean. Um dem verst\u00e4rkten Wettbewerb durch gro\u00dfe Online-Marktpl\u00e4tze standzuhalten, m\u00fcssten Einzelh\u00e4ndler unter anderem verst\u00e4rkt in digitale Kan\u00e4le und moderne Technik investieren. Vor allem kleinere Akteure k\u00f6nnten dies oft kaum stemmen. &#8222;Das ist ein Kampf, der teilweise an David gegen Goliath erinnert.&#8220; Einige Textilh\u00e4ndler hingen bereits &#8222;am seidenen Faden&#8220;.<\/p>\n<p class=\"Typography_text-s__wu_cm Typography_weight-normal__pqUbH Typography_color-darkgrey__sZEnP article-detail-footer_source__KslPc\">Quelle: ntv.de, lme\/dpa<\/p>\n","protected":false},"excerpt":{"rendered":"Insolvenzen auf H\u00f6chststandImmer mehr Firmen im Einzelhandel m\u00fcssen schlie\u00dfenG\u00f6rtz war eines der prominentesten Opfer der aktuellen Insolvenzwelle. (Foto:&hellip;\n","protected":false},"author":2,"featured_media":622180,"comment_status":"","ping_status":"","sticky":false,"template":"","format":"standard","meta":{"footnotes":""},"categories":[134],"tags":[175,170,169,29,1072,30,37053,1551,171,174,173,172,55],"class_list":{"0":"post-622179","1":"post","2":"type-post","3":"status-publish","4":"format-standard","5":"has-post-thumbnail","7":"category-unternehmen-maerkte","8":"tag-business","9":"tag-companies","10":"tag-companies-markets","11":"tag-deutschland","12":"tag-einzelhandel","13":"tag-germany","14":"tag-gerry-weber","15":"tag-insolvenz","16":"tag-markets","17":"tag-maerkte","18":"tag-unternehmen","19":"tag-unternehmen-maerkte","20":"tag-wirtschaft"},"share_on_mastodon":{"url":"https:\/\/pubeurope.com\/@de\/115660099644389831","error":""},"_links":{"self":[{"href":"https:\/\/www.europesays.com\/de\/wp-json\/wp\/v2\/posts\/622179","targetHints":{"allow":["GET"]}}],"collection":[{"href":"https:\/\/www.europesays.com\/de\/wp-json\/wp\/v2\/posts"}],"about":[{"href":"https:\/\/www.europesays.com\/de\/wp-json\/wp\/v2\/types\/post"}],"author":[{"embeddable":true,"href":"https:\/\/www.europesays.com\/de\/wp-json\/wp\/v2\/users\/2"}],"replies":[{"embeddable":true,"href":"https:\/\/www.europesays.com\/de\/wp-json\/wp\/v2\/comments?post=622179"}],"version-history":[{"count":0,"href":"https:\/\/www.europesays.com\/de\/wp-json\/wp\/v2\/posts\/622179\/revisions"}],"wp:featuredmedia":[{"embeddable":true,"href":"https:\/\/www.europesays.com\/de\/wp-json\/wp\/v2\/media\/622180"}],"wp:attachment":[{"href":"https:\/\/www.europesays.com\/de\/wp-json\/wp\/v2\/media?parent=622179"}],"wp:term":[{"taxonomy":"category","embeddable":true,"href":"https:\/\/www.europesays.com\/de\/wp-json\/wp\/v2\/categories?post=622179"},{"taxonomy":"post_tag","embeddable":true,"href":"https:\/\/www.europesays.com\/de\/wp-json\/wp\/v2\/tags?post=622179"}],"curies":[{"name":"wp","href":"https:\/\/api.w.org\/{rel}","templated":true}]}}