{"id":622199,"date":"2025-12-04T07:35:12","date_gmt":"2025-12-04T07:35:12","guid":{"rendered":"https:\/\/www.europesays.com\/de\/622199\/"},"modified":"2025-12-04T07:35:12","modified_gmt":"2025-12-04T07:35:12","slug":"startet-tsv-in-die-hessenliga-durch","status":"publish","type":"post","link":"https:\/\/www.europesays.com\/de\/622199\/","title":{"rendered":"Startet TSV in die Hessenliga durch?"},"content":{"rendered":"<p id=\"63712\">Wiesbaden. Seit der SV Wiesbaden 2016 aus finanziellen Gr\u00fcnden aus der Hessenliga abstieg, hat kein Verein aus der Landeshauptstadt mehr in Hessens h\u00f6chster Amateurklasse gespielt. Nun k\u00f6nnte ausgerechnet der T\u00fcrkische SV diese L\u00fccke schlie\u00dfen. Das Fu\u00dfballjahr 2025 h\u00e4tte f\u00fcr den TSV kaum besser laufen k\u00f6nnen: 24 Siege in 30 Ligaspielen, erst in der Gruppen-, nun in der Verbandsliga. Zur Winterpause rangiert der TSV auf Platz zwei \u2013 mit einem Spiel weniger. Der m\u00e4rchenhafte Durchmarsch von der Kreisoberliga bis in die Hessenliga ist l\u00e4ngst keine gewagte Fantasie mehr, sondern ein realistisches Szenario. Wie plant der Verein im Falle eines Aufstiegs?<\/p>\n<p>Dieser Text wird euch kostenlos zur Verf\u00fcgung gestellt vom Wiesbadener Kurier.<\/p>\n<p> G\u00f6khan Caliskan macht weiter, hat aber Baustelle <\/p>\n<p id=\"63712\">Auf der wohl wichtigsten Position hat der Verein mit der ligaunabh\u00e4ngigen Verl\u00e4ngerung mit Trainer G\u00f6khan Caliskan \u00fcber den Sommer hinaus die Weichen gestellt. \u201eWir wollen mit G\u00f6khan weitermachen, egal, ob wir aufsteigen oder nicht. Er macht einen super Job\u201c, best\u00e4tigt Klubchef Ilkay Candogan, der damit Caliskan sein Vertrauen ausspricht. Um auch nach einem m\u00f6glichen Aufstieg in der Hessenliga an der Seitenlinie stehen zu d\u00fcrfen, ist eine B-Lizenz notwendig \u2013 Caliskan besitzt sie noch nicht. \u201eIch wollte mich anmelden, aber alles war schon belegt. Beruflich war es bisher auch schwer. Aber ich muss es sowieso angehen\u201c, erkl\u00e4rt er.<\/p>\n<p> Torh\u00fcter Fabian Vollmer vor dem Abschied?  <\/p>\n<p id=\"63712\">Dass sein Team nach dem fulminanten Aufstieg nun auch in der Verbandsliga auftrumpft, hat auch ihn \u00fcberrascht. \u201eWer h\u00e4tte das gedacht? Wenn wir als Aufsteiger jetzt Sechster oder Siebter w\u00e4ren, h\u00e4tte niemand gemeckert.\u201c Stattdessen mischt der TSV ganz oben mit. Um die Erfolgswelle auch im neuen Jahr zu konservieren, sollen \u201edrei bis vier\u201c Winterneuzug\u00e4nge den Kader verst\u00e4rken. Zwar wurden im Sommer zehn Spieler geholt, wirklich tief ist der Kader aber nur im Mittelfeld. Im Raum steht der Abgang von Keeper Fabian Vollmer, der seinen Stammplatz an Kevin Wieszolek verlor und beruflich eingespannt ist. F\u00fcr ihn m\u00fcsse Ersatz gesucht werden. Zwei Verteidiger und ein Angreifer k\u00f6nnten ebenfalls kommen \u2013 spruchreif sei aber noch nichts, verr\u00e4t Caliskan, der dann einen gr\u00f6\u00dferen Konkurrenzkampf erwartet. Mit Ali Bektas hat sich nach dem 2:1 \u00fcber Okriftel ein langj\u00e4hriger Spieler verabschiedet.<\/p>\n<p id=\"63712\">Eingespielt wirkt die Mannschaft allemal \u2013 sogar das Offensivtrio Ilias Amallah, Daniel Rudi und Mo Tahiri habe noch mal Entwicklungsschritte gemacht. \u201eEs ist Wahnsinn, wie sich die drei trotzdem noch weiterentwickelt haben und auch Alim G\u00f6cek hat nach anf\u00e4nglichen Schwierigkeiten einen Riesensprung gemacht\u201c, sagt Caliskan. Zudem hebt er die stabile Defensive um Malik Deveci, Abdullah Tasdelen, Eleazer Mensah und Youssef Chourak hervor.<\/p>\n<p> Viele &#8222;Kracher-Spiele&#8220; im neuen Jahr  <\/p>\n<p id=\"63712\">Nun steht die Hallensaison an, bei der der TSV traditionell eine gute Figur macht, ehe sich der Fokus im Fr\u00fchjahr zur\u00fcck auf die Verbandsliga verschiebt. \u201eWir hoffen, dass alle fit bleiben und gesund ins neue Jahr starten. 38 Punkte und ein Spiel weniger \u2013 das sieht gut aus\u201c, lacht Caliskan. Das A-Wort taucht im Vokabular noch nicht auf, daf\u00fcr ist die Saison fairerweise aber auch noch zu jung. \u201eEs w\u00e4re Quatsch, wenn wir sagen w\u00fcrden, wir wollten nicht aufsteigen. Aber es ist noch fr\u00fch, es kommen noch viele Kracher-Spiele.\u201c<\/p>\n<p> SV Hummetroth als Vorreiter  <\/p>\n<p id=\"63712\">Zur\u00fcckschauen ist daf\u00fcr aber erlaubt. Und so wird auch Klubchef Ilkay Candogan das Jahr 2025 noch lange in Erinnerung bleiben. \u201eVielleicht eines der besten Jahre der Vereinsgeschichte. Wir waren konstant, und wenn wir mal verloren haben, kamen wir st\u00e4rker zur\u00fcck. Wenn wir es von der Kreisoberliga bis in die Hessenliga schaffen w\u00fcrden \u2013 das w\u00e4re schon krass.\u201c Der SV Hummetroth hat es bereits vorgemacht \u2013 der kleine Verein aus dem Odenwald schaffte den Durchmarsch von der Kreisebene in Hessens Beletage.<\/p>\n<p> Candogan: Sportlatz am Niederfeld &#8222;hat nicht mal Verbandsliga-Niveau&#8220; <\/p>\n<p id=\"63712\">Dass die Hessenliga auch infrastrukturell ein ganz anderes Pflaster ist, l\u00e4sst sich nicht von der Hand weisen. Der TSV teilt sich den Sportplatz am Niederfeld seit jeher mit dem FC Freudenberg. \u201eDer Sportplatz hat nicht mal Verbandsliga-Niveau. Nur zwei Kabinen, ein abgenutzter Kunstrasen \u2013 das werde ich in der Winterpause mit der Stadt Wiesbaden besprechen. Wenn wir Wiesbaden pr\u00e4sentieren sollen, muss die Stadt auch hinter uns stehen\u201c, betont Candogan.<\/p>\n<p id=\"63712\">In Sachen Unterbau mache der Verein Fortschritte, in der kommenden Saison hofft man auf die Meldung einer C-Jugend. Finanziell stehe der TSV stabiler da als in den Jahren zuvor, auch das Schiedsrichtersoll erf\u00fclle man. Die kommenden Monate werden zeigen, ob aus einem au\u00dfergew\u00f6hnlichen Jahr auch ein weiterer au\u00dfergew\u00f6hnlicher Aufstieg w\u00e4chst.<\/p>\n","protected":false},"excerpt":{"rendered":"Wiesbaden. Seit der SV Wiesbaden 2016 aus finanziellen Gr\u00fcnden aus der Hessenliga abstieg, hat kein Verein aus der&hellip;\n","protected":false},"author":2,"featured_media":622200,"comment_status":"","ping_status":"","sticky":false,"template":"","format":"standard","meta":{"footnotes":""},"categories":[1847],"tags":[3364,29,548,663,3934,30,69093,13,2052,14,15,12,19955,20740,4544],"class_list":{"0":"post-622199","1":"post","2":"type-post","3":"status-publish","4":"format-standard","5":"has-post-thumbnail","7":"category-wiesbaden","8":"tag-de","9":"tag-deutschland","10":"tag-eu","11":"tag-europa","12":"tag-europe","13":"tag-germany","14":"tag-goekhan-caliskan","15":"tag-headlines","16":"tag-hessen","17":"tag-nachrichten","18":"tag-news","19":"tag-schlagzeilen","20":"tag-tuerkischer-sv-wiesbaden","21":"tag-verbandsliga-hessen-mitte","22":"tag-wiesbaden"},"share_on_mastodon":{"url":"https:\/\/pubeurope.com\/@de\/115660149436677932","error":""},"_links":{"self":[{"href":"https:\/\/www.europesays.com\/de\/wp-json\/wp\/v2\/posts\/622199","targetHints":{"allow":["GET"]}}],"collection":[{"href":"https:\/\/www.europesays.com\/de\/wp-json\/wp\/v2\/posts"}],"about":[{"href":"https:\/\/www.europesays.com\/de\/wp-json\/wp\/v2\/types\/post"}],"author":[{"embeddable":true,"href":"https:\/\/www.europesays.com\/de\/wp-json\/wp\/v2\/users\/2"}],"replies":[{"embeddable":true,"href":"https:\/\/www.europesays.com\/de\/wp-json\/wp\/v2\/comments?post=622199"}],"version-history":[{"count":0,"href":"https:\/\/www.europesays.com\/de\/wp-json\/wp\/v2\/posts\/622199\/revisions"}],"wp:featuredmedia":[{"embeddable":true,"href":"https:\/\/www.europesays.com\/de\/wp-json\/wp\/v2\/media\/622200"}],"wp:attachment":[{"href":"https:\/\/www.europesays.com\/de\/wp-json\/wp\/v2\/media?parent=622199"}],"wp:term":[{"taxonomy":"category","embeddable":true,"href":"https:\/\/www.europesays.com\/de\/wp-json\/wp\/v2\/categories?post=622199"},{"taxonomy":"post_tag","embeddable":true,"href":"https:\/\/www.europesays.com\/de\/wp-json\/wp\/v2\/tags?post=622199"}],"curies":[{"name":"wp","href":"https:\/\/api.w.org\/{rel}","templated":true}]}}