{"id":622224,"date":"2025-12-04T07:49:12","date_gmt":"2025-12-04T07:49:12","guid":{"rendered":"https:\/\/www.europesays.com\/de\/622224\/"},"modified":"2025-12-04T07:49:12","modified_gmt":"2025-12-04T07:49:12","slug":"nachrichten-im-ukraine-krieg-als-naechstes-trifft-witkoff-ukrainische-unterhaendler","status":"publish","type":"post","link":"https:\/\/www.europesays.com\/de\/622224\/","title":{"rendered":"+++ Nachrichten im Ukraine-Krieg +++: Als n\u00e4chstes trifft Witkoff ukrainische Unterh\u00e4ndler"},"content":{"rendered":"<p>\nNachdem die Gespr\u00e4che zwischen dem US-Gesandten und Russlands Pr\u00e4sident Putin keinen Durchbruch erzielten, beginnt nun die n\u00e4chste Runde der Gespr\u00e4che.\n<\/p>\n<p>Quo vadis, nach dem Gespr\u00e4ch von Witkoff mit Putin?<\/p>\n<p class=\"bodytext paragraph first  typo-bodytext is-block column pv-0 is-8-tablet mgh-auto-tablet mobile-order-2\" pos=\"2\">Nach seiner R\u00fcckkehr aus Moskau trifft sich der US-Sondergesandte Steve Witkoff nach Angaben aus US-Regierungskreisen am Donnerstag im Bundesstaat Florida mit dem ukrainischen Chefunterh\u00e4ndler Rustem Umerow. Bei dem Treffen dabei sein soll auch Jared Kushner, der Schwiegersohn und Berater von Pr\u00e4sident Donald Trump, wie ein Regierungsvertreter, der anonym bleiben wollte, der Nachrichtenagentur AFP sagte.<\/p>\n<p class=\"bodytext paragraph  typo-bodytext is-block column pv-0 is-8-tablet mgh-auto-tablet mobile-order-4\" pos=\"3\">Witkoff und Kushner hatten sich <a href=\"https:\/\/taz.de\/US-Delegation-in-Moskau\/!6134751\/\" class=\"link in-text-link\" rel=\"nofollow noopener\" target=\"_blank\">am Dienstag in Moskau mit Kreml-Chef Wladimir Putin getroffen<\/a>, um \u00fcber ein Ende des Krieges in der Ukraine zu sprechen. <a href=\"https:\/\/taz.de\/Krieg-in-der-Ukraine\/!6134952\/\" class=\"link in-text-link\" rel=\"nofollow noopener\" target=\"_blank\">Das mehrere Stunden dauernde Gespr\u00e4ch brachte jedoch keinen Durchbruch<\/a>. Dennoch bescheinigte US-Pr\u00e4sident Trump Putin den Willen zu einer Friedensl\u00f6sung in der Ukraine. \u201eEr will den Krieg beenden\u201c, sagte Trump am Mittwoch in Washington. Der US-Pr\u00e4sident sprach von einem \u201esehr guten Treffen\u201c zwischen Kushner, Witkoff und Putin in Moskau.<\/p>\n<p class=\"bodytext paragraph  typo-bodytext is-block column pv-0 is-8-tablet mgh-auto-tablet mobile-order-5\" pos=\"4\">Aus dem Kreml hatte es zuvor gehei\u00dfen, <a href=\"https:\/\/taz.de\/1379-Tage-Krieg-in-der-Ukraine\/!6128339\/\" class=\"link in-text-link\" rel=\"nofollow noopener\" target=\"_blank\">in den zentralen Territorialfragen<\/a> sei \u201enoch keine Kompromissl\u00f6sung\u201c gefunden worden. Russland zeigte sich jedoch zu weiteren Gespr\u00e4chsrunden mit der US-Regierung bereit. Ein zentrales Thema des Treffens im Kreml war die Zukunft der von Russland besetzten Gebiete der Ukraine, die etwa 19 Prozent des ukrainischen Staatsgebiets ausmachen.<\/p>\n<p class=\"bodytext paragraph  typo-bodytext is-block column pv-0 is-8-tablet mgh-auto-tablet mobile-order-6\" pos=\"5\">Grundlage des Gespr\u00e4chs am Dienstag im Kreml war der von Trump vorgelegte Ukraine-Plan. Der urspr\u00fcngliche Entwurf des Plans war auf Dr\u00e4ngen der Ukraine und ihrer europ\u00e4ischen Verb\u00fcndeten in zentralen Punkten \u00fcberarbeitet worden.<\/p>\n<p class=\"bodytext paragraph  typo-bodytext is-block column pv-0 is-8-tablet mgh-auto-tablet mobile-order-7\" pos=\"6\">Umerow und andere ukrainische Vertreter waren bereits am vergangenen Sonntag in Florida mit Witkoff, Kushner und US-Au\u00dfenminister Marco Rubio zusammengekommen, um \u00fcber die US-Vorschl\u00e4ge zu beraten. (afp)<\/p>\n<p>      Mahnung an Ukraine und Russland<\/p>\n<p class=\"bodytext paragraph  typo-bodytext is-block column pv-0 is-8-tablet mgh-auto-tablet mobile-order-10\" pos=\"8\">Die T\u00fcrkei fordert Russland und die Ukraine auf, die Energieinfrastruktur aus dem Krieg herauszuhalten. \u201eWir m\u00fcssen den Energiefluss ohne Unterbrechung aufrechterhalten\u201c, sagt Energieminister Alparslan Bayraktar. Hintergrund sind j\u00fcngste Angriffe auf Tanker vor der t\u00fcrkischen Schwarzmeerk\u00fcste. Die Ukraine nimmt verst\u00e4rkt russische \u00d6lexporte ins Visier, w\u00e4hrend Russland unter anderem das ukrainische Stromnetz bombardiert. (rtr)<\/p>\n<p>      China soll helfen, den Ukrainekrieg zu beenden<\/p>\n<p class=\"bodytext paragraph last  typo-bodytext is-block column pv-0 is-8-tablet mgh-auto-tablet mobile-order-12\" pos=\"10\">Frankreichs Pr\u00e4sident Emmanuel Macron dr\u00e4ngt Chinas Staatschef Xi Jinping zu einer engeren Zusammenarbeit zur Beendigung des Ukraine-Kriegs. \u201eWir m\u00fcssen uns weiterhin f\u00fcr Frieden und Stabilit\u00e4t in der Welt einsetzen\u201c, sagte Macron bei einem Treffen in Peking mit Blick auf den Konflikt in der Ukraine. Die Europ\u00e4ische Union erhofft sich von China Hilfe bei der Beendigung des Krieges. Die Volksrepublik will ihrerseits die Handelsstreitigkeiten mit der EU \u00fcber ihren subventionierten E-Auto-Sektor entsch\u00e4rfen und strebt angesichts der US-Z\u00f6lle nach diplomatischen Erfolgen. (rtr)<\/p>\n<p class=\"column  is-8-tablet mgh-auto-tablet headline typo-head-small pv-xsmall mobile-order-1\">taz lesen kann jede:r<\/p>\n<p class=\"article column first  is-8-tablet mgh-auto-tablet  mobile-order-2\">\nAls Genossenschaft geh\u00f6ren wir unseren Leser:innen. Und unser Journalismus ist nicht nur 100 % konzernfrei, sondern auch kostenfrei zug\u00e4nglich. Texte, die es nicht allen recht machen und Stimmen, die man woanders nicht h\u00f6rt \u2013 immer aus \u00dcberzeugung und hier auf taz.de ohne Paywall. Unsere Leser:innen m\u00fcssen nichts bezahlen, wissen aber, dass guter, kritischer Journalismus nicht aus dem Nichts entsteht. Daf\u00fcr sind wir sehr dankbar. Damit wir auch morgen noch unseren Journalismus machen k\u00f6nnen, brauchen wir mehr Unterst\u00fctzung. Unser n\u00e4chstes Ziel: 50.000 \u2013 und mit Ihrer Beteiligung k\u00f6nnen wir es schaffen. Setzen Sie ein Zeichen f\u00fcr die taz und f\u00fcr die Zukunft unseres Journalismus. Mit nur 5,- Euro sind Sie dabei!<br \/>\n<a href=\"http:\/\/taz.de\/taz-zahl-ich\/All-you-can-read\/!v=1de02231-6e4e-4740-968a-5a7cbe5495a1\/#matomo:pk_campaign=tzi-Bottom-4A&amp;pk_source=taz.de&amp;pk_medium=taz.de-Redaktion&amp;pk_content=tzi-Content-Teaser-Bottom&amp;pk_kwd=tzi-standardkampagne&amp;pk_placement=im-Artikel\" class=\"button primary-button typo-button-text\" onmousedown=\"sessionStorage.setItem(&#039;tziEinmalZahlenOriginId&#039;, 6135202 ); sessionStorage.setItem(&#039;tziEinmalZahlenOriginTitle&#039;, &#039;Als n\u00e4chstes trifft Witkoff ukrainische Unterh\u00e4ndler&#039; )\" x-init=\"$el.setAttribute(&#039;href&#039;, $el.getAttribute(&#039;href&#039;) + &#039;&amp;via=Bottom&#039;)\" role=\"link\" aria-label=\"jetzt unterst\u00fctzen\" rel=\"nofollow noopener\" target=\"_blank\"><br \/>\nJetzt unterst\u00fctzen<br \/>\n<\/a><\/p>\n","protected":false},"excerpt":{"rendered":"Nachdem die Gespr\u00e4che zwischen dem US-Gesandten und Russlands Pr\u00e4sident Putin keinen Durchbruch erzielten, beginnt nun die n\u00e4chste Runde&hellip;\n","protected":false},"author":2,"featured_media":622225,"comment_status":"","ping_status":"","sticky":false,"template":"","format":"standard","meta":{"footnotes":""},"categories":[4012],"tags":[331,332,13,14,15,12,317],"class_list":{"0":"post-622224","1":"post","2":"type-post","3":"status-publish","4":"format-standard","5":"has-post-thumbnail","7":"category-ukraine","8":"tag-aktuelle-nachrichten","9":"tag-aktuelle-news","10":"tag-headlines","11":"tag-nachrichten","12":"tag-news","13":"tag-schlagzeilen","14":"tag-ukraine"},"share_on_mastodon":{"url":"https:\/\/pubeurope.com\/@de\/115660204524883433","error":""},"_links":{"self":[{"href":"https:\/\/www.europesays.com\/de\/wp-json\/wp\/v2\/posts\/622224","targetHints":{"allow":["GET"]}}],"collection":[{"href":"https:\/\/www.europesays.com\/de\/wp-json\/wp\/v2\/posts"}],"about":[{"href":"https:\/\/www.europesays.com\/de\/wp-json\/wp\/v2\/types\/post"}],"author":[{"embeddable":true,"href":"https:\/\/www.europesays.com\/de\/wp-json\/wp\/v2\/users\/2"}],"replies":[{"embeddable":true,"href":"https:\/\/www.europesays.com\/de\/wp-json\/wp\/v2\/comments?post=622224"}],"version-history":[{"count":0,"href":"https:\/\/www.europesays.com\/de\/wp-json\/wp\/v2\/posts\/622224\/revisions"}],"wp:featuredmedia":[{"embeddable":true,"href":"https:\/\/www.europesays.com\/de\/wp-json\/wp\/v2\/media\/622225"}],"wp:attachment":[{"href":"https:\/\/www.europesays.com\/de\/wp-json\/wp\/v2\/media?parent=622224"}],"wp:term":[{"taxonomy":"category","embeddable":true,"href":"https:\/\/www.europesays.com\/de\/wp-json\/wp\/v2\/categories?post=622224"},{"taxonomy":"post_tag","embeddable":true,"href":"https:\/\/www.europesays.com\/de\/wp-json\/wp\/v2\/tags?post=622224"}],"curies":[{"name":"wp","href":"https:\/\/api.w.org\/{rel}","templated":true}]}}