{"id":622349,"date":"2025-12-04T09:06:29","date_gmt":"2025-12-04T09:06:29","guid":{"rendered":"https:\/\/www.europesays.com\/de\/622349\/"},"modified":"2025-12-04T09:06:29","modified_gmt":"2025-12-04T09:06:29","slug":"die-gewinner-von-tuerchen-4","status":"publish","type":"post","link":"https:\/\/www.europesays.com\/de\/622349\/","title":{"rendered":"Die Gewinner von T\u00fcrchen 4!"},"content":{"rendered":"<p class=\"mb-6 text-xs md:text-m lg:text-l font-serif group-[.font-sans]:font-sans \">\n    Fehlt noch etwas Deko f\u00fcr die eigenen vier W\u00e4nde? Dann kommt das 4. T\u00fcrchen des Karlsruher Adventskalenders wie gerufen. Dahinter verbirgt sich heute ein besonderer Gewinn:\u00a0<strong class=\"font-bold\">Die Galerie Jo Elwert in Karlsruhe stiftet 10 Gutscheine f\u00fcr Rahmungen im Wert von je 50 Euro!<\/strong>\n  <\/p>\n<p class=\"mb-6 text-xs md:text-m lg:text-l font-serif group-[.font-sans]:font-sans \">\n    Ob Familienfoto, Urlaubs-Erinnerung oder Lieblingskunstwerk \u2013 mit einem passenden Rahmen wird daraus ein echter Hingucker an der Wand. So bekommt Ihr Zuhause im Handumdrehen eine pers\u00f6nliche Note. F\u00fcr sch\u00f6ne Erinnerungen und ein stilvolles Wohnzimmer.\n  <\/p>\n<p class=\"mb-6 text-xs md:text-m lg:text-l font-serif group-[.font-sans]:font-sans \">\n    Ob Sie ihr Kunstwerk richtig in Szene setzen k\u00f6nnen, wissen Sie nach einem Blick auf Ihre Kalendernummer.\u00a0\u00a0<strong class=\"font-bold\">Das sind die Gewinner-Nummern hinter T\u00fcrchen 4:<\/strong>\n  <\/p>\n<ul rel=\"\" class=\"[&amp;&gt;li]:relative list-none  [&amp;&gt;li]:pl-[1.2em] [&amp;&gt;li]:marker:text-[0] [&amp;&gt;li]:relative [&amp;&gt;li]:before:absolute [&amp;&gt;li]:before:w-3 [&amp;&gt;li]:before:h-3 [&amp;&gt;li]:before:bg-brand [&amp;&gt;li]:before:left-0 [&amp;&gt;li]:before:top-[8px] [&amp;&gt;li]:before:rounded-full  my-5\">\n<li class=\" mb-3 text-xs md:text-m lg:text-l\">957<\/li>\n<li class=\" mb-3 text-xs md:text-m lg:text-l\">3470<\/li>\n<li class=\" mb-3 text-xs md:text-m lg:text-l\">887<\/li>\n<li class=\" mb-3 text-xs md:text-m lg:text-l\">1159<\/li>\n<li class=\" mb-3 text-xs md:text-m lg:text-l\">2889<\/li>\n<li class=\" mb-3 text-xs md:text-m lg:text-l\">213<\/li>\n<li class=\" mb-3 text-xs md:text-m lg:text-l\">1300<\/li>\n<li class=\" mb-3 text-xs md:text-m lg:text-l\">768<\/li>\n<li class=\" mb-3 text-xs md:text-m lg:text-l\">1264<\/li>\n<li class=\" mb-3 text-xs md:text-m lg:text-l\">1229<\/li>\n<\/ul>\n<p class=\"mb-6 text-xs md:text-m lg:text-l font-serif group-[.font-sans]:font-sans \">\n    Wir sagen herzlichen Gl\u00fcckwunsch!\n  <\/p>\n<p>    <img decoding=\"async\" src=\"https:\/\/images.mgpd.de\/img\/112596815\/crop\/c9_16-w100\/1509929629\/1888872134\/adventskalender.png\" alt=\"Karlsruher Adventskalender von Lions Club 2025\" title=\"Karlsruher Adventskalender von Lions Club 2025\" class=\"h-full w-full object-cover\"\/><\/p>\n<p>      Icon vergr\u00f6\u00dfern<\/p>\n<p>    Karlsruher Adventskalender von Lions Club 2025<br \/>\n    Foto: Lions Club Karlsruhe<\/p>\n<p>        Schlie\u00dfen <\/p>\n<p>      Icon Schlie\u00dfen<\/p>\n<p>        Icon vergr\u00f6\u00dfern<\/p>\n<p>        Icon verkleinern<\/p>\n<p>      Icon Pfeil bewegen<\/p>\n<p>    Karlsruher Adventskalender von Lions Club 2025<br \/>\n    Foto: Lions Club Karlsruhe<\/p>\n<p>            Gewonnen! Wie geht\u2018s weiter?<\/p>\n<p class=\"mb-6 text-xs md:text-m lg:text-l font-serif group-[.font-sans]:font-sans \">\n    Die pers\u00f6nliche Gl\u00fccksnummer wurde gezogen &#8211; wie geht es jetzt weiter? Die gewonnenen Preise k\u00f6nnen nur gegen Vorlage des Original-Kalenders bei den auf der R\u00fcckseite der Kalender angegebenen Abholstellen geholt oder eingel\u00f6st werden. Eine Auszahlung in bar oder ein Umtausch ist nicht m\u00f6glich.\u00a0<strong class=\"font-bold\">Bis zum 1. M\u00e4rz 2026 nicht abgeholte oder eingel\u00f6ste Preise verfallen.<\/strong>\n  <\/p>\n<p>            Nicht gewonnen? Gutes Gewissen bleibt!<\/p>\n<p class=\"mb-6 text-xs md:text-m lg:text-l font-serif group-[.font-sans]:font-sans \">\n    Auch wenn die jeweilige Nummer nicht zum Zug kommt, das gute Gewissen bleibt: Allj\u00e4hrlich wird mit dem Kalender f\u00fcr soziale Projekte in der Region gesammelt. <a href=\"https:\/\/www.ka-news.de\/karlsruhe\/ka-news-oeffnet-den-karlsruher-adventskalender-von-lions-club-2025-112596746\" target=\"_self\" class=\"underline \" rel=\"noopener\">Der diesj\u00e4hrige Reinerl\u00f6s &#8211; voraussichtlich rund 24.000 Euro &#8211; wird in dieser 19. Auflage der Aktion wieder f\u00fcr kulturelle und soziale Projekte f\u00fcr Kinder und Jugendliche in Karlsruhe verwendet<\/a>. Jeder Kalender hat die Chance, einen der zahlreichen Preise im Gesamtwert von rund 12.500 Euro zu gewinnen.\n  <\/p>\n<p>            Bisherige Gewinner:<\/p>\n<p class=\"mb-6 text-xs md:text-m lg:text-l font-serif group-[.font-sans]:font-sans \">\n    Ab dem 1. Dezember gibt ka-news.de t\u00e4glich die jeweiligen Gewinner-Zahlen bekannt. Der Adventskalender ist eine Kooperation mit dem Lions Club Karlsruhe. Alle Angaben sind ohne Gew\u00e4hr.\n  <\/p>\n<ul rel=\"\" class=\"[&amp;&gt;li]:relative list-none  [&amp;&gt;li]:pl-[1.2em] [&amp;&gt;li]:marker:text-[0] [&amp;&gt;li]:relative [&amp;&gt;li]:before:absolute [&amp;&gt;li]:before:w-3 [&amp;&gt;li]:before:h-3 [&amp;&gt;li]:before:bg-brand [&amp;&gt;li]:before:left-0 [&amp;&gt;li]:before:top-[8px] [&amp;&gt;li]:before:rounded-full  my-5\">\n<li class=\" mb-3 text-xs md:text-m lg:text-l\"><a href=\"https:\/\/www.ka-news.de\/region\/karlsruhe\/ka-newsde-oeffnet-das-1-tuerchen-am-karlsruher-adventskalender-lesestoff-fuer-die-adventszeit-art-3261799\" target=\"_self\" class=\"underline \" rel=\"noopener\">Gewinner T\u00fcrchen 1<\/a><\/li>\n<li class=\" mb-3 text-xs md:text-m lg:text-l\"><a href=\"https:\/\/www.ka-news.de\/region\/karlsruhe\/ka-newsde-oeffnet-das-2-tuerchen-am-karlsruher-adventskalender-mach-es-dir-gemuetlich-art-3261808\" target=\"_self\" class=\"underline \" rel=\"noopener\">Gewinner T\u00fcrchen 2<\/a><\/li>\n<li class=\" mb-3 text-xs md:text-m lg:text-l\">Gewinner T\u00fcrchen 3<\/li>\n<\/ul>\n<ul data-module-id=\"DragDropModule\" class=\"flex flex-wrap justify-start group-[.no-bookmarks]:hidden\">\n<li class=\"mb-3 mr-3\">\n    Corina Bohner<\/p>\n<p>      Icon Haken im Kreis gesetzt<\/p>\n<p>      Icon Plus im Kreis<\/p>\n<\/li>\n<li class=\"mb-3 mr-3\">\n    T\u00fcrchen<\/p>\n<p>      Icon Haken im Kreis gesetzt<\/p>\n<p>      Icon Plus im Kreis<\/p>\n<\/li>\n<li class=\"mb-3 mr-3\">\n    Adventskalender<\/p>\n<p>      Icon Haken im Kreis gesetzt<\/p>\n<p>      Icon Plus im Kreis<\/p>\n<\/li>\n<\/ul>\n","protected":false},"excerpt":{"rendered":"Fehlt noch etwas Deko f\u00fcr die eigenen vier W\u00e4nde? Dann kommt das 4. T\u00fcrchen des Karlsruher Adventskalenders wie&hellip;\n","protected":false},"author":2,"featured_media":620167,"comment_status":"","ping_status":"","sticky":false,"template":"","format":"standard","meta":{"footnotes":""},"categories":[1844],"tags":[25483,1634,3364,29,30,147396,8903,59117,140395],"class_list":{"0":"post-622349","1":"post","2":"type-post","3":"status-publish","4":"format-standard","5":"has-post-thumbnail","7":"category-karlsruhe","8":"tag-adventskalender","9":"tag-baden-wuerttemberg","10":"tag-de","11":"tag-deutschland","12":"tag-germany","13":"tag-jo-elwert","14":"tag-karlsruhe","15":"tag-lions-club","16":"tag-tuerchen"},"share_on_mastodon":{"url":"https:\/\/pubeurope.com\/@de\/115660508498002417","error":""},"_links":{"self":[{"href":"https:\/\/www.europesays.com\/de\/wp-json\/wp\/v2\/posts\/622349","targetHints":{"allow":["GET"]}}],"collection":[{"href":"https:\/\/www.europesays.com\/de\/wp-json\/wp\/v2\/posts"}],"about":[{"href":"https:\/\/www.europesays.com\/de\/wp-json\/wp\/v2\/types\/post"}],"author":[{"embeddable":true,"href":"https:\/\/www.europesays.com\/de\/wp-json\/wp\/v2\/users\/2"}],"replies":[{"embeddable":true,"href":"https:\/\/www.europesays.com\/de\/wp-json\/wp\/v2\/comments?post=622349"}],"version-history":[{"count":0,"href":"https:\/\/www.europesays.com\/de\/wp-json\/wp\/v2\/posts\/622349\/revisions"}],"wp:featuredmedia":[{"embeddable":true,"href":"https:\/\/www.europesays.com\/de\/wp-json\/wp\/v2\/media\/620167"}],"wp:attachment":[{"href":"https:\/\/www.europesays.com\/de\/wp-json\/wp\/v2\/media?parent=622349"}],"wp:term":[{"taxonomy":"category","embeddable":true,"href":"https:\/\/www.europesays.com\/de\/wp-json\/wp\/v2\/categories?post=622349"},{"taxonomy":"post_tag","embeddable":true,"href":"https:\/\/www.europesays.com\/de\/wp-json\/wp\/v2\/tags?post=622349"}],"curies":[{"name":"wp","href":"https:\/\/api.w.org\/{rel}","templated":true}]}}