{"id":622350,"date":"2025-12-04T09:07:15","date_gmt":"2025-12-04T09:07:15","guid":{"rendered":"https:\/\/www.europesays.com\/de\/622350\/"},"modified":"2025-12-04T09:07:15","modified_gmt":"2025-12-04T09:07:15","slug":"bpol-nrw-hauptbahnhof-muenster-bundespolizei-stellt-schreckschusswaffe-und-messer","status":"publish","type":"post","link":"https:\/\/www.europesays.com\/de\/622350\/","title":{"rendered":"BPOL NRW: Hauptbahnhof M\u00fcnster &#8211; Bundespolizei stellt Schreckschusswaffe und Messer &#8230;"},"content":{"rendered":"<p class=\"date\">04.12.2025 \u2013 09:46<\/p>\n<p class=\"customer\">\n                        <a class=\"story-customer\" title=\"weiter zum newsroom von Bundespolizeidirektion Sankt Augustin\" href=\"https:\/\/www.presseportal.de\/blaulicht\/nr\/70116\" rel=\"nofollow noopener\" target=\"_blank\">Bundespolizeidirektion Sankt Augustin<\/a>\n                    <\/p>\n<p><a class=\"glightbox event-trigger\" href=\"https:\/\/cache.pressmailing.net\/thumbnail\/story_hires\/a11691ea-4b70-49c1-9ae7-c45401dd71a1\/SichergestellteSchre~uffwaffe_Messer.jpg.jpg\" data-description=\"Sichergestellte Schreckschusswaffe und Messer\" data-category=\"medialightbox\" data-action=\"click\" data-label=\"single\" data-value=\"69314a82270000fd2c2723e7\" rel=\"nofollow noopener\" target=\"_blank\"><img decoding=\"async\" height=\"540\" with=\"720\" src=\"https:\/\/www.europesays.com\/de\/wp-content\/uploads\/2025\/12\/bpol-nrw-hauptbahnhof-m-nster-bundespolizei-stellt-schreckschusswaffe-und-messer-sicher.jpeg\"   alt=\"BPOL NRW: Hauptbahnhof M\u00fcnster - Bundespolizei stellt Schreckschusswaffe und Messer sicher\" class=\"single\"\/><\/a><\/p>\n<p><a data-category=\"citylink-story-view\" data-action=\"click\" data-label=\"Citylink in Meldungsansicht\" class=\"story-city event-trigger\" href=\"https:\/\/www.presseportal.de\/regional\/M%FCnster%20-%20M%F6hnesee\" title=\"News aus M\u00fcnster - M\u00f6hnesee \" rel=\"nofollow noopener\" target=\"_blank\">M\u00fcnster &#8211; M\u00f6hnesee<\/a> (ots)<\/p>\n<p>Einsatzkr\u00e4fte der Bundespolizei haben am Mittwochvormittag (4.Dezember) im Hauptbahnhof M\u00fcnster bei einem 57-j\u00e4hrigen Mann aus M\u00f6hnesee eine Schreckschusswaffe und zwei Messer sichergestellt.<\/p>\n<p>Mitarbeitende eines Schnellrestaurants hatten zuvor die Bundespolizei alarmiert, da der Mann im Lokal f\u00fcr alle G\u00e4ste sichtbar eine Schusswaffe am Hosenbund mitf\u00fchrte. Unter Androhung der Dienstwaffe stellten die Polizisten die Schreckschusswaffe sicher und fesselten den Mann. Bei der anschlie\u00dfenden Durchsuchung fanden sie bei dem Alkoholisierten zudem zwei Messer und Patronen f\u00fcr die Schreckschusswaffe. Alle Gegenst\u00e4nde, die der Mann laut eigenen Angaben zum Eigenschutz mitf\u00fchrte, wurden beschlagnahmt.<\/p>\n<p>Gegen den deutschen Staatsangeh\u00f6rigen wurde ein Ermittlungsverfahren eingeleitet.<\/p>\n<p>In diesem Zusammenhang weist die Bundespolizei auf das generelle Mitf\u00fchrverbot von Waffen im Hauptbahnhof M\u00fcnster hin.<\/p>\n<p class=\"contact-headline\">R\u00fcckfragen bitte an:<\/p>\n<p class=\"contact-text\">Bundespolizeidirektion Sankt Augustin<br \/>Bundespolizeiinspektion M\u00fcnster<br \/>Pressestelle<br \/>Roger Schl\u00e4chter<br \/>Telefon: 0251 97437 -1011 (oder -0)<br \/>E-Mail: <a href=\"https:\/\/www.presseportal.de\/blaulicht\/pm\/70116\/mailto: presse.ms@polizei.bund.de\" class=\"uri-mailto\" rel=\"nofollow noopener\" target=\"_blank\"> presse.ms@polizei.bund.de<\/a><br \/>X (Twitter): @BPOL NRW<\/p>\n<p>Internet: <a target=\"_blank\" class=\"uri-ext outbound\" rel=\"noopener nofollow\" href=\"https:\/\/www.bundespolizei.de\">www.bundespolizei.de<\/a><\/p>\n<p>Bahnhofstr. 1<br \/>48143 M\u00fcnster<\/p>\n<p>Weitere Informationen erhalten Sie unter <a target=\"_blank\" class=\"uri-ext outbound\" rel=\"noopener nofollow\" href=\"https:\/\/www.bundespolizei.de\">www.bundespolizei.de<\/a> oder <br \/>unter oben genannter Kontaktadresse.<\/p>\n<p class=\"originator\">Original-Content von: Bundespolizeidirektion Sankt Augustin, \u00fcbermittelt durch news aktuell<\/p>\n","protected":false},"excerpt":{"rendered":"04.12.2025 \u2013 09:46 Bundespolizeidirektion Sankt Augustin M\u00fcnster &#8211; M\u00f6hnesee (ots) Einsatzkr\u00e4fte der Bundespolizei haben am Mittwochvormittag (4.Dezember) im&hellip;\n","protected":false},"author":2,"featured_media":622351,"comment_status":"","ping_status":"","sticky":false,"template":"","format":"standard","meta":{"footnotes":""},"categories":[1843],"tags":[3364,29,30,177,8970,1209,176,121,178,180,179,181],"class_list":{"0":"post-622350","1":"post","2":"type-post","3":"status-publish","4":"format-standard","5":"has-post-thumbnail","7":"category-muenster","8":"tag-de","9":"tag-deutschland","10":"tag-germany","11":"tag-kriminalitt","12":"tag-muenster","13":"tag-nordrhein-westfalen","14":"tag-nrw","15":"tag-polizei","16":"tag-presse","17":"tag-pressemeldung","18":"tag-pressemitteilung","19":"tag-pressemitteilungen"},"share_on_mastodon":{"url":"https:\/\/pubeurope.com\/@de\/115660512578700000","error":""},"_links":{"self":[{"href":"https:\/\/www.europesays.com\/de\/wp-json\/wp\/v2\/posts\/622350","targetHints":{"allow":["GET"]}}],"collection":[{"href":"https:\/\/www.europesays.com\/de\/wp-json\/wp\/v2\/posts"}],"about":[{"href":"https:\/\/www.europesays.com\/de\/wp-json\/wp\/v2\/types\/post"}],"author":[{"embeddable":true,"href":"https:\/\/www.europesays.com\/de\/wp-json\/wp\/v2\/users\/2"}],"replies":[{"embeddable":true,"href":"https:\/\/www.europesays.com\/de\/wp-json\/wp\/v2\/comments?post=622350"}],"version-history":[{"count":0,"href":"https:\/\/www.europesays.com\/de\/wp-json\/wp\/v2\/posts\/622350\/revisions"}],"wp:featuredmedia":[{"embeddable":true,"href":"https:\/\/www.europesays.com\/de\/wp-json\/wp\/v2\/media\/622351"}],"wp:attachment":[{"href":"https:\/\/www.europesays.com\/de\/wp-json\/wp\/v2\/media?parent=622350"}],"wp:term":[{"taxonomy":"category","embeddable":true,"href":"https:\/\/www.europesays.com\/de\/wp-json\/wp\/v2\/categories?post=622350"},{"taxonomy":"post_tag","embeddable":true,"href":"https:\/\/www.europesays.com\/de\/wp-json\/wp\/v2\/tags?post=622350"}],"curies":[{"name":"wp","href":"https:\/\/api.w.org\/{rel}","templated":true}]}}