{"id":622379,"date":"2025-12-04T09:23:11","date_gmt":"2025-12-04T09:23:11","guid":{"rendered":"https:\/\/www.europesays.com\/de\/622379\/"},"modified":"2025-12-04T09:23:11","modified_gmt":"2025-12-04T09:23:11","slug":"merz-migrationskurs-kostete-der-union-waehlerstimmen","status":"publish","type":"post","link":"https:\/\/www.europesays.com\/de\/622379\/","title":{"rendered":"Merz\u2019 Migrationskurs kostete der Union W\u00e4hlerstimmen"},"content":{"rendered":"<p class=\"tspCAm9 tspCAna\">Die von CDU\/CSU-Kanzlerkandidat Friedrich Merz kurz vor der Bundestagswahl betonte Migrationspolitik samt einer gemeinsamen <a href=\"https:\/\/www.tagesspiegel.de\/politik\/dieses-manover-ist-politischer-selbstmord-unionsabgeordnete-furchten-nach-merz-aussage-den-fall-der-brandmauer-13077793.html?icid=in-text-link_15005809\" class=\"link link--internal\" data-gtm-class=\"article-text-link\" data-gtm-val=\"internal\" target=\"_blank\" rel=\"noopener\">Bundestagsabstimmung mit der AfD<\/a> hat der Union eher W\u00e4hlerstimmen gekostet als gebracht. Das ergibt eine Studie der CDU-nahen Konrad-Adenauer-Stiftung (KAS), die dem Tagesspiegel exklusiv vorliegt. Daf\u00fcr wertete das Meinungsforschungsinstitut Ipsos die Angaben von 700 B\u00fcrgerinnen und B\u00fcrgern vor und nach der Bundestagswahl vom 23. Februar aus. <\/p>\n<p class=\"tspCAm9\">\u201eVon der Betonung der Migrationsfrage ab Januar 2025 konnte die Union mutma\u00dflich nicht profitieren\u201c, hei\u00dft es in der Untersuchung. Im Vergleich des Wahlergebnisses mit den Umfragen vor der Wahl habe die Union nicht alle Sympathisanten halten und \u201enur einen Teil des vorhandenen Potenzials bei anderen W\u00e4hlerschaften mobilisieren\u201c k\u00f6nnen.  <\/p>\n<p class=\"tspCAm9\">Anders gesagt: Mit Themen wie der zuvor von Merz gesetzten Wirtschaftspolitik h\u00e4tte die Union mehr W\u00e4hler f\u00fcr sich gewinnen k\u00f6nnen. So verwiesen bei der Umfrage B\u00fcrger, die noch vor der Wahl im November 2024 mit der Union sympathisierten, dann aber f\u00fcr SPD oder Gr\u00fcne stimmten, auf \u201edas Abstimmungsverhalten der CDU mit der AfD\u201c oder die \u201eBrandmauerdiskussion\u201c. <\/p>\n<p><a href=\"https:\/\/www.tagesspiegel.de\/politik\/dieses-manover-ist-politischer-selbstmord-unionsabgeordnete-furchten-nach-merz-aussage-den-fall-der-brandmauer-13077793.html?icid=single-topic_15005809___\" data-gtm-class=\"article-mzt-link\" class=\"tspCTpe\" target=\"_blank\" rel=\"noopener\">\u201eDieses Man\u00f6ver ist politischer Selbstmord\u201c Unionsabgeordnete f\u00fcrchten nach Merz-Aussage den Fall der Brandmauer <\/a><\/p>\n<p class=\"tspCAm9\">Bei der <a href=\"https:\/\/www.tagesspiegel.de\/berlin\/vom-roten-meer-zur-dreigeteilten-stadt-so-stark-hat-sich-die-politische-stimmung-in-berlin-gewandelt-13255597.html?icid=in-text-link_15005809\" class=\"link link--internal\" data-gtm-class=\"article-text-link\" data-gtm-val=\"internal\" target=\"_blank\" rel=\"noopener\">Bundestagswahl<\/a> hatte die CDU\/CSU 28,5 Prozent der Stimmen erreicht und damit weit weniger als erhofft und erwartet. <a href=\"https:\/\/www.wahlrecht.de\/umfragen\/dimap.htm\" target=\"_blank\" rel=\"noopener\" class=\"link link--external\" data-gtm-class=\"article-text-link\" data-gtm-val=\"external\" aria-describedby=\"message-target-blank\">Noch im Dezember 2024 hatte Infratest Dimap in der Sonntagsfrage eine Zustimmung von 33 Prozent gemessen.<\/a><\/p>\n<p class=\"tspCAm9\">Die Linke habe zwischen Ende 2024 und der Wahl im Februar \u201eaus allen Richtungen Zuw\u00e4chse verzeichnet\u201c, ist in der KAS-Studie zu lesen. Die Gr\u00fcnde f\u00fcr deren gestiegenen Zuspruch: gr\u00f6\u00dfere Hoffnung, die F\u00fcnf-Prozent-Sperrklausel zu \u00fcberwinden, eine Rolle als \u201eAntipol gegen rechts und die AfD\u201c, au\u00dferdem \u201eMiet-, Steuer- und Sozialpolitik [\u2026], Auftritte im Wahlkampf, Plakate, TikTok bis hin zu Friedenspolitik\u201c. <\/p>\n<p class=\"tspCAm9\"><a href=\"https:\/\/www.wahlrecht.de\/umfragen\/dimap.htm\" target=\"_blank\" rel=\"noopener\" class=\"link link--external\" data-gtm-class=\"article-text-link\" data-gtm-val=\"external\" aria-describedby=\"message-target-blank\">Die Linke, die bei der Wahl 8,8 Prozent errang, hatte noch Anfang 2025 bei nur vier Prozent gelegen.<\/a> \u201eDie Linke profitierte mutma\u00dflich von der Betonung der Migrationsfrage ab Januar 2025\u201c, hei\u00dft es in der 34-seitigen KAS-Studie<\/p>\n<p class=\"tspCAm9\">Insgesamt hatte Ipsos f\u00fcr die Erhebung Ende des vergangenen Jahres 3535 B\u00fcrgerinnen und B\u00fcrger befragt und nach der Wahl in diesem Februar 4001. F\u00fcr das Ergebnis der Erhebung wurden die Antworten von 700 Befragten ber\u00fccksichtigt, der Schnittmenge beider Umfragen.<\/p>\n<p> Wahlen 2026 <\/p>\n<p class=\"tspCAm9\">Im kommenden Jahr finden f\u00fcnf Landtagswahlen statt.<strong> Im M\u00e4rz w\u00e4hlen Baden-W\u00fcrttemberg und Rheinland-Pfalz. <\/strong>In Stuttgart regiert bisher Gr\u00fcn-Schwarz, in Mainz eine Ampel.<\/p>\n<p class=\"tspCAm9\">Aussichtsreiche Kandidaten f\u00fcr die Nachfolge von Ministerpr\u00e4sident Winfried Kretschmann (Gr\u00fcne) im L\u00e4ndle sind <strong>Manuel Hagel (CDU) und Cem \u00d6zdemir (Gr\u00fcne). <\/strong>In Mainz will <strong>Alexander Schweitzer (SPD) <\/strong>sein Amt verteidigen. Ihn fordert <strong>Gordon Schnieder (CDU) <\/strong>heraus.\u00a0\u00a0<\/p>\n<p class=\"tspCAm9\">Im September w\u00e4hlen Sachsen-Anhalt, Berlin und Mecklenburg-Vorpommern.<strong> <\/strong>In Sachsen-Anhalt will <strong>Sven Schulze (CDU) <\/strong>seinen Parteifreund <strong>Reiner Haseloff<\/strong> beerben. In Umfragen liegt die AfD mit Spitzenkandidat<strong> Ulrich Siegmund<\/strong> klar vorn.<strong> <\/strong>Bisher regieren in Magdeburg CDU, SPD und FDP. <\/p>\n<p class=\"tspCAm9\">In Berlin wollen <strong>Steffen Krach (SPD), Werner Graf (Gr\u00fcne) und Elif Eralp (Linke) Kai Wegner (CDU)<\/strong> im Roten Rathaus abl\u00f6sen. Er regiert mit Schwarz-Rot. In Mecklenburg-Vorpommern muss <strong>Manuela Schwesig (SPD) <\/strong>um ihr Amt als Regierungschefin k\u00e4mpfen, herausgefordert von <strong>Daniel Peters (CDU) und Leif-Erik Holm (AfD).<\/strong> (dfs)<\/p>\n<p class=\"tspCAm9\">F\u00fcr die Anh\u00e4nger der Union waren die schwache Wirtschaft, die Inflation und die Infrastruktur zusammen das mit Abstand wichtigste politische Problem (29 Prozent), deutlich vor Migration\/Zuwanderung (19 Prozent) und Krieg\/internationale Konflikte\/Au\u00dfenpolitik (14 Prozent). Die Anh\u00e4nger der Linken nannten an erster Stelle soziale Ungerechtigkeit\/Armut\/Mieten (21 Prozent), gefolgt von AfD\/Rechtsruck\/Fremdenfeindlichkeit (zw\u00f6lf Prozent). <\/p>\n<p class=\"tspCAm9\">Anders als in den vergangenen Jahrzehnten machten die W\u00e4hlerinnen und W\u00e4hler ihre Wahlentscheidung mehr von inhaltlichen Positionen als von den Spitzenkandidaten abh\u00e4ngig.<\/p>\n<p><a href=\"https:\/\/www.tagesspiegel.de\/politik\/merz-und-die-aufsassigen-jungen-schon-gerhard-schroder-musste-gegen-rebellen-kampfen-14959175.html?icid=single-topic_15005809___\" data-gtm-class=\"article-mzt-link\" class=\"tspCTpe\" target=\"_blank\" rel=\"noopener\">Merz und die aufs\u00e4ssigen Jungen Schon Gerhard Schr\u00f6der musste gegen Rebellen k\u00e4mpfen <\/a><\/p>\n<p class=\"tspCAm9\">F\u00fcr die W\u00e4hler von AfD, Gr\u00fcnen, Linken, B\u00fcndnis Sahra Wagenknecht (BSW) war die Person des Spitzenkandidaten sehr wichtig, f\u00fcr die W\u00e4hler von Union und SPD weniger wichtig. So nennen 73 Prozent der AfD-W\u00e4hler die Spitzenkandidatin Alice Weidel wichtig, 63 Prozent der BSW-W\u00e4hler sagen das \u00fcber Sahra Wagenknecht und 62 Prozent der Gr\u00fcnen-W\u00e4hler \u00fcber Robert Habeck. <\/p>\n<p class=\"tspCAm9\">Bei den Anh\u00e4nger von Union und Linken sagen es jeweils 53 Prozent \u00fcber Merz und Heidi Reichinnek. Hingegen war f\u00fcr nur 46 Prozent der SPD-Anh\u00e4nger Olaf Scholz wichtig (2021: 79 Prozent). Scholz war deutlich weniger beliebt als <a href=\"https:\/\/www.tagesspiegel.de\/politik\/der-generalist-der-partei-auf-wahlkampftour-mit-dem-spd-kanzlerkandidaten-der-herzen-13224646.html?icid=in-text-link_15005809\" class=\"link link--internal\" data-gtm-class=\"article-text-link\" data-gtm-val=\"internal\" target=\"_blank\" rel=\"noopener\">Verteidigungsminister Boris Pistorius, der zeitweise als SPD-Kanzlerkandidat gehandelt wurde<\/a>, aber nicht zum Zuge kam.    <\/p>\n<p class=\"tspCAm9\">Der Trend zur Bereitschaft, von Wahl zu Wahl f\u00fcr unterschiedliche Parteien zu stimmen, ist nach wie vor gro\u00df. Rund 60 Prozent der Befragten sagten vor der Wahl 2025, sie k\u00f6nnten sich auch vorstellen, ihr Kreuz bei einer anderen als ihrer bevorzugten Partei zu machen.  <\/p>\n<p> Mehr zu Schwarz-Rot <a href=\"https:\/\/www.tagesspiegel.de\/politik\/nervositat-vor-rentenabstimmung-steht-die-kanzlermehrheit--und-was-ist-das-uberhaupt-15000893.html?icid=topic-list_15005809___\" data-gtm-class=\"article-mzt-link\" data-hydrate-fingerprint=\"09740a54944caac75fd2c0c63fd5c5df\" data-hydrate-props=\"{&amp;escapedquot;element&amp;escapedquot;:{&amp;escapedquot;type&amp;escapedquot;:&amp;escapedquot;relatedContent&amp;escapedquot;,&amp;escapedquot;fieldMap&amp;escapedquot;:{},&amp;escapedquot;relation&amp;escapedquot;:{&amp;escapedquot;fields&amp;escapedquot;:{&amp;escapedquot;isPaid&amp;escapedquot;:true},&amp;escapedquot;href&amp;escapedquot;:&amp;escapedquot;\/politik\/nervositat-vor-rentenabstimmung-steht-die-kanzlermehrheit--und-was-ist-das-uberhaupt-15000893.html&amp;escapedquot;,&amp;escapedquot;teaserTitle&amp;escapedquot;:{&amp;escapedquot;kicker&amp;escapedquot;:&amp;escapedquot;Nervosit\u00e4t vor Rentenabstimmung&amp;escapedquot;,&amp;escapedquot;headline&amp;escapedquot;:&amp;escapedquot;Steht die \u201eKanzlermehrheit\u201c \u2013 und was ist das \u00fcberhaupt? &amp;escapedquot;},&amp;escapedquot;id&amp;escapedquot;:&amp;escapedquot;15000893&amp;escapedquot;,&amp;escapedquot;type&amp;escapedquot;:&amp;escapedquot;story&amp;escapedquot;},&amp;escapedquot;isPartOfList&amp;escapedquot;:true,&amp;escapedquot;topicListType&amp;escapedquot;:&amp;escapedquot;topic-list&amp;escapedquot;},&amp;escapedquot;showArrow&amp;escapedquot;:true}\" data-hydrate-slots=\"{&#039;default&#039;:[]}\" class=\"tspCTpe\" target=\"_blank\" rel=\"noopener\">Nervosit\u00e4t vor Rentenabstimmung Steht die \u201eKanzlermehrheit\u201c \u2013 und was ist das \u00fcberhaupt?  <\/a><a href=\"https:\/\/www.tagesspiegel.de\/politik\/mit-christian-lindner-war-es-am-schwierigsten-die-dienstalteste-haushalterin-im-bundestag-uber-macht-marchen-und-minister-14994926.html?icid=topic-list_15005809___\" data-gtm-class=\"article-mzt-link\" data-hydrate-fingerprint=\"09740a54944caac75fd2c0c63fd5c5df\" data-hydrate-props=\"{&amp;escapedquot;element&amp;escapedquot;:{&amp;escapedquot;type&amp;escapedquot;:&amp;escapedquot;relatedContent&amp;escapedquot;,&amp;escapedquot;fieldMap&amp;escapedquot;:{},&amp;escapedquot;relation&amp;escapedquot;:{&amp;escapedquot;fields&amp;escapedquot;:{&amp;escapedquot;isPaid&amp;escapedquot;:true},&amp;escapedquot;href&amp;escapedquot;:&amp;escapedquot;\/politik\/mit-christian-lindner-war-es-am-schwierigsten-die-dienstalteste-haushalterin-im-bundestag-uber-macht-marchen-und-minister-14994926.html&amp;escapedquot;,&amp;escapedquot;teaserTitle&amp;escapedquot;:{&amp;escapedquot;kicker&amp;escapedquot;:&amp;escapedquot;\u201eMit Christian Lindner war es am schwierigsten\u201c&amp;escapedquot;,&amp;escapedquot;headline&amp;escapedquot;:&amp;escapedquot;Die dienst\u00e4lteste Haush\u00e4lterin im Bundestag \u00fcber Macht, M\u00e4rchen und Minister&amp;escapedquot;},&amp;escapedquot;id&amp;escapedquot;:&amp;escapedquot;14994926&amp;escapedquot;,&amp;escapedquot;type&amp;escapedquot;:&amp;escapedquot;story&amp;escapedquot;},&amp;escapedquot;isPartOfList&amp;escapedquot;:true,&amp;escapedquot;topicListType&amp;escapedquot;:&amp;escapedquot;topic-list&amp;escapedquot;},&amp;escapedquot;showArrow&amp;escapedquot;:true}\" data-hydrate-slots=\"{&#039;default&#039;:[]}\" class=\"tspCTpe\" target=\"_blank\" rel=\"noopener\">\u201eMit Christian Lindner war es am schwierigsten\u201c Die dienst\u00e4lteste Haush\u00e4lterin im Bundestag \u00fcber Macht, M\u00e4rchen und Minister <\/a><a href=\"https:\/\/www.tagesspiegel.de\/politik\/nrw-ministerprasident-hendrik-wust-im-gesprach-alle-versuche-diese-partei-nach-rechts-zu-schieben-werden-scheitern-14982293.html?icid=topic-list_15005809___\" data-gtm-class=\"article-mzt-link\" data-hydrate-fingerprint=\"09740a54944caac75fd2c0c63fd5c5df\" data-hydrate-props=\"{&amp;escapedquot;element&amp;escapedquot;:{&amp;escapedquot;type&amp;escapedquot;:&amp;escapedquot;relatedContent&amp;escapedquot;,&amp;escapedquot;fieldMap&amp;escapedquot;:{},&amp;escapedquot;relation&amp;escapedquot;:{&amp;escapedquot;fields&amp;escapedquot;:{&amp;escapedquot;isPaid&amp;escapedquot;:true},&amp;escapedquot;href&amp;escapedquot;:&amp;escapedquot;\/politik\/nrw-ministerprasident-hendrik-wust-im-gesprach-alle-versuche-diese-partei-nach-rechts-zu-schieben-werden-scheitern-14982293.html&amp;escapedquot;,&amp;escapedquot;teaserTitle&amp;escapedquot;:{&amp;escapedquot;kicker&amp;escapedquot;:&amp;escapedquot;NRW-Ministerpr\u00e4sident W\u00fcst im Gespr\u00e4ch&amp;escapedquot;,&amp;escapedquot;headline&amp;escapedquot;:&amp;escapedquot;\u201eAlle Versuche, diese Partei nach rechts zu schieben, werden scheitern\u201c&amp;escapedquot;},&amp;escapedquot;id&amp;escapedquot;:&amp;escapedquot;14982293&amp;escapedquot;,&amp;escapedquot;type&amp;escapedquot;:&amp;escapedquot;story&amp;escapedquot;},&amp;escapedquot;isPartOfList&amp;escapedquot;:true,&amp;escapedquot;topicListType&amp;escapedquot;:&amp;escapedquot;topic-list&amp;escapedquot;},&amp;escapedquot;showArrow&amp;escapedquot;:true}\" data-hydrate-slots=\"{&#039;default&#039;:[]}\" class=\"tspCTpe\" target=\"_blank\" rel=\"noopener\">NRW-Ministerpr\u00e4sident W\u00fcst im Gespr\u00e4ch \u201eAlle Versuche, diese Partei nach rechts zu schieben, werden scheitern\u201c <\/a><\/p>\n<p class=\"tspCAm9\">So konnten sich 25 Prozent der Unionsw\u00e4hler vorstellen, FDP zu w\u00e4hlen. F\u00fcr 15 Prozent kam ein SPD-Votum infrage. Die SPD-W\u00e4hler neigten zu den Gr\u00fcnen als Alternative (32 Prozent), gefolgt von der Union (17 Prozent). Unter den Gr\u00fcnen-W\u00e4hlern gaben 41 Prozent an, sich eine Stimme f\u00fcr die SPD vorstellen zu k\u00f6nnen, und 13 Prozent f\u00fcr die Union. <\/p>\n<p class=\"tspCAm9\">Die AfD-W\u00e4hler sagten zu 22 Prozent, sie k\u00f6nnten sich vorstellen, ihr Kreuz bei der Union zu machen, 18 Prozent nannten das BSW. Die BSW-W\u00e4hler neigten am ehesten zu der AfD als politischer Alternative (19 Prozent), gefolgt von der Union (14 Prozent).    <\/p>\n","protected":false},"excerpt":{"rendered":"Die von CDU\/CSU-Kanzlerkandidat Friedrich Merz kurz vor der Bundestagswahl betonte Migrationspolitik samt einer gemeinsamen Bundestagsabstimmung mit der AfD&hellip;\n","protected":false},"author":2,"featured_media":622380,"comment_status":"","ping_status":"","sticky":false,"template":"","format":"standard","meta":{"footnotes":""},"categories":[5],"tags":[331,332,424,21,31,774,3364,29,536,775,30,13,871,382,14,15,1175,12,184,151,6799],"class_list":{"0":"post-622379","1":"post","2":"type-post","3":"status-publish","4":"format-standard","5":"has-post-thumbnail","7":"category-nachrichten","8":"tag-aktuelle-nachrichten","9":"tag-aktuelle-news","10":"tag-bundestagswahl","11":"tag-buendnis-90-die-gruenen","12":"tag-cdu","13":"tag-csu","14":"tag-de","15":"tag-deutschland","16":"tag-die-linke","17":"tag-friedrich-merz","18":"tag-germany","19":"tag-headlines","20":"tag-inflation","21":"tag-migration","22":"tag-nachrichten","23":"tag-news","24":"tag-olaf-scholz","25":"tag-schlagzeilen","26":"tag-spd","27":"tag-tiktok","28":"tag-wahlkampf"},"share_on_mastodon":{"url":"","error":""},"_links":{"self":[{"href":"https:\/\/www.europesays.com\/de\/wp-json\/wp\/v2\/posts\/622379","targetHints":{"allow":["GET"]}}],"collection":[{"href":"https:\/\/www.europesays.com\/de\/wp-json\/wp\/v2\/posts"}],"about":[{"href":"https:\/\/www.europesays.com\/de\/wp-json\/wp\/v2\/types\/post"}],"author":[{"embeddable":true,"href":"https:\/\/www.europesays.com\/de\/wp-json\/wp\/v2\/users\/2"}],"replies":[{"embeddable":true,"href":"https:\/\/www.europesays.com\/de\/wp-json\/wp\/v2\/comments?post=622379"}],"version-history":[{"count":0,"href":"https:\/\/www.europesays.com\/de\/wp-json\/wp\/v2\/posts\/622379\/revisions"}],"wp:featuredmedia":[{"embeddable":true,"href":"https:\/\/www.europesays.com\/de\/wp-json\/wp\/v2\/media\/622380"}],"wp:attachment":[{"href":"https:\/\/www.europesays.com\/de\/wp-json\/wp\/v2\/media?parent=622379"}],"wp:term":[{"taxonomy":"category","embeddable":true,"href":"https:\/\/www.europesays.com\/de\/wp-json\/wp\/v2\/categories?post=622379"},{"taxonomy":"post_tag","embeddable":true,"href":"https:\/\/www.europesays.com\/de\/wp-json\/wp\/v2\/tags?post=622379"}],"curies":[{"name":"wp","href":"https:\/\/api.w.org\/{rel}","templated":true}]}}