{"id":622417,"date":"2025-12-04T09:45:22","date_gmt":"2025-12-04T09:45:22","guid":{"rendered":"https:\/\/www.europesays.com\/de\/622417\/"},"modified":"2025-12-04T09:45:22","modified_gmt":"2025-12-04T09:45:22","slug":"feuerwehreinsatz-in-stuttgart-west-mehrere-muelltonnen-gehen-in-flammen-auf-polizei-ermittelt","status":"publish","type":"post","link":"https:\/\/www.europesays.com\/de\/622417\/","title":{"rendered":"Feuerwehreinsatz in Stuttgart-West: Mehrere M\u00fclltonnen gehen in Flammen auf \u2013 Polizei ermittelt"},"content":{"rendered":"<p>\t\t\t\t\t\t\t\t\t\t\t\t\t\t\t\t\t\t\t\t\t\t\t\t\t\t\t\t      \t\t            \t\t             \t\t\t\t   \t\t\t\t\t   <img decoding=\"async\" id=\"article-image\" fetchpriority=\"high\" alt=\"Feuerwehreinsatz in Stuttgart-West: Mehrere M\u00fclltonnen gehen in Flammen auf \u2013 Polizei ermittelt\" title=\"Feuerwehreinsatz in Stuttgart-West: Mehrere M\u00fclltonnen gehen in Flammen auf \u2013 Polizei ermittelt\" src=\"https:\/\/www.europesays.com\/de\/wp-content\/uploads\/2025\/12\/media.media.2420e436-44f5-4d21-8144-8096c9273ab7.16x9_700.jpg\" data-linkto=\"https:\/\/www.stuttgarter-nachrichten.de\/javascript:void(0);\"\/>\t\t\t\t\t\t\t\t\t\t\t\t\t\t\t\t\t\t\t\t\t\t\t\tIn der Silberburgstra\u00dfe in Stuttgart-West brannte gleich ein ganzer M\u00fcllunterstand.\u00a0Foto: Feuerwehr Stuttgart\t\t\t<\/p>\n<p>In Stuttgart-West brennen an zwei Orten beinahe zeitgleich mehrere M\u00fclltonnen. Anwohner reagieren geistesgegenw\u00e4rtig, die Feuerwehr l\u00f6scht die Br\u00e4nde, die Polizei ermittelt.<\/p>\n<p> Mehrere M\u00fclltonnen sind am Mittwochabend im <a href=\"https:\/\/www.stuttgarter-nachrichten.de\/thema\/Stuttgart-West\" title=\"Stuttgarter Westen\" class=\"art_thema\" rel=\"nofollow noopener\" target=\"_blank\">Stuttgarter Westen<\/a> in <a href=\"https:\/\/www.stuttgarter-nachrichten.de\/thema\/Brand\" title=\"Brand\" class=\"art_thema\" rel=\"nofollow noopener\" target=\"_blank\">Brand<\/a> geraten. Die <a href=\"https:\/\/www.stuttgarter-nachrichten.de\/thema\/Feuerwehr\" title=\"Feuerwehr\" class=\"art_thema\" rel=\"nofollow noopener\" target=\"_blank\">Feuerwehr<\/a> r\u00fcckte aus und konnte die Br\u00e4nde l\u00f6schen, die <a href=\"https:\/\/www.stuttgarter-nachrichten.de\/thema\/Polizei\" title=\"Polizei\" class=\"art_thema\" rel=\"nofollow noopener\" target=\"_blank\">Polizei<\/a> hat ihre Ermittlungen zu den Brandursachen aufgenommen.<\/p>\n<p>Wie die Feuerwehr mitteilt, alarmierten Anwohner in der Johannesstra\u00dfe kurz nach 21 Uhr die Feuerwehr und meldeten eine brennende M\u00fclltonne an einer Hausfassade. Die Bewohner reagierten geistesgegenw\u00e4rtig und schoben die M\u00fclltonne vom Geb\u00e4ude weg. Als die Feuerwehr eintraf, stand die M\u00fclltonne auf der Stra\u00dfe bereits in Vollbrand. Die Einsatzkr\u00e4fte l\u00f6schten den Brand. <\/p>\n<p>  <img decoding=\"async\" loading=\"lazy\" src=\"https:\/\/www.europesays.com\/de\/wp-content\/uploads\/2025\/12\/media.media.5992c9d0-5493-472d-8850-a517c07f2ac5.original1024.media.jpeg\"\/>     In der Johannesstra\u00dfe brannte eine M\u00fclltonne.    Foto: Feuerwehr Stuttgart    <\/p>\n<p>Wenige Minuten sp\u00e4ter wurde die Feuerwehr erneut alarmiert, dieses Mal von Anwohnern in der Silberburgstra\u00dfe. Dort war ein kompletter M\u00fcllunterstand an einer Tiefgarageneinfahrt in Flammen aufgegangen. Als die Einsatzkr\u00e4fte eintrafen, brannte der M\u00fcllunterstand mit mehreren M\u00fclltonnen lichterloh. Laut Feuerwehr hatte der Brand bereits auf die umliegende Vegetation \u00fcbergegriffen und es kam zu einer starken Rauchentwicklung.<\/p>\n<p>Feuerwehr verhindert Brandausbreitung <\/p>\n<p>Auch diesen Brand l\u00f6schten die Feuerwehrleute. Es folgten umfangreiche Nachl\u00f6scharbeiten, au\u00dferdem wurden die umliegenden Wohngeb\u00e4ude und die Tiefgarage kontrolliert. So konnten die Einsatzkr\u00e4fte verhindern, dass sich der Brand weiter ausbreitete. Die Feuerwehr konnte gegen 22.45 Uhr wieder einr\u00fccken. Verletzt wurde bei den Br\u00e4nden niemand.<\/p>\n<p>Im Hinblick auf die Br\u00e4nde weist die Feuerwehr Stuttgart darauf hin, dass eigene L\u00f6schversuche oder das Wegschieben von brennenden M\u00fclltonnen nur dann durchgef\u00fchrt werden sollen, wenn man sich \u2013 wie im Fall der brennenden M\u00fclltonne in der Johannesstra\u00dfe \u2013 nicht selbst in Gefahr bringt.<\/p>\n","protected":false},"excerpt":{"rendered":"In der Silberburgstra\u00dfe in Stuttgart-West brannte gleich ein ganzer M\u00fcllunterstand.\u00a0Foto: Feuerwehr Stuttgart In Stuttgart-West brennen an zwei Orten&hellip;\n","protected":false},"author":2,"featured_media":622418,"comment_status":"","ping_status":"","sticky":false,"template":"","format":"standard","meta":{"footnotes":""},"categories":[1830],"tags":[1634,2919,3364,29,985,30,121,8248,1441,3654],"class_list":{"0":"post-622417","1":"post","2":"type-post","3":"status-publish","4":"format-standard","5":"has-post-thumbnail","7":"category-stuttgart","8":"tag-baden-wuerttemberg","9":"tag-brand","10":"tag-de","11":"tag-deutschland","12":"tag-feuerwehr","13":"tag-germany","14":"tag-polizei","15":"tag-polizeibericht-stuttgart","16":"tag-stuttgart","17":"tag-stuttgart-west"},"share_on_mastodon":{"url":"https:\/\/pubeurope.com\/@de\/115660660870958162","error":""},"_links":{"self":[{"href":"https:\/\/www.europesays.com\/de\/wp-json\/wp\/v2\/posts\/622417","targetHints":{"allow":["GET"]}}],"collection":[{"href":"https:\/\/www.europesays.com\/de\/wp-json\/wp\/v2\/posts"}],"about":[{"href":"https:\/\/www.europesays.com\/de\/wp-json\/wp\/v2\/types\/post"}],"author":[{"embeddable":true,"href":"https:\/\/www.europesays.com\/de\/wp-json\/wp\/v2\/users\/2"}],"replies":[{"embeddable":true,"href":"https:\/\/www.europesays.com\/de\/wp-json\/wp\/v2\/comments?post=622417"}],"version-history":[{"count":0,"href":"https:\/\/www.europesays.com\/de\/wp-json\/wp\/v2\/posts\/622417\/revisions"}],"wp:featuredmedia":[{"embeddable":true,"href":"https:\/\/www.europesays.com\/de\/wp-json\/wp\/v2\/media\/622418"}],"wp:attachment":[{"href":"https:\/\/www.europesays.com\/de\/wp-json\/wp\/v2\/media?parent=622417"}],"wp:term":[{"taxonomy":"category","embeddable":true,"href":"https:\/\/www.europesays.com\/de\/wp-json\/wp\/v2\/categories?post=622417"},{"taxonomy":"post_tag","embeddable":true,"href":"https:\/\/www.europesays.com\/de\/wp-json\/wp\/v2\/tags?post=622417"}],"curies":[{"name":"wp","href":"https:\/\/api.w.org\/{rel}","templated":true}]}}