{"id":622421,"date":"2025-12-04T09:47:12","date_gmt":"2025-12-04T09:47:12","guid":{"rendered":"https:\/\/www.europesays.com\/de\/622421\/"},"modified":"2025-12-04T09:47:12","modified_gmt":"2025-12-04T09:47:12","slug":"wichtiges-signal-fuer-zukunftsfaehigkeit-der-landwirtschaft-iva-begruesst","status":"publish","type":"post","link":"https:\/\/www.europesays.com\/de\/622421\/","title":{"rendered":"&#8222;Wichtiges Signal f\u00fcr Zukunftsf\u00e4higkeit der Landwirtschaft&#8220; \/ IVA begr\u00fc\u00dft &#8230;"},"content":{"rendered":"<p class=\"date\">04.12.2025 \u2013 10:20<\/p>\n<p class=\"customer\">\n                        <a class=\"story-customer\" title=\"weiter zum newsroom von Industrieverband Agrar e.V. (IVA)\" href=\"https:\/\/www.presseportal.de\/nr\/16070\" target=\"_blank\" rel=\"noopener\">Industrieverband Agrar e.V. (IVA)<\/a>\n                    <\/p>\n<p><a data-category=\"citylink-story-view\" data-action=\"click\" data-label=\"Citylink in Meldungsansicht\" class=\"story-city event-trigger\" href=\"https:\/\/www.presseportal.de\/regional\/Frankfurt%252FMain\" title=\"News aus Frankfurt\/Main \" target=\"_blank\" rel=\"noopener\">Frankfurt\/Main<\/a> (ots)<\/p>\n<p> Der Industrieverband Agar e. V. (IVA) begr\u00fc\u00dft die Einigung in Br\u00fcssel zwischen Rat, Kommission und Parlament zur Modernisierung der Regeln f\u00fcr Pflanzen aus Neuen Z\u00fcchtungsmethoden (NGT) als ausgewogenen Kompromiss: <\/p>\n<p> &#8222;Nach intensiven Verhandlungen folgt Br\u00fcssel endlich dem internationalen Vorbild und erm\u00f6glicht Europa einen praxistauglichen Weg zur Nutzung dringend ben\u00f6tigter Innovationen in der Pflanzenz\u00fcchtung. Angesichts sich versch\u00e4rfender Bedingungen braucht unsere Landwirtschaft neue L\u00f6sungen, um uns auch in Zukunft mit nachhaltig produzierten Lebensmitteln zu versorgen&#8220;, ordnet IVA-Hauptgesch\u00e4ftsf\u00fchrer Frank Gemmer das Verhandlungsergebnis im Trilog ein. <\/p>\n<p> Die EU ber\u00fccksichtigt eine Vielzahl von Interessen und nimmt zeitgleich eine wichtige Weichenstellung vor. In Zeiten erschwerter klimatischer Bedingungen, neuer Schaderreger und ambitionierter Nachhaltigkeitsziele sind die landwirtschaftlichen Betriebe auf einen breiten Instrumentenkoffer angewiesen. Der IVA zeigt sich optimistisch, dass mit diesem neuen Regelwerk der z\u00fcchterische Fortschritt beschleunigt werden kann. <\/p>\n<p> Der Industrieverband Agrar e. V. (IVA) vertritt die Interessen der Hersteller von Betriebsmitteln f\u00fcr einen nachhaltigen Pflanzenbau in Deutschland. Die 47 Mitgliedsunternehmen engagieren sich in den Bereichen Pflanzenschutz, Pflanzenern\u00e4hrung, Pflanzenz\u00fcchtung, Biostimulanzien und Sch\u00e4dlingsbek\u00e4mpfung. Die vom IVA vertretene Branche bietet innovative Produkte f\u00fcr eine moderne Landwirtschaft, professionellen Gartenbau und verantwortungsvolle Privatanwendung. <\/p>\n<p class=\"contact-headline\">Pressekontakt:<\/p>\n<p class=\"contact-text\">Industrieverband Agrar e. V., Pressestelle<br \/>Martin May<br \/>Tel. +49 69 2556-1249 oder +49 151 54417692<br \/>E-Mail: <a href=\"https:\/\/www.presseportal.de\/pm\/16070\/mailto: may.iva@vci.de\" class=\"uri-mailto\" target=\"_blank\" rel=\"noopener\"> may.iva@vci.de<\/a><br \/><a target=\"_blank\" class=\"uri-ext outbound\" rel=\"noopener\" href=\"https:\/\/www.iva.de\">https:\/\/www.iva.de<\/a><br \/><a target=\"_blank\" class=\"uri-ext outbound\" rel=\"noopener\" href=\"https:\/\/twitter.com\/IVA_Presse\">https:\/\/twitter.com\/IVA_Presse<\/a><br \/><a target=\"_blank\" class=\"uri-ext outbound\" rel=\"noopener\" href=\"https:\/\/www.linkedin.com\/company\/industrieverband-agrar-iva\">https:\/\/www.linkedin.com\/company\/industrieverband-agrar-iva<\/a><\/p>\n<p class=\"originator\">Original-Content von: Industrieverband Agrar e.V. (IVA), \u00fcbermittelt durch news aktuell<\/p>\n<p>            <script async src=\"https:\/\/platform.twitter.com\/widgets.js\" charset=\"utf-8\"><\/script><\/p>\n","protected":false},"excerpt":{"rendered":"04.12.2025 \u2013 10:20 Industrieverband Agrar e.V. (IVA) Frankfurt\/Main (ots) Der Industrieverband Agar e. V. (IVA) begr\u00fc\u00dft die Einigung&hellip;\n","protected":false},"author":2,"featured_media":386213,"comment_status":"","ping_status":"","sticky":false,"template":"","format":"standard","meta":{"footnotes":""},"categories":[1829],"tags":[36814,29,548,2050,2051,30,2052,4615,4507,178,180,179,181,11908],"class_list":{"0":"post-622421","1":"post","2":"type-post","3":"status-publish","4":"format-standard","5":"has-post-thumbnail","7":"category-frankfurt-am-main","8":"tag-agrar","9":"tag-deutschland","10":"tag-eu","11":"tag-frankfurt","12":"tag-frankfurt-am-main","13":"tag-germany","14":"tag-hessen","15":"tag-landwirtschaft","16":"tag-nachhaltigkeit","17":"tag-presse","18":"tag-pressemeldung","19":"tag-pressemitteilung","20":"tag-pressemitteilungen","21":"tag-verbnde"},"share_on_mastodon":{"url":"https:\/\/pubeurope.com\/@de\/115660668605835637","error":""},"_links":{"self":[{"href":"https:\/\/www.europesays.com\/de\/wp-json\/wp\/v2\/posts\/622421","targetHints":{"allow":["GET"]}}],"collection":[{"href":"https:\/\/www.europesays.com\/de\/wp-json\/wp\/v2\/posts"}],"about":[{"href":"https:\/\/www.europesays.com\/de\/wp-json\/wp\/v2\/types\/post"}],"author":[{"embeddable":true,"href":"https:\/\/www.europesays.com\/de\/wp-json\/wp\/v2\/users\/2"}],"replies":[{"embeddable":true,"href":"https:\/\/www.europesays.com\/de\/wp-json\/wp\/v2\/comments?post=622421"}],"version-history":[{"count":0,"href":"https:\/\/www.europesays.com\/de\/wp-json\/wp\/v2\/posts\/622421\/revisions"}],"wp:featuredmedia":[{"embeddable":true,"href":"https:\/\/www.europesays.com\/de\/wp-json\/wp\/v2\/media\/386213"}],"wp:attachment":[{"href":"https:\/\/www.europesays.com\/de\/wp-json\/wp\/v2\/media?parent=622421"}],"wp:term":[{"taxonomy":"category","embeddable":true,"href":"https:\/\/www.europesays.com\/de\/wp-json\/wp\/v2\/categories?post=622421"},{"taxonomy":"post_tag","embeddable":true,"href":"https:\/\/www.europesays.com\/de\/wp-json\/wp\/v2\/tags?post=622421"}],"curies":[{"name":"wp","href":"https:\/\/api.w.org\/{rel}","templated":true}]}}