{"id":622424,"date":"2025-12-04T09:49:20","date_gmt":"2025-12-04T09:49:20","guid":{"rendered":"https:\/\/www.europesays.com\/de\/622424\/"},"modified":"2025-12-04T09:49:20","modified_gmt":"2025-12-04T09:49:20","slug":"neue-raeume-neue-wege-diakoniehaus-koeln-baut-hilfe-fuer-wohnungslose-aus","status":"publish","type":"post","link":"https:\/\/www.europesays.com\/de\/622424\/","title":{"rendered":"Neue R\u00e4ume, neue Wege: Diakoniehaus K\u00f6ln baut Hilfe f\u00fcr Wohnungslose aus"},"content":{"rendered":"<p data-start=\"260\" data-end=\"779\">Das Diakoniehaus am Salierring ist mehr als ein Geb\u00e4ude \u2013 es ist ein Netzwerk aus F\u00fcrsorge, Respekt und praktischer Hilfe. Seit 1997 bietet das Diakoniehaus zus\u00e4tzlich zu vielen anderen Angeboten auch eine Fachberatung f\u00fcr wohnungslose, obdachlose oder sozial in Not geratene Menschen an. Deren Mitarbeiterinnen Patricia Pre\u00dfer, Veronika Bartonischek sowie ihre Kollegin Humeira Ayubi helfen den Menschen in der Fachberatung an f\u00fcnf Tagen in der Woche \u2013 ganz individuell, auf die pers\u00f6nlichen Bed\u00fcrfnisse zugeschnitten.<\/p>\n<p data-start=\"781\" data-end=\"1492\">\u00dcber die Fachberatung kann ein Treuhandkonto er\u00f6ffnet werden. Sie bietet Menschen ohne Bleibe postalische Erreichbarkeit und hilft, sich in den Tiefen der B\u00fcrokratie zurechtzufinden. Patricia Pre\u00dfer berichtet: \u201eUnsere R\u00e4ume waren bis vor einigen Jahren in der ersten Etage, dann im Erdgeschoss. Doch wir hatten bisher nur einen kleineren Wartebereich und ein B\u00fcro. Die Erweiterung jetzt ist sehr willkommen.\u201c Die Fachberatung ist ein enorm wichtiger Baustein im Angebot des Diakoniehauses und hat eine umfassende Renovierung und r\u00e4umliche Erweiterung erfahren. Da, wo fr\u00fcher ein Blumengesch\u00e4ft seinen Verkaufs- und einen Lagerraum hatte, stehen jetzt Schreibtische und St\u00fchle, gibt es vertrauensvolle Gespr\u00e4che.<\/p>\n<p><strong data-start=\"1498\" data-end=\"1545\">Neue Strukturen f\u00fcr individuelle Begleitung<\/strong><br \/>\n<img loading=\"lazy\" decoding=\"async\" class=\"size-medium wp-image-66642\" src=\"https:\/\/www.europesays.com\/de\/wp-content\/uploads\/2025\/12\/2025-11-27_Diakoniespende_Salierring-7-300x200.jpg\" alt=\"\" width=\"300\" height=\"200\"  \/>Ein Blick hinter die Kulissen konkreter Hilfe: Dr. Bernhard Seiger zu Gast im erweiterten Fachberatungsbereich des Diakoniehauses.<\/p>\n<p data-start=\"1547\" data-end=\"2499\">Zur Er\u00f6ffnung der neu gestalteten, hellen R\u00e4ume war Stadtsuperintendent Bernhard Seiger zu Gast im Diakoniehaus. Er r\u00fchrte zu diesem Anlass noch einmal kr\u00e4ftig die Werbetrommel f\u00fcr die aktuelle Diakoniespende. Denn das Diakoniehaus am K\u00f6lner Salierring ist noch bis Ende September 2026 Empf\u00e4nger der Spendenaktion des Evangelischen Kirchenverbandes K\u00f6ln und Region. Bis zu einem Spendenaufkommen von 100.000 Euro verdoppelt der Kirchenverband die Summe. Im Diakoniehaus gibt es neben der Fachberatung auch einen Tagestreff, eine Kleiderkammer und seit 1998 eine Krankenwohnung mit \u00e4rztlicher und pflegedienstlicher Versorgung f\u00fcr obdachlose und wohnungslose Menschen. Vornehmlich die Erweiterung der Krankenwohnung sowie die Sanierung des Badezimmers sollen durch die Spende finanziert werden. Der aktuelle Spendenstand liegt bei rund 45.000 Euro, sodass durch die Verdoppelung immerhin schon knapp 90.000 Euro darauf warten, gut genutzt zu werden.<\/p>\n<p><strong data-start=\"2505\" data-end=\"2559\">\u201eDie Arbeit im Diakoniehaus muss erhalten bleiben\u201c<\/strong><\/p>\n<p data-start=\"2561\" data-end=\"3107\">So erkl\u00e4rte der Stadtsuperintendent, w\u00e4hrend er das Haus besichtigte: \u201eWohnungslosigkeit ist ein sehr gro\u00dfes Thema in K\u00f6ln. Und es wird mit Sicherheit noch schlimmer werden.\u201c Darum liege ihm die aktuelle Spende sehr am Herzen, betonte Bernhard Seiger: \u201eDie Arbeit und die Beratung im Diakoniehaus sind wichtig und m\u00fcssen erhalten bleiben.\u201c Das Diakoniehaus sei ein Ort der W\u00fcrde, der F\u00fcrsorge und der neuen Chancen. \u201eWir haben dank der Verdoppelung gute Chancen auf ein sehenswertes Ergebnis\u201c, pl\u00e4dierte er daf\u00fcr, sich in die Aktion einzubringen.<\/p>\n<p><img loading=\"lazy\" decoding=\"async\" class=\"size-medium wp-image-66641\" src=\"https:\/\/www.europesays.com\/de\/wp-content\/uploads\/2025\/12\/2025-11-27_Diakoniespende_Salierring-6-scaled-e1764681200899-300x169.jpg\" alt=\"Bernhard Seiger, Stadtsuperintendent des Evangelischen Kirchenverbandes K\u00f6ln und Region (r.), Michael Lampa und Maja Schumacher vom Diakonischen Werk K\u00f6ln und Region, freuen sich \u00fcber Spenden f\u00fcr die Diakoniespende 2025\/2026..\" width=\"300\" height=\"169\"  \/>Bernhard Seiger, Stadtsuperintendent des Evangelischen Kirchenverbandes K\u00f6ln und Region (r.), Michael Lampa und Maja Schumacher vom Diakonischen Werk K\u00f6ln und Region, freuen sich \u00fcber Spenden f\u00fcr die Diakoniespende 2025\/2026..<\/p>\n<p data-start=\"3109\" data-end=\"3633\">Michael Lampa, Fachdienstleitung Wohnungsnotfallhilfe und einer der Ansprechpartner im Diakoniehaus, ist \u00fcberzeugt: \u201eDie B\u00fcrokratie wird immer umfassender und komplizierter, die Digitalisierung nimmt zu \u2013 beides ist f\u00fcr Menschen in Armut schwer zu bew\u00e4ltigen.\u201c 5.000 Kontakte hat das Team im Jahr 2024 gez\u00e4hlt. Michael Lampa sagt: \u201eDiese Zahl ist ein ganz sch\u00f6nes Brett. Doch dank der Fachberatung k\u00f6nnen wir Menschen dabei helfen, gar nicht erst in die Wohnungslosigkeit zu geraten oder die Zeit ohne Wohnung zu verk\u00fcrzen.\u201c<\/p>\n<p><a href=\"#\" rel=\"nofollow\" onclick=\"window.print(); return false;\" title=\"Printer Friendly, PDF &amp; Email\"><img decoding=\"async\" src=\"https:\/\/www.europesays.com\/de\/wp-content\/uploads\/2025\/04\/printfriendly-icon-lg.png\" alt=\"Print Friendly, PDF &amp; Email\" class=\"pf-button-img\" style=\"width: 25px;height: 25px;\"\/>Drucken<\/a><\/p>\n<p>Text: Katja Pohl<br \/>Foto(s): Katja Pohl<\/p>\n","protected":false},"excerpt":{"rendered":"Das Diakoniehaus am Salierring ist mehr als ein Geb\u00e4ude \u2013 es ist ein Netzwerk aus F\u00fcrsorge, Respekt und&hellip;\n","protected":false},"author":2,"featured_media":622425,"comment_status":"","ping_status":"","sticky":false,"template":"","format":"standard","meta":{"footnotes":""},"categories":[1828],"tags":[72109,147412,29,147413,68212,147414,88660,10479,147415,30,118768,147416,147417,147418,1420,147419,147420,23862,147421,1209,68220,147422,147423,147424,147425,54113,147426,98212,72495,118781,147427,118782,147428,118784,68227],"class_list":{"0":"post-622424","1":"post","2":"type-post","3":"status-publish","4":"format-standard","5":"has-post-thumbnail","7":"category-koeln","8":"tag-armut-in-koeln","9":"tag-buerokratiehilfe","10":"tag-deutschland","11":"tag-diakoniehaus-koeln","12":"tag-diakoniespende-koeln","13":"tag-digitalisierung-armut","14":"tag-ehrenamt-kirche","15":"tag-evangelische-kirche-koeln","16":"tag-fachberatung-wohnungslosigkeit","17":"tag-germany","18":"tag-hilfe-fuer-wohnungslose","19":"tag-hilfe-in-armut","20":"tag-hilfe-zur-selbsthilfe","21":"tag-kirchenverband-koeln","22":"tag-koeln","23":"tag-koeln-soziale-einrichtungen","24":"tag-krankenwohnung-diakonie","25":"tag-naechstenliebe","26":"tag-netzwerk-diakonie","27":"tag-nordrhein-westfalen","28":"tag-obdachlosigkeit-koeln","29":"tag-ort-der-wuerde","30":"tag-postadresse-fuer-obdachlose","31":"tag-renovierung-diakoniehaus","32":"tag-sozialberatung","33":"tag-soziale-arbeit-koeln","34":"tag-sozialhilfe-koeln","35":"tag-spendenaktion-koeln","36":"tag-stadtsuperintendent-bernhard-seiger","37":"tag-tagestreff-koeln","38":"tag-treuhandkonto-fuer-wohnungslose","39":"tag-unterstuetzung-in-krisen","40":"tag-vertrauen-und-fuersorge","41":"tag-wohnungslosigkeit-verhindern","42":"tag-wohnungsnot-koeln"},"share_on_mastodon":{"url":"","error":"Validation failed: Text character limit of 500 exceeded"},"_links":{"self":[{"href":"https:\/\/www.europesays.com\/de\/wp-json\/wp\/v2\/posts\/622424","targetHints":{"allow":["GET"]}}],"collection":[{"href":"https:\/\/www.europesays.com\/de\/wp-json\/wp\/v2\/posts"}],"about":[{"href":"https:\/\/www.europesays.com\/de\/wp-json\/wp\/v2\/types\/post"}],"author":[{"embeddable":true,"href":"https:\/\/www.europesays.com\/de\/wp-json\/wp\/v2\/users\/2"}],"replies":[{"embeddable":true,"href":"https:\/\/www.europesays.com\/de\/wp-json\/wp\/v2\/comments?post=622424"}],"version-history":[{"count":0,"href":"https:\/\/www.europesays.com\/de\/wp-json\/wp\/v2\/posts\/622424\/revisions"}],"wp:featuredmedia":[{"embeddable":true,"href":"https:\/\/www.europesays.com\/de\/wp-json\/wp\/v2\/media\/622425"}],"wp:attachment":[{"href":"https:\/\/www.europesays.com\/de\/wp-json\/wp\/v2\/media?parent=622424"}],"wp:term":[{"taxonomy":"category","embeddable":true,"href":"https:\/\/www.europesays.com\/de\/wp-json\/wp\/v2\/categories?post=622424"},{"taxonomy":"post_tag","embeddable":true,"href":"https:\/\/www.europesays.com\/de\/wp-json\/wp\/v2\/tags?post=622424"}],"curies":[{"name":"wp","href":"https:\/\/api.w.org\/{rel}","templated":true}]}}