{"id":622442,"date":"2025-12-04T09:58:23","date_gmt":"2025-12-04T09:58:23","guid":{"rendered":"https:\/\/www.europesays.com\/de\/622442\/"},"modified":"2025-12-04T09:58:23","modified_gmt":"2025-12-04T09:58:23","slug":"ackern-rammeln-fighten-kimmich-gluecklich-ueber-pokalerfolg","status":"publish","type":"post","link":"https:\/\/www.europesays.com\/de\/622442\/","title":{"rendered":"&#8222;Ackern, rammeln, fighten&#8220;: Kimmich gl\u00fccklich \u00fcber Pokalerfolg"},"content":{"rendered":"<p>So feiern die sonst so erfolgsverw\u00f6hnten Bayern selten einen Sieg. Joshua Kimmich stellte sich mit geballten F\u00e4usten vor den G\u00e4steblock und schrie den Jubel \u00fcber den Sieg beim 1. FC Union Berlin heraus. Die Mannschaft feierte ausgelassen und tanzte Pogo. Das 3:2 (3:1) im DFB-Pokal-Achtelfinale war hart erk\u00e4mpft und l\u00e4sst die M\u00fcnchner nach f\u00fcnf langen Jahren mal wieder vom DFB-Pokalfinale im Berliner Olympiastadion tr\u00e4umen.<\/p>\n<p>&#8222;Kampf-Halbzeit&#8220; &#8211; Vincent Kompany stolz auf den Fight<\/p>\n<p>&#8222;Die zweite H\u00e4lfte war eine Kampf-Halbzeit&#8220;, sagte ein gl\u00fccklicher Bayern-Trainer Vincent Kompany im ZDF. &#8222;Ich hoffe, wir k\u00f6nnen noch weitergehen und irgendwann in Berlin sein. Dann wird dieses Spiel &#8211; und auch wie wir hier gespielt haben &#8211; z\u00e4hlen.&#8220; <\/p>\n<p>Was er meinte? Das war wohl die sehr seri\u00f6se Vorstellung seiner Mannschaft, die von den K\u00f6penickern aber richtig gefordert wurde. Nach der 2:0-F\u00fchrung durch ein Eigentor von Ilyas Ansah und einem Kopfballtreffer von Harry Kane hatte es zuerst nach einer klaren Angelegenheit f\u00fcr den Bundesliga-Tabellenf\u00fchrer ausgesehen. Doch Union fightete, schlug trotz eines zweiten Eigentores zweimal zur\u00fcck und war nah dran am 3:3-Ausgleich. F\u00fcr den Geschmack der M\u00fcnchner zu nah.<\/p>\n<p>Joshua Kimmich: &#8222;Zu unterhaltend, zu spannend!&#8220;<\/p>\n<p>Selbstverst\u00e4ndlich war dieser Sieg und das Weiterkommen &#8211; anders als sonst so h\u00e4ufig &#8211; also nicht: &#8222;Absolut&#8220;, best\u00e4tigte Joshua Kimmich, der analysierte, dass seine Bayern nur in der ersten Halbzeit geschafft h\u00e4tten, &#8222;spielerische Momente reinzubekommen&#8220;. Sp\u00e4ter sei es nur noch &#8222;ein einziges Ackern und Rammeln&#8220; gewesen: &#8222;Die zweite Halbzeit war zum Anschauen vielleicht nicht so attraktiv. Leider zu unterhaltsam und zu spannend!&#8220;<\/p>\n<p>Das Ziel der Bayern sei es nat\u00fcrlich, erstmals seit 2020 wieder das Finale in Berlin zu erreichen, so Kimmich. &#8222;Auch wenn es noch etwas weg ist: Das ist mit das emotionalste Spiel im Jahr, wenn man so ein Finale bestreiten kann. So ein Event ist toll, da wollen wir dabei sein.&#8220;<\/p>\n<p>Finale in Berlin: &#8222;Da wollen wir dabei sein&#8220;<\/p>\n<p>Wie sein Trainer freute sich der Sechser dar\u00fcber, dass sein Team den Sieg \u00fcber die Ziellinie gerettet hat. &#8222;Ich wei\u00df gar nicht, wann wir das letzte Mal im Pokal \u00fcber den Winter rausgekommen sind. Deshalb war das ein ganz wichtiger Sieg: &#8222;Gerade wie Union spielt, kann da immer was passieren. Da geht&#8217;s auch viel um zweite B\u00e4lle, Standards verteidigen, Einw\u00fcrfe verteidigen, fighten, k\u00e4mpfen. Man kann sich nie sicher f\u00fchlen. Deshalb bin ich froh, dass wir&#8217;s gut wegverteidigt haben und bei Standards sehr gef\u00e4hrlich waren.&#8220;<\/p>\n<p>Wenn das kein Grund ist, die Freude mal richtig herauszuschreien und vor dem G\u00e4steblock zu tanzen! <\/p>\n","protected":false},"excerpt":{"rendered":"So feiern die sonst so erfolgsverw\u00f6hnten Bayern selten einen Sieg. Joshua Kimmich stellte sich mit geballten F\u00e4usten vor&hellip;\n","protected":false},"author":2,"featured_media":622443,"comment_status":"","ping_status":"","sticky":false,"template":"","format":"standard","meta":{"footnotes":""},"categories":[1825],"tags":[297,296,29,1264,458,347,30,2339],"class_list":{"0":"post-622442","1":"post","2":"type-post","3":"status-publish","4":"format-standard","5":"has-post-thumbnail","7":"category-berlin","8":"tag-1-fc-union-berlin","9":"tag-berlin","10":"tag-deutschland","11":"tag-dfb-pokal","12":"tag-fc-bayern-muenchen","13":"tag-fussball","14":"tag-germany","15":"tag-oberbayern"},"share_on_mastodon":{"url":"https:\/\/pubeurope.com\/@de\/115660711929632298","error":""},"_links":{"self":[{"href":"https:\/\/www.europesays.com\/de\/wp-json\/wp\/v2\/posts\/622442","targetHints":{"allow":["GET"]}}],"collection":[{"href":"https:\/\/www.europesays.com\/de\/wp-json\/wp\/v2\/posts"}],"about":[{"href":"https:\/\/www.europesays.com\/de\/wp-json\/wp\/v2\/types\/post"}],"author":[{"embeddable":true,"href":"https:\/\/www.europesays.com\/de\/wp-json\/wp\/v2\/users\/2"}],"replies":[{"embeddable":true,"href":"https:\/\/www.europesays.com\/de\/wp-json\/wp\/v2\/comments?post=622442"}],"version-history":[{"count":0,"href":"https:\/\/www.europesays.com\/de\/wp-json\/wp\/v2\/posts\/622442\/revisions"}],"wp:featuredmedia":[{"embeddable":true,"href":"https:\/\/www.europesays.com\/de\/wp-json\/wp\/v2\/media\/622443"}],"wp:attachment":[{"href":"https:\/\/www.europesays.com\/de\/wp-json\/wp\/v2\/media?parent=622442"}],"wp:term":[{"taxonomy":"category","embeddable":true,"href":"https:\/\/www.europesays.com\/de\/wp-json\/wp\/v2\/categories?post=622442"},{"taxonomy":"post_tag","embeddable":true,"href":"https:\/\/www.europesays.com\/de\/wp-json\/wp\/v2\/tags?post=622442"}],"curies":[{"name":"wp","href":"https:\/\/api.w.org\/{rel}","templated":true}]}}