{"id":622513,"date":"2025-12-04T10:42:19","date_gmt":"2025-12-04T10:42:19","guid":{"rendered":"https:\/\/www.europesays.com\/de\/622513\/"},"modified":"2025-12-04T10:42:19","modified_gmt":"2025-12-04T10:42:19","slug":"frankreich-fuehrt-freiwilligen-wehrdienst-ein","status":"publish","type":"post","link":"https:\/\/www.europesays.com\/de\/622513\/","title":{"rendered":"Frankreich f\u00fchrt freiwilligen Wehrdienst ein"},"content":{"rendered":"<p>                    <a href=\"#\" rel=\"nofollow\" onclick=\"window.print(); return false;\" title=\"Printer Friendly, PDF &amp; Email\"><br \/>\n                    <img decoding=\"async\" src=\"https:\/\/www.europesays.com\/de\/wp-content\/uploads\/2025\/04\/print_button.jpg\" alt=\"Print Friendly, PDF &amp; Email\" class=\"pf-button-img\" style=\"\"\/><br \/>\n                    <\/a><\/p>\n<p>W\u00e4hrend seines Besuchs bei der 27. Gebirgsj\u00e4gerbrigade (27e BIM) in Varces-Alli\u00e8res-et-Risset in der Region Auvergne-Rh\u00f4ne-Alpes am 27. November hat der franz\u00f6sische Staatspr\u00e4sident Emmanuel Macron die Einrichtung eines freiwilligen Wehrdienstes von zehn Monaten ab Sommer 2026 angek\u00fcndigt. \u201eWir\u201c, so das Staatsoberhaupt, \u201ek\u00f6nnen nicht zu den Zeiten der allgemeinen Wehrpflicht zur\u00fcckkehren, aber wir ben\u00f6tigen die F\u00e4higkeit zur Mobilisierung \u2013 Mobilisierung der Nation, um sich zu verteidigen, nicht gegen diesen oder jenen Gegner, sondern um sich bereit zu halten und um respektiert zu werden.\u201c<br \/>\n<img loading=\"lazy\" decoding=\"async\" class=\"wp-image-65906 size-large\" src=\"https:\/\/www.europesays.com\/de\/wp-content\/uploads\/2025\/12\/Foto1-1024x576.jpeg\" alt=\"\" width=\"696\" height=\"392\"  \/>Die franz\u00f6sischen Streitkr\u00e4fte sollen k\u00fcnftig \u00fcber einen freiwilligen Wehrdienst verf\u00fcgen.<br \/>Foto: Arm\u00e9e de Terre, H. Sindic\n<\/p>\n<p>Macron bezeichnete diese Form des Wehrdienstes als \u201ehybride Armee.\u201c Dieser nationale Dienst, so der Pr\u00e4sident, \u201ewird inspiriert von der Praxis unserer europ\u00e4ischen Partner, insbesondere von Norwegen. Zur Stunde, wo alle unsere Verb\u00fcndeten voranschreiten gegen\u00fcber einer Bedrohung, die auf uns allen lastet, kann Frankreich nicht regungslos bleiben.\u201c<\/p>\n<p><a onclick=\"gtag(&#039;event&#039;, &#039;click&#039;, {&#039;advert_name&#039;: &#039;BWI Fullsize DT 2025 04\/06\/08\/10\/12&#039;});\" href=\"https:\/\/www.bwi.de\/anschlussverwender?mtm_campaign=q2_2025_zeitsoldat&amp;mtm_source=mittler-report_e-sut&amp;mtm_medium=fachumfeld_fullsizebanner_desktop-tablet&amp;mtm_content=mission_dze&quot;\" target=\"_blank\" rel=\"noopener\"><img decoding=\"async\" src=\"https:\/\/www.europesays.com\/de\/wp-content\/uploads\/2025\/07\/bwi_q2-25-anschlussverwender-kampagne_fachumfelder_mission-dze_e-sut_696x250.png\"\/><\/a><img loading=\"lazy\" decoding=\"async\" class=\"pixel\" style=\"width:0 !important; height:0 !important;\" width=\"0\" height=\"0\" src=\"data:image\/gif;base64,R0lGODlhAQABAIAAAP\/\/\/\/\/\/\/yH5BAEKAAEALAAAAAABAAEAAAICTAEAOw==\" onload=\"gtag('event', 'impression', {'advert_name': 'BWI Fullsize DT 2025 04\/06\/08\/10\/12'});\" alt=\"\"\/><\/p>\n<p>Dieses k\u00fcnftige Kr\u00e4ftedispositiv verfolge drei Ziele, so Macron: erstens \u201eden Pakt zwischen unserer Nation und den Streitkr\u00e4ften zu verst\u00e4rken\u201c, zweitens \u201edie Widerstandsf\u00e4higkeit unserer Nation zu st\u00e4rken\u201c und drittens \u201edie Ausbildung unserer Jugend zu festigen.\u201c Im Fokus stehen dabei die 18- und 19-j\u00e4hrigen. Die M\u00f6glichkeit, sich zu bewerben, soll bis zu einem Alter von 25 Jahren bestehen. In den kommenden Jahren st\u00fcnden f\u00fcr den freiwilligen Wehrdienst mehr als zwei Milliarden Euro zur Verf\u00fcgung. F\u00fcr den Sommer des kommenden Jahres sollen 3.000 Jugendliche ausgew\u00e4hlt werden. 2030 sollen es 10.000 sein bei einem Endziel von 50.000 im Jahr 2035. Zumindest vorerst bleibt aber die Wehrpflicht ausgesetzt.<br \/>\n<img loading=\"lazy\" decoding=\"async\" class=\"wp-image-65907 size-large\" src=\"https:\/\/www.europesays.com\/de\/wp-content\/uploads\/2025\/12\/Foto2-1024x575.jpg\" alt=\"\" width=\"696\" height=\"391\"  \/>Staatspr\u00e4sident Emmanuel Macron (r.u.) w\u00e4hrend seiner Ansprache in Varces.<br \/>Foto: Minist\u00e8re des Arm\u00e9es et des Anciens combattants\n<\/p>\n<p><strong>R\u00fcckblick<\/strong><\/p>\n<p>1997 wurde unter Pr\u00e4sident Jacques Chirac die Aussetzung der Wehrpflicht bis Ende 2002 beschlossen \u2013 also deutlich fr\u00fcher als in Deutschland. Ab Mitte 2001 wurden vorzeitig keine Wehrpflichtigen mehr eingezogen und seit Anfang 2002 sind die franz\u00f6sischen Streitkr\u00e4fte eine Freiwilligenarmee. Es besteht aber weiterhin die Pflicht zur Wehrerfassung, die auch auf junge Frauen ausgeweitet wurde.\n<\/p>\n<p>Wie Ipsos und CESI \u00c9cole d\u2019ing\u00e9nieurs am 15. M\u00e4rz dieses Jahres berichten, haben sie bei einer Umfrage f\u00fcr die Tageszeitung \u201eLe Parisien\u201c herausgefunden, dass 86 Prozent der Franzosen eine R\u00fcckkehr zum Wehrdienst bef\u00fcrworten w\u00fcrden. Davon sprachen sich 53 Prozent f\u00fcr eine Wehrpflicht aus, w\u00e4hrend 33 Prozent nur einen freiwilligen Wehrdienst akzeptieren w\u00fcrden. F\u00fcr Aufsehen und Kritik sorgte vor wenigen Tagen die Bemerkung von General Fabien Mandon, Generalstabschef der franz\u00f6sischen Streitkr\u00e4fte, wonach \u201eunser Land schwach wird, weil es nicht bereit ist, seine Kinder zu verlieren.\u201c\n<\/p>\n<p>Gerd Portugall<\/p>\n","protected":false},"excerpt":{"rendered":"W\u00e4hrend seines Besuchs bei der 27. Gebirgsj\u00e4gerbrigade (27e BIM) in Varces-Alli\u00e8res-et-Risset in der Region Auvergne-Rh\u00f4ne-Alpes am 27. November&hellip;\n","protected":false},"author":2,"featured_media":622514,"comment_status":"","ping_status":"","sticky":false,"template":"","format":"standard","meta":{"footnotes":""},"categories":[3974],"tags":[331,332,548,663,3934,3980,156,13,14,15,12],"class_list":{"0":"post-622513","1":"post","2":"type-post","3":"status-publish","4":"format-standard","5":"has-post-thumbnail","7":"category-frankreich","8":"tag-aktuelle-nachrichten","9":"tag-aktuelle-news","10":"tag-eu","11":"tag-europa","12":"tag-europe","13":"tag-france","14":"tag-frankreich","15":"tag-headlines","16":"tag-nachrichten","17":"tag-news","18":"tag-schlagzeilen"},"share_on_mastodon":{"url":"https:\/\/pubeurope.com\/@de\/115660886045412742","error":""},"_links":{"self":[{"href":"https:\/\/www.europesays.com\/de\/wp-json\/wp\/v2\/posts\/622513","targetHints":{"allow":["GET"]}}],"collection":[{"href":"https:\/\/www.europesays.com\/de\/wp-json\/wp\/v2\/posts"}],"about":[{"href":"https:\/\/www.europesays.com\/de\/wp-json\/wp\/v2\/types\/post"}],"author":[{"embeddable":true,"href":"https:\/\/www.europesays.com\/de\/wp-json\/wp\/v2\/users\/2"}],"replies":[{"embeddable":true,"href":"https:\/\/www.europesays.com\/de\/wp-json\/wp\/v2\/comments?post=622513"}],"version-history":[{"count":0,"href":"https:\/\/www.europesays.com\/de\/wp-json\/wp\/v2\/posts\/622513\/revisions"}],"wp:featuredmedia":[{"embeddable":true,"href":"https:\/\/www.europesays.com\/de\/wp-json\/wp\/v2\/media\/622514"}],"wp:attachment":[{"href":"https:\/\/www.europesays.com\/de\/wp-json\/wp\/v2\/media?parent=622513"}],"wp:term":[{"taxonomy":"category","embeddable":true,"href":"https:\/\/www.europesays.com\/de\/wp-json\/wp\/v2\/categories?post=622513"},{"taxonomy":"post_tag","embeddable":true,"href":"https:\/\/www.europesays.com\/de\/wp-json\/wp\/v2\/tags?post=622513"}],"curies":[{"name":"wp","href":"https:\/\/api.w.org\/{rel}","templated":true}]}}