{"id":622520,"date":"2025-12-04T10:46:13","date_gmt":"2025-12-04T10:46:13","guid":{"rendered":"https:\/\/www.europesays.com\/de\/622520\/"},"modified":"2025-12-04T10:46:13","modified_gmt":"2025-12-04T10:46:13","slug":"pendlerpauschale-bundestag-beschliesst-umfangreiches-steuerpaket","status":"publish","type":"post","link":"https:\/\/www.europesays.com\/de\/622520\/","title":{"rendered":"Pendlerpauschale: Bundestag beschlie\u00dft umfangreiches Steuerpaket"},"content":{"rendered":"<p class=\"paragraph article__item\">Die Bundesregierung hat mehrere <a href=\"https:\/\/www.zeit.de\/geld\/2025-11\/steuern-sparen-geldanlage-kapitalertragssteuer-etf-aktien\" class=\"\" target=\"_blank\" rel=\"noopener\">steuerliche Entlastungen<\/a>\u00a0f\u00fcr Pendlerinnen und Pendler, Gastronomen und Ehrenamtler\u00a0durch den <a class=\"rtr-entity\" href=\"https:\/\/www.zeit.de\/thema\/bundestag\" target=\"_blank\" rel=\"noopener\">Bundestag<\/a> gebracht. Das Gesetz wurde mit den Stimmen der Koalitionsfraktionen von Union und SPD angenommen. Gr\u00fcne und AfD stimmten dagegen, die Linke enthielt sich.\n<\/p>\n<p class=\"paragraph article__item\">Im Mittelpunkt des Steuerpakets steht die Erh\u00f6hung der <strong>Pendlerpauschale<\/strong>: K\u00fcnftig sollen Arbeitnehmer f\u00fcr die ersten 20 Kilometer ihres Arbeitswegs 38 Cent statt bisher 30 Cent pro Kilometer <a href=\"https:\/\/www.zeit.de\/politik\/deutschland\/2025-12\/steuer-luxusfluege-gruene-5vor8\" class=\"\" target=\"_blank\" rel=\"noopener\">steuerlich absetzen<\/a> k\u00f6nnen.\u00a0Die <a href=\"https:\/\/www.zeit.de\/wirtschaft\/2025-09\/bundeshaushalt-finanzpolitik-steuererhoehungen-subventionen-privilegien\" class=\"\" target=\"_blank\" rel=\"noopener\">Pendlerpauschale<\/a> ist ein zentrales Instrument zur steuerlichen<br \/>\nEntlastung von Arbeitnehmern, die weite Strecken zur Arbeit zur\u00fccklegen.<br \/>\n Mit ihr k\u00f6nnen Fahrtkosten abgesetzt werden, w\u00e4hrend f\u00fcr<br \/>\nGeringverdiener seit 2021 zus\u00e4tzlich eine Mobilit\u00e4tspr\u00e4mie gilt. Diese<br \/>\nist an bestimmte Voraussetzungen wie ein niedriges zu versteuerndes<br \/>\nEinkommen gebunden. Im Jahr 2021 erhielten rund 149.000 Menschen diese<br \/>\nPr\u00e4mie, weniger als urspr\u00fcnglich erwartet. Die geplanten \u00c4nderungen<br \/>\nsollen die Attraktivit\u00e4t der Pauschale weiter erh\u00f6hen und insbesondere<br \/>\nBerufspendler finanziell entlasten.\n<\/p>\n<p class=\"paragraph article__item\">Zudem wird in der <strong>Gastronomie<\/strong> die Umsatzsteuer auf Speisen ab dem 1. Januar 2026 dauerhaft von 19 auf sieben Prozent gesenkt, um die Branche zu unterst\u00fctzen.\u00a0Die Restaurantbetriebe sind aber nicht verpflichtet, die Steuersenkung an die G\u00e4ste weiterzugeben. Branchenverb\u00e4nde hatten bereits angek\u00fcndigt, zus\u00e4tzliche Einnahmen nicht f\u00fcr Preissenkungen zu verwenden, sondern allenfalls zur Abwendung weiterer Preissteigerungen.\u00a0\n<\/p>\n<p>Mehr zum Thema<\/p>\n<p>                <a href=\"https:\/\/www.zeit.de\/politik\/deutschland\/2025-12\/steuer-luxusfluege-gruene-5vor8\" data-ct-label=\"Steuer auf Luxusfl\u00fcge: Besserverdienende Businessflieger besteuern? Gute Idee!\" target=\"_blank\" rel=\"noopener\"><\/p>\n<p>        Z+ (abopflichtiger Inhalt);<\/p>\n<p>    Steuer auf Luxusfl\u00fcge:<br \/>\n                        Besserverdienende Businessflieger besteuern? Gute Idee!<\/p>\n<p>                <\/a><\/p>\n<p>                <a href=\"https:\/\/www.zeit.de\/geld\/2025-11\/steuern-sparen-geldanlage-kapitalertragssteuer-etf-aktien\" data-ct-label=\"Steuern sparen: So sparen Anleger in diesem Jahr noch Steuern\" target=\"_blank\" rel=\"noopener\"><\/p>\n<p>        Z+ (abopflichtiger Inhalt);<\/p>\n<p>    Steuern sparen:<br \/>\n                        So sparen Anleger in diesem Jahr noch Steuern<\/p>\n<p>                <\/a><\/p>\n<p>                <a href=\"https:\/\/www.zeit.de\/2025\/48\/grundsteuer-reform-kritik-urteil-gxe\" data-ct-label=\"Grundsteuer: Steuergerechtigkeit passt eben nicht auf einen Bierdeckel\" target=\"_blank\" rel=\"noopener\"><\/p>\n<p>                        Grundsteuer:<br \/>\n                        Steuergerechtigkeit passt eben nicht auf einen Bierdeckel<\/p>\n<p>                <\/a><\/p>\n<p>                    L\u00e4nder fordern Kompensation geringerer Einnahmen        <\/p>\n<p class=\"paragraph article__item\">Auch die <strong>Ehrenamts- sowie \u00dcbungsleiterpauschale<\/strong> wird angehoben: von 840 auf 960 Euro beziehungsweise von\u00a03.000 auf 3.300 Euro. Von der Regelung profitieren etwa\u00a0Trainer in Sportvereinen, Chorleiter oder ehrenamtliche Pfleger.\u00a0\n<\/p>\n<p class=\"paragraph article__item\">Weitere wichtige Neuerungen betreffen die steuerliche Behandlung von <strong>Gewerkschaftsbeitr\u00e4gen<\/strong> und <strong>Parteispenden<\/strong>. Ab 2026 sollen Mitgliedsbeitr\u00e4ge zu Gewerkschaften zus\u00e4tzlich zum Arbeitnehmer-Pauschbetrag steuerlich absetzbar sein, was die Tarifbindung st\u00e4rken soll. Auch die H\u00f6chstbetr\u00e4ge f\u00fcr steuerlich beg\u00fcnstigte <a href=\"https:\/\/www.zeit.de\/politik\/2025-04\/afd-bundeskasse-spende-oesterreich\" class=\"\" target=\"_blank\" rel=\"noopener\">Parteispenden<\/a> werden verdoppelt, Pr\u00e4mien f\u00fcr <strong>Medaillengewinne<\/strong> bei Olympischen Spielen sollen steuerfrei werden.\n<\/p>\n<p class=\"paragraph article__item\">Das Steuer\u00e4nderungsgesetz 2025 muss nach der Entscheidung im Bundestag noch den Bundesrat passieren. Einige L\u00e4nder fordern eine Kompensation der Steuermindereinnahmen durch den Bund, was bislang von der Bundesregierung abgelehnt wird.\u00a0<\/p>\n","protected":false},"excerpt":{"rendered":"Die Bundesregierung hat mehrere steuerliche Entlastungen\u00a0f\u00fcr Pendlerinnen und Pendler, Gastronomen und Ehrenamtler\u00a0durch den Bundestag gebracht. Das Gesetz wurde&hellip;\n","protected":false},"author":2,"featured_media":622521,"comment_status":"","ping_status":"","sticky":false,"template":"","format":"standard","meta":{"footnotes":""},"categories":[5],"tags":[331,332,3364,43,29,6763,30,13,14,15,4125,51621,16,12,18513,22637,16154],"class_list":{"0":"post-622520","1":"post","2":"type-post","3":"status-publish","4":"format-standard","5":"has-post-thumbnail","7":"category-nachrichten","8":"tag-aktuelle-nachrichten","9":"tag-aktuelle-news","10":"tag-de","11":"tag-deutscher-bundestag","12":"tag-deutschland","13":"tag-gastronomie","14":"tag-germany","15":"tag-headlines","16":"tag-nachrichten","17":"tag-news","18":"tag-pendler","19":"tag-pendlerpauschale","20":"tag-politik","21":"tag-schlagzeilen","22":"tag-schwarz-rote-koalition","23":"tag-steuer","24":"tag-steuerpolitik"},"share_on_mastodon":{"url":"","error":""},"_links":{"self":[{"href":"https:\/\/www.europesays.com\/de\/wp-json\/wp\/v2\/posts\/622520","targetHints":{"allow":["GET"]}}],"collection":[{"href":"https:\/\/www.europesays.com\/de\/wp-json\/wp\/v2\/posts"}],"about":[{"href":"https:\/\/www.europesays.com\/de\/wp-json\/wp\/v2\/types\/post"}],"author":[{"embeddable":true,"href":"https:\/\/www.europesays.com\/de\/wp-json\/wp\/v2\/users\/2"}],"replies":[{"embeddable":true,"href":"https:\/\/www.europesays.com\/de\/wp-json\/wp\/v2\/comments?post=622520"}],"version-history":[{"count":0,"href":"https:\/\/www.europesays.com\/de\/wp-json\/wp\/v2\/posts\/622520\/revisions"}],"wp:featuredmedia":[{"embeddable":true,"href":"https:\/\/www.europesays.com\/de\/wp-json\/wp\/v2\/media\/622521"}],"wp:attachment":[{"href":"https:\/\/www.europesays.com\/de\/wp-json\/wp\/v2\/media?parent=622520"}],"wp:term":[{"taxonomy":"category","embeddable":true,"href":"https:\/\/www.europesays.com\/de\/wp-json\/wp\/v2\/categories?post=622520"},{"taxonomy":"post_tag","embeddable":true,"href":"https:\/\/www.europesays.com\/de\/wp-json\/wp\/v2\/tags?post=622520"}],"curies":[{"name":"wp","href":"https:\/\/api.w.org\/{rel}","templated":true}]}}