{"id":622538,"date":"2025-12-04T10:56:11","date_gmt":"2025-12-04T10:56:11","guid":{"rendered":"https:\/\/www.europesays.com\/de\/622538\/"},"modified":"2025-12-04T10:56:11","modified_gmt":"2025-12-04T10:56:11","slug":"neubau-der-carolabruecke-vier-planungsbueros-mit-entwurf-fuer-neue-carolabruecke-betraut-panorama","status":"publish","type":"post","link":"https:\/\/www.europesays.com\/de\/622538\/","title":{"rendered":"Neubau der Carolabr\u00fccke &#8211; Vier Planungsb\u00fcros mit Entwurf f\u00fcr neue Carolabr\u00fccke betraut &#8211; Panorama"},"content":{"rendered":"<p data-manual=\"paragraph\" data-schema-org-speakable=\"true\" class=\"css-1eosz7k\">Dresden (dpa\/sn) &#8211; Die Stadt Dresden will vier Planungsb\u00fcros aus Berlin, Dresden, Frankfurt am Main und M\u00fcnchen mit dem Entwurf f\u00fcr eine neue Carolabr\u00fccke beauftragen. Ein Teil der alten Br\u00fccke war im September 2024 eingest\u00fcrzt. Daraufhin musste das gesamte Bauwerk abgerissen werden. Endg\u00fcltig kann der Auftrag aber erst nach einer gesetzlichen Wartefrist bis Mitte Dezember erteilt werden, gab die Stadtverwaltung bekannt. Ab dann k\u00f6nnten die Planungsb\u00fcros bis Mitte Mai 2026 an ihren Entw\u00fcrfen arbeiten.\u00a0<\/p>\n<p>Kriterien: Robust, langlebig und geringer Wartungsaufwand<\/p>\n<p data-manual=\"paragraph\" data-schema-org-speakable=\"true\" class=\"css-1eosz7k\">Der Stadtrat hatte sich im Juni auf Schwerpunkte verst\u00e4ndigt. Demnach soll die neue Carolabr\u00fccke funktional sein und sich gleichzeitig harmonisch in das historische Stadtbild einf\u00fcgen. Zudem soll f\u00fcr Dresdner <a href=\"https:\/\/www.sueddeutsche.de\/thema\/Architektur\" target=\"_blank\" rel=\"noopener\">Architektur<\/a> typisches Material wie Sandstein oder Granit verwendet werden. Ferner soll die neue Br\u00fccke wichtige Sichtachsen und Blickbeziehungen zwischen den Elbufern und zur Altstadt ber\u00fccksichtigen. Auch der Natur- und Gew\u00e4sserschutz spielt eine Rolle. Die Br\u00fccke soll maximal einen Pfeiler in der Elbe haben. Technische Anforderungen sind: Robustheit, Langlebigkeit und geringer Wartungsaufwand.<\/p>\n<p>Beteiligung von \u00d6ffentlichkeit und internationalen Experten geplant<\/p>\n<p data-manual=\"paragraph\" data-schema-org-speakable=\"true\" class=\"css-1eosz7k\">Mit der Zuschlagserteilung wird das Vergabeverfahren abgeschlossen. Die Entw\u00fcrfe sollen dann einem Begleitgremium vorgestellt werden, das aus dem Stadtrat, Kammern und Verb\u00e4nden besteht. Auch eine Beteiligung der \u00d6ffentlichkeit und international anerkannter Experten sind vorgesehen. Welcher Entwurf schlie\u00dflich weiter geplant und umgesetzt wird, entscheidet der Stadtrat im Herbst 2026. Die neue Br\u00fccke soll 2031 fertig sein.\u00a0<\/p>\n<p data-manual=\"paragraph\" data-schema-org-speakable=\"true\" class=\"css-1eosz7k\">Die Dresdner Carolabr\u00fccke besitzt drei Br\u00fcckenz\u00fcge. In der Nacht zum 11. September 2024 war der Br\u00fcckenzug f\u00fcr die Stra\u00dfenbahn und die Fu\u00dfg\u00e4nger \u00fcberraschend zusammengest\u00fcrzt. Menschen kamen nicht zu Schaden. Allerdings wurden auch die anderen Teile der Br\u00fccke so stark besch\u00e4digt, dass sie komplett abgerissen werden muss. Als Ursache f\u00fcr den Einsturz gilt Korrosion, die zum Versagen von Spanngliedern f\u00fchrte.<\/p>\n<p data-manual=\"paragraph\" data-schema-org-speakable=\"true\" class=\"css-1eosz7k\">\u00a9 dpa-infocom, dpa:251204-930-378633\/1<\/p>\n","protected":false},"excerpt":{"rendered":"Dresden (dpa\/sn) &#8211; Die Stadt Dresden will vier Planungsb\u00fcros aus Berlin, Dresden, Frankfurt am Main und M\u00fcnchen mit&hellip;\n","protected":false},"author":2,"featured_media":622539,"comment_status":"","ping_status":"","sticky":false,"template":"","format":"standard","meta":{"footnotes":""},"categories":[1835],"tags":[2250,3364,29,2386,30,5027,1236,1974,859,147458,149,601],"class_list":{"0":"post-622538","1":"post","2":"type-post","3":"status-publish","4":"format-standard","5":"has-post-thumbnail","7":"category-dresden","8":"tag-architektur","9":"tag-de","10":"tag-deutschland","11":"tag-dresden","12":"tag-germany","13":"tag-kommune","14":"tag-kommunen","15":"tag-panorama","16":"tag-sachsen","17":"tag-stadtverwaltung-dresden","18":"tag-sueddeutsche-zeitung","19":"tag-verkehr"},"share_on_mastodon":{"url":"https:\/\/pubeurope.com\/@de\/115660939870296941","error":""},"_links":{"self":[{"href":"https:\/\/www.europesays.com\/de\/wp-json\/wp\/v2\/posts\/622538","targetHints":{"allow":["GET"]}}],"collection":[{"href":"https:\/\/www.europesays.com\/de\/wp-json\/wp\/v2\/posts"}],"about":[{"href":"https:\/\/www.europesays.com\/de\/wp-json\/wp\/v2\/types\/post"}],"author":[{"embeddable":true,"href":"https:\/\/www.europesays.com\/de\/wp-json\/wp\/v2\/users\/2"}],"replies":[{"embeddable":true,"href":"https:\/\/www.europesays.com\/de\/wp-json\/wp\/v2\/comments?post=622538"}],"version-history":[{"count":0,"href":"https:\/\/www.europesays.com\/de\/wp-json\/wp\/v2\/posts\/622538\/revisions"}],"wp:featuredmedia":[{"embeddable":true,"href":"https:\/\/www.europesays.com\/de\/wp-json\/wp\/v2\/media\/622539"}],"wp:attachment":[{"href":"https:\/\/www.europesays.com\/de\/wp-json\/wp\/v2\/media?parent=622538"}],"wp:term":[{"taxonomy":"category","embeddable":true,"href":"https:\/\/www.europesays.com\/de\/wp-json\/wp\/v2\/categories?post=622538"},{"taxonomy":"post_tag","embeddable":true,"href":"https:\/\/www.europesays.com\/de\/wp-json\/wp\/v2\/tags?post=622538"}],"curies":[{"name":"wp","href":"https:\/\/api.w.org\/{rel}","templated":true}]}}