{"id":622577,"date":"2025-12-04T11:19:12","date_gmt":"2025-12-04T11:19:12","guid":{"rendered":"https:\/\/www.europesays.com\/de\/622577\/"},"modified":"2025-12-04T11:19:12","modified_gmt":"2025-12-04T11:19:12","slug":"hamburg-johannes-b-kerner-ich-bin-kein-silvestertyp","status":"publish","type":"post","link":"https:\/\/www.europesays.com\/de\/622577\/","title":{"rendered":"Hamburg | Johannes B. Kerner: \u00abIch bin kein Silvestertyp\u00bb"},"content":{"rendered":"<p>Hamburg (dpa) &#8211; Silvester geh\u00f6rt nicht zu den pers\u00f6nlichen Lieblingstagen des Moderators Johannes B. Kerner (60), der die gro\u00dfe ZDF-Show \u00abWillkommen 2026\u00bb moderieren wird. \u00abIch bin kein Silvestertyp. Schon als Jugendlicher fand ich es irgendwie spooky, dass ab 22.00 Uhr pl\u00f6tzlich alle gute Laune hatten\u00bb, sagte der Hamburger dem Nachrichtenportal web.de und erg\u00e4nzte: \u00abInsofern kommt es mir zupass, dass ich an diesem Tag immer arbeite.\u00bb<\/p>\n<p>Die ZDF-Show zum Jahreswechsel wird seit 2010 gesendet, Kerner ist seit 2016 dabei und moderiert zusammen mit Andrea Kiewel. In den vergangenen Jahren wurde stets vom Brandenburger Tor aus \u00fcbertragen. Weil die Stadt Berlin sich in diesem Jahr aber an den Kosten nicht mehr beteiligen wollte, soll am 31. Dezember 2025 erstmals aus Hamburg gesendet werden.\u00a0<\/p>\n<p>Die Live-Party soll in der Hafencity steigen. Geplant ist eine schwimmende B\u00fchne auf der Norderelbe am \u00dcberseequartier. Es werden Johannes Oerding, Das Bo und Wanda sowie das Ensemble des Hamburger Michael-Jackson-Musicals auftreten.<\/p>\n","protected":false},"excerpt":{"rendered":"Hamburg (dpa) &#8211; Silvester geh\u00f6rt nicht zu den pers\u00f6nlichen Lieblingstagen des Moderators Johannes B. Kerner (60), der die&hellip;\n","protected":false},"author":2,"featured_media":622578,"comment_status":"","ping_status":"","sticky":false,"template":"","format":"standard","meta":{"footnotes":""},"categories":[1826],"tags":[296,29,441,30,692,2280,2549,62],"class_list":{"0":"post-622577","1":"post","2":"type-post","3":"status-publish","4":"format-standard","5":"has-post-thumbnail","7":"category-hamburg","8":"tag-berlin","9":"tag-deutschland","10":"tag-fernsehen","11":"tag-germany","12":"tag-hamburg","13":"tag-jahreswechsel","14":"tag-leute","15":"tag-medien"},"share_on_mastodon":{"url":"https:\/\/pubeurope.com\/@de\/115661030361079706","error":""},"_links":{"self":[{"href":"https:\/\/www.europesays.com\/de\/wp-json\/wp\/v2\/posts\/622577","targetHints":{"allow":["GET"]}}],"collection":[{"href":"https:\/\/www.europesays.com\/de\/wp-json\/wp\/v2\/posts"}],"about":[{"href":"https:\/\/www.europesays.com\/de\/wp-json\/wp\/v2\/types\/post"}],"author":[{"embeddable":true,"href":"https:\/\/www.europesays.com\/de\/wp-json\/wp\/v2\/users\/2"}],"replies":[{"embeddable":true,"href":"https:\/\/www.europesays.com\/de\/wp-json\/wp\/v2\/comments?post=622577"}],"version-history":[{"count":0,"href":"https:\/\/www.europesays.com\/de\/wp-json\/wp\/v2\/posts\/622577\/revisions"}],"wp:featuredmedia":[{"embeddable":true,"href":"https:\/\/www.europesays.com\/de\/wp-json\/wp\/v2\/media\/622578"}],"wp:attachment":[{"href":"https:\/\/www.europesays.com\/de\/wp-json\/wp\/v2\/media?parent=622577"}],"wp:term":[{"taxonomy":"category","embeddable":true,"href":"https:\/\/www.europesays.com\/de\/wp-json\/wp\/v2\/categories?post=622577"},{"taxonomy":"post_tag","embeddable":true,"href":"https:\/\/www.europesays.com\/de\/wp-json\/wp\/v2\/tags?post=622577"}],"curies":[{"name":"wp","href":"https:\/\/api.w.org\/{rel}","templated":true}]}}