{"id":622616,"date":"2025-12-04T11:40:25","date_gmt":"2025-12-04T11:40:25","guid":{"rendered":"https:\/\/www.europesays.com\/de\/622616\/"},"modified":"2025-12-04T11:40:25","modified_gmt":"2025-12-04T11:40:25","slug":"mit-dieser-agenda-wollen-bund-und-laender-den-staat-modernisieren","status":"publish","type":"post","link":"https:\/\/www.europesays.com\/de\/622616\/","title":{"rendered":"Mit dieser Agenda wollen Bund und L\u00e4nder den Staat modernisieren"},"content":{"rendered":"<p class=\"tspCAm9 tspCAna\">W\u00e4hrend die Politik gerade vor allem auf das Drama rund um die <a href=\"https:\/\/www.tagesspiegel.de\/politik\/rebellen-bleiben-bei-kritik-weshalb-spahn-trotzdem-auf-eine-mehrheit-beim-rentenpaket-hoffen-kann-14997191.html?icid=in-text-link_15011738\" class=\"link link--internal\" data-gtm-class=\"article-text-link\" data-gtm-val=\"internal\" target=\"_blank\" rel=\"noopener\">Mehrheit f\u00fcr das Rentenpaket<\/a> der Bundesregierung blickt, deutet sich im Hintergrund eine kleine Revolution an \u2013 oder ein gro\u00dfes Scheitern.<\/p>\n<p class=\"tspCAm9\">Wenn an diesem Donnerstag die Ministerpr\u00e4sidenten der L\u00e4nder zu ihrem Treffen mit <a href=\"https:\/\/checkpoint.tagesspiegel.de\/langmeldung\/60jqx22Jga4tSIoHRvbMTl?icid=in-text-link_15011738\" class=\"link link--internal\" data-gtm-class=\"article-text-link\" data-gtm-val=\"internal\" target=\"_blank\" rel=\"noopener\">Kanzler Friedrich Merz<\/a> (CDU) zusammenkommen, wollen Bund und L\u00e4nder n\u00e4mlich ein gemeinsames Gro\u00dfprojekt beschlie\u00dfen: die \u201ef\u00f6derale Modernisierungsagenda\u201c. <\/p>\n<p class=\"tspCAm9\">Dabei handelt es sich im Grunde um die zweite Tranche von Entb\u00fcrokratisierungsma\u00dfnahmen nach der ersten Modernisierungsagenda, die der zust\u00e4ndige Bundesminister <a href=\"https:\/\/www.tagesspiegel.de\/politik\/start-up-mentalitat-im-digitalministerium-lauft-die-bewerbung-per-excel-und-pdf-14313035.html?icid=in-text-link_15011738\" class=\"link link--internal\" data-gtm-class=\"article-text-link\" data-gtm-val=\"internal\" target=\"_blank\" rel=\"noopener\">Karsten Wildberger<\/a> (CDU) im November vom sogenannten <a href=\"https:\/\/www.tagesspiegel.de\/politik\/regierung-legt-paket-fur-burokratiebbau-vor-ist-das-entlastungskabinett-der-grosse-wurf-14751956.html?icid=in-text-link_15011738\" class=\"link link--internal\" data-gtm-class=\"article-text-link\" data-gtm-val=\"internal\" target=\"_blank\" rel=\"noopener\">Entlastungskabinett<\/a> hat beschlie\u00dfen lassen. Rund 80 Ma\u00dfnahmen umfasste das damalige Paket, darunter die M\u00f6glichkeit zur Firmengr\u00fcndung in 24 Stunden, eine rein digitale Fachkr\u00e4ftezuwanderungsagentur und ein digitales Kraftfahrzeugportal.<\/p>\n<p class=\"tspWey\">Empfohlener redaktioneller Inhalt<\/p>\n<p> An dieser Stelle finden Sie einen von unseren Redakteuren ausgew\u00e4hlten, externen Inhalt, der den Artikel f\u00fcr Sie mit zus\u00e4tzlichen Informationen anreichert. Sie k\u00f6nnen sich hier den externen Inhalt mit einem Klick anzeigen lassen oder wieder ausblenden. <\/p>\n<p> Externen Inhalt anzeigen <\/p>\n<p class=\"tspWe4\"> Ich bin damit einverstanden, dass mir der externe Inhalt angezeigt wird. Damit k\u00f6nnen personenbezogene Daten an Drittplattformen \u00fcbermittelt werden.  Mehr Informationen dazu erhalten Sie in den Datenschutz-Einstellungen. Diese finden Sie ganz unten auf unserer Seite im Footer, sodass Sie Ihre Einstellungen jederzeit verwalten oder widerrufen k\u00f6nnen. <\/p>\n<p> Intensives Ringen im Hintergrund <\/p>\n<p class=\"tspCAm9\">Nun haben Vertreter von Bund und L\u00e4ndern in elf Arbeitsgruppen mehr als 300 weitere Ma\u00dfnahmen erarbeitet. Ein \u201eMammutprozess\u201c sei das gewesen, sagte <a href=\"https:\/\/www.tagesspiegel.de\/politik\/muntefering-stiehlt-amthor-und-reichinnek-bei-hart-aber-fair-die-show-ein-bisschen-kinderei-ist-bei-der-rentensache-auch-dabei-15003859.html?icid=in-text-link_15011738\" class=\"link link--internal\" data-gtm-class=\"article-text-link\" data-gtm-val=\"internal\" target=\"_blank\" rel=\"noopener\">Philipp Amthor<\/a> (CDU), der das Vorhaben als Parlamentarischer Staatssekret\u00e4r in Wildbergers Ministerium f\u00fcr Digitales und Staatsmodernisierung geleitet hat, zuletzt der \u201eFrankfurter Allgemeinen Zeitung\u201c. <\/p>\n<p><a href=\"https:\/\/www.tagesspiegel.de\/politik\/regierung-legt-paket-fur-burokratiebbau-vor-ist-das-entlastungskabinett-der-grosse-wurf-14751956.html?icid=single-topic_15011738___\" data-gtm-class=\"article-mzt-link\" class=\"tspCTpe\" target=\"_blank\" rel=\"noopener\">Mit der Kettens\u00e4ge gegen die B\u00fcrokratie Kann eine einzige Kabinettssitzung den gro\u00dfen Wurf bringen? <\/a><\/p>\n<p class=\"tspCAm9\">Und vieles spricht daf\u00fcr, dass dieser auch am Tag vor der Ministerpr\u00e4sidentenkonferenz noch nicht beendet ist. Denn \u00fcber zentrale Fragen des Pakets werde hinter den Kulissen weiterhin intensiv gerungen, hei\u00dft es aus den L\u00e4ndern. Wom\u00f6glich bis kurz vor dem Treffen am Donnerstag. <\/p>\n<p class=\"tspCAm9\">Laut einem Entwurf, der dem Tagesspiegel vorliegt, umfassen die Ma\u00dfnahmen grob f\u00fcnf Punkte: weniger B\u00fcrokratie, digitale und schnellere Verfahren, gute Rechtssetzung sowie effiziente, resiliente und leistungsf\u00e4hige staatliche Strukturen. Das Problem: Nur wenige Punkte sind bislang geeint. <\/p>\n<p><img decoding=\"async\" src=\"https:\/\/www.europesays.com\/de\/wp-content\/uploads\/2025\/12\/berlin-deutschland-19-11-2025-hotel-adlon-kempinski-berlin-sz-wirtschaftsgipfel-bundesminister-fur-d.jpeg\"   alt=\"\" aria-labelledby=\"caption-15011815\" width=\"440\" height=\"330\" loading=\"lazy\" class=\"tspAYie\"\/> Ging beim \u201eEntlastungskabinett\u201c in Vorleistung: Karsten Wildberger (CDU), Bundesminister f\u00fcr Digitales und Staatsmodernisierung. <\/p>\n<p class=\"tspACfc\"> \u00a9 Imago\/dts Nachrichtenagentur <\/p>\n<p class=\"tspCAm9\">Dazu z\u00e4hlt unter anderem die teilweise Abschaffung von Berichtspflichten, nach denen Unternehmen bestimmte Informationen offenlegen m\u00fcssen. Diese sollen bis Ende 2026 \u201ekritisch\u201c \u00fcberpr\u00fcft werden, wie es in dem Entwurf hei\u00dft \u2013 mit dem Ziel, \u201emindestens die H\u00e4lfte dieser Pflichten abzuschaffen\u201c. <\/p>\n<p class=\"tspCAm9\">Ebenfalls einig sind sich Bund und L\u00e4nder bei der \u201eaufwandsarmen Umsetzung von Europarecht\u201c, was bedeutet, dass Ma\u00dfgaben der EU k\u00fcnftig ohne zus\u00e4tzliche Lasten und Pflichten aus deutschem Recht angewandt werden sollen. <\/p>\n<p> Zur Not wird angenommen <\/p>\n<p class=\"tspCAm9\">Ebenso sollen \u00e4ltere Menschen ab dem 70. Lebensjahr keine neuen Personalausweise mehr beantragen m\u00fcssen. Davon verspricht man sich eine Entlastung der Verwaltung, das entsprechende Gesetz soll bis Ende Juni n\u00e4chsten Jahres angepasst werden. <\/p>\n<p class=\"tspCAm9\">Derweil knirscht es bei vielen anderen Ma\u00dfnahmen \u2013 darunter jene, die den gr\u00f6\u00dften Effekt haben d\u00fcrften. Grund sind dem Vernehmen nach haupts\u00e4chlich der F\u00f6deralismus und das Pochen einiger L\u00e4nder auf eigenen Gestaltungsspielraum. <\/p>\n<p><a href=\"https:\/\/www.tagesspiegel.de\/politik\/der-bundes-digitalminister-im-gesprach-werden-wir-in-vier-jahren-alle-behordengange-vom-sofa-aus-erledigen-herr-wildberger-14131439.html?icid=single-topic_15011738___\" data-gtm-class=\"article-mzt-link\" class=\"tspCTpe\" target=\"_blank\" rel=\"noopener\">Der Digitalminister im Gespr\u00e4ch Werden wir in vier Jahren alle Beh\u00f6rdeng\u00e4nge vom Sofa aus erledigen, Herr Wildberger? <\/a><\/p>\n<p class=\"tspCAm9\">So sorgen etwa die unterschiedlichen Legislativen in den Bundesl\u00e4ndern bez\u00fcglich des Umwelt- und Baurechts f\u00fcr Spannungen. Auch der <a href=\"https:\/\/www.tagesspiegel.de\/gesellschaft\/medien\/grosses-digitalpaket-eu-kommission-will-cookie-klicks-im-internet-reduzieren-14880350.html?icid=in-text-link_15011738\" class=\"link link--internal\" data-gtm-class=\"article-text-link\" data-gtm-val=\"internal\" target=\"_blank\" rel=\"noopener\">Datenschutz<\/a>, schon seit Jahren in der Kritik, gilt als Hemmschuh. 17 Landesbeh\u00f6rden legen hier jeweils die EU-Vorgaben unterschiedlich aus. Eine Vereinheitlichung scheint nicht in Sicht. Auch die unterschiedliche IT-Infrastruktur, die eine Zusammenarbeit \u00fcber Landesgrenzen hinweg schwierig macht, liegt auf dem Tisch. <\/p>\n<p class=\"tspCAm9\">Doch einige L\u00e4nder stemmen sich gegen eine Vereinheitlichung. Bayern hat generelle Vorbehalte gegen eine Zusammenlegung von Verwaltungsdienstleistungen angemeldet. So k\u00f6nnte dem Entwurf zufolge etwa das Meldewesen f\u00fcr Kraftfahrzeuge beim Bund geb\u00fcndelt werden. <\/p>\n<p class=\"tspCAm9\">Ebenfalls auf der Kippe: die sogenannte Genehmigungsfiktion. Damit sollen zuk\u00fcnftig Planungen beschleunigt werden, indem ein Antrag automatisch als genehmigt gilt, wenn eine Beh\u00f6rde ihn nicht innerhalb einer bestimmten Frist bearbeitet.<\/p>\n<p class=\"tspCAm9\">Unklar ist auch, ob \u2013 wie erwogen \u2013 die Pflicht zur Abgabe einer Steuererkl\u00e4rung f\u00fcr viele Arbeitnehmer probeweise bis 2028 wegfallen wird und ob gro\u00dfe Infrastrukturprojekte au\u00dferhalb des Sonderverm\u00f6gens zwecks Beschleunigung mit einem \u00fcberragenden \u00f6ffentlichen Interesse ausgestattet werden k\u00f6nnen. Gegen beide Ma\u00dfnahmen gibt es derzeit noch Vorbehalte. <\/p>\n<p class=\"tspCAm9\">Ebenso gegen eine Reduzierung von Planungsgenehmigungs- und Planfeststellungsverfahren und eine Vereinfachung des Umweltgenehmigungsrechts ab Ende 2026. Beides fordern Unternehmen wie Sachverst\u00e4ndige seit Langem. <\/p>\n<blockquote class=\"tspCGnr\">\n<p>Es wird nicht klar, warum jetzt bestimmte Dinge digitalisiert werden und andere nicht. Oder besser: Warum nicht alle?<\/p>\n<\/blockquote>\n<p class=\"tspCGns\"><strong>DIW-\u00d6konom<\/strong> <strong>Alexander Kritikos<\/strong> zur \u201ef\u00f6deralen Modernisierungsagenda\u201c<\/p>\n<p class=\"tspCAm9\">Als sicher gilt hingegen, dass die L\u00e4nder f\u00fcr die Umsetzung der Agenda mit mehr Geld vom Bund rechnen k\u00f6nnen. Der Bund werde ihnen \u201eMittel aus dem Bundesanteil des Sonderverm\u00f6gens f\u00fcr Infrastruktur und Klimaneutralit\u00e4t gew\u00e4hren\u201c, hei\u00dft es. Nur die genaue Summe ist noch offen.<\/p>\n<p class=\"tspCAm9\">Aber w\u00fcrden diese Ma\u00dfnahmen \u00fcberhaupt etwas bringen? W\u00e4ren sie der lange erhoffte Fortschritt bei der Entb\u00fcrokratisierung des Landes?<\/p>\n<p><img decoding=\"async\" src=\"https:\/\/www.europesays.com\/de\/wp-content\/uploads\/2025\/12\/detail-jfif.jpeg\"   alt=\"\" width=\"767\" height=\"767\" loading=\"lazy\" class=\"tspAYie\"\/><\/p>\n<p class=\"tspCYpo\"><strong>Alexander  Kritikos<\/strong> ist Forschungsdirektor \u201eEntrepreneurship\u201c am Deutschen Institut f\u00fcr Wirtschaftsforschung (DIW).<\/p>\n<p class=\"tspCAm9\">\u201eTeilweise\u201c, sagt Alexander Kritikos, Forschungsdirektor des Bereichs \u201eEntrepreneurship\u201c am Deutschen Institut f\u00fcr Wirtschaftsforschung (DIW). \u201eDie Ma\u00dfnahmen sind griffiger und wirksamer als das, was in den letzten Regierungen passiert ist.\u201c Sein Fazit: \u201eWenn das alles tats\u00e4chlich so k\u00e4me, w\u00e4ren das vereinzelte Fortschritte.\u201c<\/p>\n<p> Lesermeinungen zum Artikel <\/p>\n<p class=\"tspCAm9\">\u201eEs bleibt ein <strong>dekoratives Kleinklein<\/strong>, das den wirtschaftlichen Herausforderungen und <strong>Krisen und Problemen nicht gerecht wird<\/strong>. Notwendige Strukturreformen werden nicht einmal begonnen.\u201c<br \/><strong>Sie m\u00f6chten darauf antworten? Hier gelangen Sie <a href=\"https:\/\/www.tagesspiegel.de\/politik\/keine-ausweisverlangerung-fur-altere-und-viel-mehr-digitales-das-bringt-die-modernisierungsagenda-von-bund-und-landern--sofern-sie-kommt-15011738.html?commentId=2451d431-8104-4bb3-a4ad-346972d8d683\" target=\"_blank\" rel=\"noopener\" class=\"link link--external\" data-gtm-class=\"article-text-link\" data-gtm-val=\"external\" aria-describedby=\"message-target-blank\">direkt zur Diskussion mit Community-Mitglied Maxost<\/a><\/strong><\/p>\n<p> Mehr zu B\u00fcrokratie und Digitalisierung <a href=\"https:\/\/www.tagesspiegel.de\/politik\/start-up-mentalitat-im-digitalministerium-lauft-die-bewerbung-per-excel-und-pdf-14313035.html?icid=topic-list_15011738___\" data-gtm-class=\"article-mzt-link\" data-hydrate-fingerprint=\"09740a54944caac75fd2c0c63fd5c5df\" data-hydrate-props=\"{&amp;escapedquot;element&amp;escapedquot;:{&amp;escapedquot;type&amp;escapedquot;:&amp;escapedquot;relatedContent&amp;escapedquot;,&amp;escapedquot;fieldMap&amp;escapedquot;:{},&amp;escapedquot;relation&amp;escapedquot;:{&amp;escapedquot;fields&amp;escapedquot;:{&amp;escapedquot;isPaid&amp;escapedquot;:null},&amp;escapedquot;href&amp;escapedquot;:&amp;escapedquot;\/politik\/start-up-mentalitat-im-digitalministerium-lauft-die-bewerbung-per-excel-und-pdf-14313035.html&amp;escapedquot;,&amp;escapedquot;teaserTitle&amp;escapedquot;:{&amp;escapedquot;kicker&amp;escapedquot;:&amp;escapedquot;Start-up-Mentalit\u00e4t?&amp;escapedquot;,&amp;escapedquot;headline&amp;escapedquot;:&amp;escapedquot;Im Digitalministerium l\u00e4uft die Bewerbung per Excel und PDF&amp;escapedquot;},&amp;escapedquot;id&amp;escapedquot;:&amp;escapedquot;14313035&amp;escapedquot;,&amp;escapedquot;type&amp;escapedquot;:&amp;escapedquot;story&amp;escapedquot;},&amp;escapedquot;isPartOfList&amp;escapedquot;:true,&amp;escapedquot;topicListType&amp;escapedquot;:&amp;escapedquot;topic-list&amp;escapedquot;},&amp;escapedquot;showArrow&amp;escapedquot;:true}\" data-hydrate-slots=\"{&#039;default&#039;:[]}\" class=\"tspCTpe\" target=\"_blank\" rel=\"noopener\">Start-up-Mentalit\u00e4t? Im Digitalministerium l\u00e4uft die Bewerbung per Excel und PDF <\/a><a href=\"https:\/\/www.tagesspiegel.de\/politik\/moderne-verwaltung-und-breitbandausbau-wofur-der-digitalminister-milliarden-ausgeben-will-13913263.html?icid=topic-list_15011738___\" data-gtm-class=\"article-mzt-link\" data-hydrate-fingerprint=\"09740a54944caac75fd2c0c63fd5c5df\" data-hydrate-props=\"{&amp;escapedquot;element&amp;escapedquot;:{&amp;escapedquot;type&amp;escapedquot;:&amp;escapedquot;relatedContent&amp;escapedquot;,&amp;escapedquot;fieldMap&amp;escapedquot;:{},&amp;escapedquot;relation&amp;escapedquot;:{&amp;escapedquot;fields&amp;escapedquot;:{&amp;escapedquot;isPaid&amp;escapedquot;:true},&amp;escapedquot;href&amp;escapedquot;:&amp;escapedquot;\/politik\/moderne-verwaltung-und-breitbandausbau-wofur-der-digitalminister-milliarden-ausgeben-will-13913263.html&amp;escapedquot;,&amp;escapedquot;teaserTitle&amp;escapedquot;:{&amp;escapedquot;kicker&amp;escapedquot;:&amp;escapedquot;Moderne Verwaltung und Breitbandausbau &amp;escapedquot;,&amp;escapedquot;headline&amp;escapedquot;:&amp;escapedquot;Wof\u00fcr der Digitalminister Milliarden ausgeben will&amp;escapedquot;},&amp;escapedquot;id&amp;escapedquot;:&amp;escapedquot;13913263&amp;escapedquot;,&amp;escapedquot;type&amp;escapedquot;:&amp;escapedquot;story&amp;escapedquot;},&amp;escapedquot;isPartOfList&amp;escapedquot;:true,&amp;escapedquot;topicListType&amp;escapedquot;:&amp;escapedquot;topic-list&amp;escapedquot;},&amp;escapedquot;showArrow&amp;escapedquot;:true}\" data-hydrate-slots=\"{&#039;default&#039;:[]}\" class=\"tspCTpe\" target=\"_blank\" rel=\"noopener\">Moderne Verwaltung und Breitbandausbau  Wof\u00fcr der Digitalminister Milliarden ausgeben will <\/a><a href=\"https:\/\/www.tagesspiegel.de\/politik\/plan-von-okonomen-soll-die-wirtschaft-retten--wie-realistisch-ist-er-14388944.html?icid=topic-list_15011738___\" data-gtm-class=\"article-mzt-link\" data-hydrate-fingerprint=\"09740a54944caac75fd2c0c63fd5c5df\" data-hydrate-props=\"{&amp;escapedquot;element&amp;escapedquot;:{&amp;escapedquot;type&amp;escapedquot;:&amp;escapedquot;relatedContent&amp;escapedquot;,&amp;escapedquot;fieldMap&amp;escapedquot;:{},&amp;escapedquot;relation&amp;escapedquot;:{&amp;escapedquot;fields&amp;escapedquot;:{&amp;escapedquot;isPaid&amp;escapedquot;:true},&amp;escapedquot;href&amp;escapedquot;:&amp;escapedquot;\/politik\/plan-von-okonomen-soll-die-wirtschaft-retten--wie-realistisch-ist-er-14388944.html&amp;escapedquot;,&amp;escapedquot;teaserTitle&amp;escapedquot;:{&amp;escapedquot;kicker&amp;escapedquot;:&amp;escapedquot;12 Reform-Ideen&amp;escapedquot;,&amp;escapedquot;headline&amp;escapedquot;:&amp;escapedquot;Ein Plan von \u00d6konomen soll die Wirtschaft retten \u2013 wie realistisch ist er?&amp;escapedquot;},&amp;escapedquot;id&amp;escapedquot;:&amp;escapedquot;14388944&amp;escapedquot;,&amp;escapedquot;type&amp;escapedquot;:&amp;escapedquot;story&amp;escapedquot;},&amp;escapedquot;isPartOfList&amp;escapedquot;:true,&amp;escapedquot;topicListType&amp;escapedquot;:&amp;escapedquot;topic-list&amp;escapedquot;},&amp;escapedquot;showArrow&amp;escapedquot;:true}\" data-hydrate-slots=\"{&#039;default&#039;:[]}\" class=\"tspCTpe\" target=\"_blank\" rel=\"noopener\">12 Reform-Ideen Ein Plan von \u00d6konomen soll die Wirtschaft retten \u2013 wie realistisch ist er? <\/a><\/p>\n<p class=\"tspCAm9\">Einen gro\u00dfen Wurf sieht der \u00d6konom in der avisierten Agenda dennoch nicht: \u201eDie Ma\u00dfnahmen sind weiter sehr punktuell\u201c, sagt er. Trotz des zuletzt von Amthor hervorgehobenen \u201eWhole-of-a-Government\u201c-Ansatzes, also der Tatsache, dass es sich um ein Gesamtanliegen der Bundesregierung handele, fehlt Kritikos eine erkennbare Strategie in der Initiative von Bund und L\u00e4ndern.<\/p>\n<p class=\"tspCAm9\">\u201eEs wird nicht klar, warum jetzt bestimmte Dinge digitalisiert werden und andere nicht. Oder besser: Warum nicht alle?\u201c, sagt er. \u201eDar\u00fcber hinaus fehlt eine klare Aussage dar\u00fcber, warum man jetzt mit zwei oder drei Bereichen anf\u00e4ngt und andere ausspart.\u201c<\/p>\n","protected":false},"excerpt":{"rendered":"W\u00e4hrend die Politik gerade vor allem auf das Drama rund um die Mehrheit f\u00fcr das Rentenpaket der Bundesregierung&hellip;\n","protected":false},"author":2,"featured_media":622617,"comment_status":"","ping_status":"","sticky":false,"template":"","format":"standard","meta":{"footnotes":""},"categories":[5],"tags":[1173,31,1743,88475,10296,147474,775,41482,13,14,15,12,10,8,9,11,383],"class_list":{"0":"post-622616","1":"post","2":"type-post","3":"status-publish","4":"format-standard","5":"has-post-thumbnail","7":"category-nachrichten","8":"tag-bundesregierung","9":"tag-cdu","10":"tag-datenschutz","11":"tag-die-eu","12":"tag-finanzpolitik","13":"tag-foederalismus","14":"tag-friedrich-merz","15":"tag-gesetzentwurf","16":"tag-headlines","17":"tag-nachrichten","18":"tag-news","19":"tag-schlagzeilen","20":"tag-top-news","21":"tag-top-meldungen","22":"tag-topmeldungen","23":"tag-topnews","24":"tag-umwelt"},"share_on_mastodon":{"url":"https:\/\/pubeurope.com\/@de\/115661114211726059","error":""},"_links":{"self":[{"href":"https:\/\/www.europesays.com\/de\/wp-json\/wp\/v2\/posts\/622616","targetHints":{"allow":["GET"]}}],"collection":[{"href":"https:\/\/www.europesays.com\/de\/wp-json\/wp\/v2\/posts"}],"about":[{"href":"https:\/\/www.europesays.com\/de\/wp-json\/wp\/v2\/types\/post"}],"author":[{"embeddable":true,"href":"https:\/\/www.europesays.com\/de\/wp-json\/wp\/v2\/users\/2"}],"replies":[{"embeddable":true,"href":"https:\/\/www.europesays.com\/de\/wp-json\/wp\/v2\/comments?post=622616"}],"version-history":[{"count":0,"href":"https:\/\/www.europesays.com\/de\/wp-json\/wp\/v2\/posts\/622616\/revisions"}],"wp:featuredmedia":[{"embeddable":true,"href":"https:\/\/www.europesays.com\/de\/wp-json\/wp\/v2\/media\/622617"}],"wp:attachment":[{"href":"https:\/\/www.europesays.com\/de\/wp-json\/wp\/v2\/media?parent=622616"}],"wp:term":[{"taxonomy":"category","embeddable":true,"href":"https:\/\/www.europesays.com\/de\/wp-json\/wp\/v2\/categories?post=622616"},{"taxonomy":"post_tag","embeddable":true,"href":"https:\/\/www.europesays.com\/de\/wp-json\/wp\/v2\/tags?post=622616"}],"curies":[{"name":"wp","href":"https:\/\/api.w.org\/{rel}","templated":true}]}}