{"id":622621,"date":"2025-12-04T11:43:14","date_gmt":"2025-12-04T11:43:14","guid":{"rendered":"https:\/\/www.europesays.com\/de\/622621\/"},"modified":"2025-12-04T11:43:14","modified_gmt":"2025-12-04T11:43:14","slug":"holstein-kiel-pokal-helden-feierten-mit-hsv-hymne-wende-fuer-die-liga-sport","status":"publish","type":"post","link":"https:\/\/www.europesays.com\/de\/622621\/","title":{"rendered":"Holstein Kiel: Pokal-Helden feierten mit HSV-Hymne \u2013 Wende f\u00fcr die Liga? | Sport"},"content":{"rendered":"<p><b>Dieser Triumph wurde so richtig genossen!<\/b><\/p>\n<p>Nach dem <a href=\"https:\/\/www.bild.de\/sport\/fussball\/dfb-pokal-kurioses-gestaendnis-von-kiels-tor-held-boss-verspricht-bier-6930c3af11f914c89b8521bb\" class=\"text-link\" target=\"_blank\" rel=\"noopener\">5:3 n.E. im Pokal-Achtelfinale beim HSV<\/a> lie\u00df es <a href=\"https:\/\/www.bild.de\/sport\/fussball\/kieler-sv-holstein\/startseite-kiel-52363046.bild.html\" class=\"text-link\" target=\"_blank\" rel=\"noopener\">Holstein Kiel<\/a> krachen. Mit einer Kiste Bier in der G\u00e4stekabine des Volksparkstadions\u00a0\u2013 und ausgerechnet mit der HSV-Torhymne von Scooter (\u201eAlways hardcore\u201c), die aus den Boxen wummerte und in den Stadion-Katakomben f\u00fcr jeden zu h\u00f6ren war.<\/p>\n<p>RB-Coach Werner:: \u201eDa dachte ich, meine Karriere sei vorbei\u201c<a class=\"anchor video-teaser__anchor\" href=\"https:\/\/www.bild.de\/sport\/fussball\/ole-werner-da-dachte-ich-meine-karriere-sei-vorbei-692588c8f60b758bebd56c88\" target=\"_blank\" rel=\"noopener\"><img decoding=\"async\" width=\"992\" height=\"558\" alt=\"Ole Werner - Da dachte ich, meine Karriere sei vorbei\" src=\"https:\/\/www.europesays.com\/de\/wp-content\/uploads\/2025\/12\/4cba1ad655b95303e07feaee5ff7ac01,73da716e\"   class=\"landscape teaser__image\" loading=\"lazy\"\/><\/a><\/p>\n<p>Quelle: BILD26.11.2025<\/p>\n<p>Viele Fans tr\u00e4umen vor der Auslosung am Sonntag (ab 19.15 Uhr in der ARD-Sportschau) nun von der Wiederauflage des Viertelfinal-Duells gegen Bayern M\u00fcnchen. Da gab es im Januar 2021 ein sensationelles 8:7 n.E. Im Halbfinale war dann allerdings Schluss (0:5 gegen den BVB). <\/p>\n<p>Auch interessant<\/p>\n<p>Anzeige<\/p>\n<p>Auch interessant<\/p>\n<p>Anzeige<\/p>\n<p>Vorher steht am Sonntag aber ein weitaus wichtigerer Termin an. In der Liga muss in Braunschweig (13.30 Uhr, Sky) gewonnen werden. Ansonsten steckt Kiel (derzeit zwei Punkte vor Platz 17) richtig \u00fcbel im Abstiegskampf fest. <\/p>\n<p><b>Hilft der Pokal-Schub f\u00fcr die Wende in der <\/b><a href=\"https:\/\/www.bild.de\/sport\/fussball\/2-bundesliga\/2-liga-startseite-52368772.bild.html\" class=\"text-link\" target=\"_blank\" rel=\"noopener\"><b>Liga<\/b><\/a><b>? Ja\u00a0\u2013 glaubt Sport-Boss Olaf Rebbe (47).<\/b><\/p>\n<p><b>Rebbe zu BILD: \u201eUns war immer bewusst, dass das erste Jahr nach dem Abstieg eine gro\u00dfe Herausforderung wird. Aber das Trainer-Team und die Jungs machen einen Top-Job. Ich bin mir sicher, dass die Erfolge im DFB-Pokal uns auch f\u00fcr die Liga helfen, in den K\u00f6pfen der Spieler Positives ausl\u00f6sen.\u201c<\/b><\/p>\n<p>Auch Mittelfeld-Routinier Stefan Schwab (35) ist sicher, dass die Kieler Brust in der Liga nun wieder breiter wird: \u201eWir haben gezeigt, dass wir Charakter haben. Dass wir in schwierigen Phasen so zusammenstehen, war wundersch\u00f6n zu sehen. Dieses Gef\u00fchl gibt uns hoffentlich Kraft f\u00fcr die letzten drei Spiele vor der Winterpause.\u201c<\/p>\n<p>Ein besonderes Spiel war es so oder so f\u00fcr Marcel Rapp (46), der sein 150. Pflichtspiel als Kiel-Coach absolvierte und nun die Nr. 2 im Holsteiner Trainer-Ranking hinter Helmuth Johannsen (258 Spiele zwischen 1954 und 1961) ist: \u201eWir nehmen die Euphorie auch mit den Fans zusammen mit. Die wird uns tragen.\u201c<\/p>\n<p>Zum Sieg am Sonntag in Braunschweig?<\/p>\n<p>Mehr zum Thema<\/p>\n","protected":false},"excerpt":{"rendered":"Dieser Triumph wurde so richtig genossen! Nach dem 5:3 n.E. im Pokal-Achtelfinale beim HSV lie\u00df es Holstein Kiel&hellip;\n","protected":false},"author":2,"featured_media":622622,"comment_status":"","ping_status":"","sticky":false,"template":"","format":"standard","meta":{"footnotes":""},"categories":[1852],"tags":[3364,29,47877,548,663,3934,347,30,3150,13,4949,21431,14,15,12,1971,542,45,784],"class_list":{"0":"post-622621","1":"post","2":"type-post","3":"status-publish","4":"format-standard","5":"has-post-thumbnail","7":"category-kiel","8":"tag-de","9":"tag-deutschland","10":"tag-dfb-pokal-news","11":"tag-eu","12":"tag-europa","13":"tag-europe","14":"tag-fussball","15":"tag-germany","16":"tag-hamburger-sv","17":"tag-headlines","18":"tag-kiel","19":"tag-kieler-sv-holstein","20":"tag-nachrichten","21":"tag-news","22":"tag-schlagzeilen","23":"tag-schleswig-holstein","24":"tag-sport-leuchtturm-hamburg","25":"tag-texttospeech","26":"tag-zweite-bundesliga"},"share_on_mastodon":{"url":"https:\/\/pubeurope.com\/@de\/115661126368823005","error":""},"_links":{"self":[{"href":"https:\/\/www.europesays.com\/de\/wp-json\/wp\/v2\/posts\/622621","targetHints":{"allow":["GET"]}}],"collection":[{"href":"https:\/\/www.europesays.com\/de\/wp-json\/wp\/v2\/posts"}],"about":[{"href":"https:\/\/www.europesays.com\/de\/wp-json\/wp\/v2\/types\/post"}],"author":[{"embeddable":true,"href":"https:\/\/www.europesays.com\/de\/wp-json\/wp\/v2\/users\/2"}],"replies":[{"embeddable":true,"href":"https:\/\/www.europesays.com\/de\/wp-json\/wp\/v2\/comments?post=622621"}],"version-history":[{"count":0,"href":"https:\/\/www.europesays.com\/de\/wp-json\/wp\/v2\/posts\/622621\/revisions"}],"wp:featuredmedia":[{"embeddable":true,"href":"https:\/\/www.europesays.com\/de\/wp-json\/wp\/v2\/media\/622622"}],"wp:attachment":[{"href":"https:\/\/www.europesays.com\/de\/wp-json\/wp\/v2\/media?parent=622621"}],"wp:term":[{"taxonomy":"category","embeddable":true,"href":"https:\/\/www.europesays.com\/de\/wp-json\/wp\/v2\/categories?post=622621"},{"taxonomy":"post_tag","embeddable":true,"href":"https:\/\/www.europesays.com\/de\/wp-json\/wp\/v2\/tags?post=622621"}],"curies":[{"name":"wp","href":"https:\/\/api.w.org\/{rel}","templated":true}]}}