{"id":622623,"date":"2025-12-04T11:44:18","date_gmt":"2025-12-04T11:44:18","guid":{"rendered":"https:\/\/www.europesays.com\/de\/622623\/"},"modified":"2025-12-04T11:44:18","modified_gmt":"2025-12-04T11:44:18","slug":"kretschmer-zuversichtlich-fuer-zukunft-von-vw-in-sachsen","status":"publish","type":"post","link":"https:\/\/www.europesays.com\/de\/622623\/","title":{"rendered":"Kretschmer zuversichtlich f\u00fcr Zukunft von VW in Sachsen"},"content":{"rendered":"<p class=\"bold\">\n\t\t\t\t\t\t\t\t\t\tWie sieht die Zukunft der s\u00e4chsischen VW-Werke in Zwickau und Chemnitz aus? Sachsens Ministerpr\u00e4sident bem\u00fcht sich, Zuversicht zu verbreiten.\t\t\t\t<\/p>\n<p>\t\t\t\t\t\t\t\t\t\t\t\t\t\t\t\t\t\t\tDresden\/Zwickau.<\/p>\n<p>Ministerpr\u00e4sident <a href=\"https:\/\/www.freiepresse.de\/thema\/person\/michael+kretschmer\" title=\"Artikel zur Person: Michael Kretschmer\" class=\"internal-article-link\" data-ct=\"ENTITY\/PERSON\/MICHAEL-KRETSCHMER\" target=\"_blank\" rel=\"noopener\">Michael Kretschmer<\/a> (CDU) ist zuversichtlich, dass die s\u00e4chsischen VW-Werke in <a href=\"https:\/\/www.freiepresse.de\/thema\/ort\/zwickau\" title=\"Nachrichten f\u00fcr den Ort: Zwickau\" class=\"internal-article-link\" data-ct=\"ENTITY\/LOCATION\/UNKNOWN\/ZWICKAU\" target=\"_blank\" rel=\"noopener\">Zwickau<\/a> und <a href=\"https:\/\/www.freiepresse.de\/thema\/ort\/chemnitz\" title=\"Nachrichten f\u00fcr den Ort: Chemnitz\" class=\"internal-article-link\" data-ct=\"ENTITY\/LOCATION\/UNKNOWN\/CHEMNITZ\" target=\"_blank\" rel=\"noopener\">Chemnitz<\/a> bestehen bleiben. Es gebe entsprechende Aussagen und Zusagen von VW-Chef Oliver Blume, des Aufsichtsratsvorsitzenden Hans Dieter P\u00f6tsch und seines nieders\u00e4chsischen Amtskollegen Olaf Lies (SPD), sagte Kretschmer der Zeitschrift &#8222;Auto Motor und Sport&#8220;.\u00a0<\/p>\n<p>&#8222;Ich habe eine klare Vorstellung von den Problemen von VW. Aber ich habe auch die Zuversicht und das komplette Vertrauen, dass das miteinander Besprochene gilt und dass Zwickau-Mosel und Chemnitz auch in den n\u00e4chsten Jahrzehnten wichtige Standorte von Volkswagen sein werden&#8220;, betonte Kretschmer.\u00a0<\/p>\n<p>Volkswagen hatte das Werk in Zwickau als erste Fabrik komplett auf die Produktion von E-Autos umgestellt. Allerdings schw\u00e4chelt die Nachfrage nach Elektrofahrzeugen. Im Motorenwerk Chemnitz werden Verbrennungsmotoren hergestellt.\u00a0<\/p>\n<p>\t&#8222;Gro\u00dfer Vertrauensschaden&#8220; bei den Besch\u00e4ftigten<\/p>\n<p>Bis 2030 gilt bei VW eine Besch\u00e4ftigungssicherung. Konzernchef Blume hatte in der Vergangenheit wiederholt versprochen, sich um Zwickau zu k\u00fcmmern. Allerdings muss das Werk auf absehbare Zeit Modelle an andere VW-Standorte abgeben.<\/p>\n<p>Kretschmer sagte, er k\u00f6nne die Verunsicherung der Belegschaft verstehen. Nach anf\u00e4nglicher Skepsis h\u00e4tten die Besch\u00e4ftigten die Umstellung auf Elektromobilit\u00e4t mit viel Engagement mitgemacht. &#8222;Und nun sind sie nat\u00fcrlich sehr entt\u00e4uscht, dass ihre Leistungen nicht dazu gef\u00fchrt haben, dass sie jetzt in der Krise sich sicher f\u00fchlen k\u00f6nnen. Das ist schon ein gro\u00dfer Vertrauensschaden&#8220;, sagte Kretschmer. (dpa)<\/p>\n","protected":false},"excerpt":{"rendered":"Wie sieht die Zukunft der s\u00e4chsischen VW-Werke in Zwickau und Chemnitz aus? Sachsens Ministerpr\u00e4sident bem\u00fcht sich, Zuversicht zu&hellip;\n","protected":false},"author":2,"featured_media":622624,"comment_status":"","ping_status":"","sticky":false,"template":"","format":"standard","meta":{"footnotes":""},"categories":[1851],"tags":[2770,3364,29,548,663,3934,3858,30,13,14,15,859,12],"class_list":{"0":"post-622623","1":"post","2":"type-post","3":"status-publish","4":"format-standard","5":"has-post-thumbnail","7":"category-chemnitz","8":"tag-chemnitz","9":"tag-de","10":"tag-deutschland","11":"tag-eu","12":"tag-europa","13":"tag-europe","14":"tag-firmenleben-firmen-in-not","15":"tag-germany","16":"tag-headlines","17":"tag-nachrichten","18":"tag-news","19":"tag-sachsen","20":"tag-schlagzeilen"},"share_on_mastodon":{"url":"https:\/\/pubeurope.com\/@de\/115661128724783711","error":""},"_links":{"self":[{"href":"https:\/\/www.europesays.com\/de\/wp-json\/wp\/v2\/posts\/622623","targetHints":{"allow":["GET"]}}],"collection":[{"href":"https:\/\/www.europesays.com\/de\/wp-json\/wp\/v2\/posts"}],"about":[{"href":"https:\/\/www.europesays.com\/de\/wp-json\/wp\/v2\/types\/post"}],"author":[{"embeddable":true,"href":"https:\/\/www.europesays.com\/de\/wp-json\/wp\/v2\/users\/2"}],"replies":[{"embeddable":true,"href":"https:\/\/www.europesays.com\/de\/wp-json\/wp\/v2\/comments?post=622623"}],"version-history":[{"count":0,"href":"https:\/\/www.europesays.com\/de\/wp-json\/wp\/v2\/posts\/622623\/revisions"}],"wp:featuredmedia":[{"embeddable":true,"href":"https:\/\/www.europesays.com\/de\/wp-json\/wp\/v2\/media\/622624"}],"wp:attachment":[{"href":"https:\/\/www.europesays.com\/de\/wp-json\/wp\/v2\/media?parent=622623"}],"wp:term":[{"taxonomy":"category","embeddable":true,"href":"https:\/\/www.europesays.com\/de\/wp-json\/wp\/v2\/categories?post=622623"},{"taxonomy":"post_tag","embeddable":true,"href":"https:\/\/www.europesays.com\/de\/wp-json\/wp\/v2\/tags?post=622623"}],"curies":[{"name":"wp","href":"https:\/\/api.w.org\/{rel}","templated":true}]}}