{"id":622714,"date":"2025-12-04T12:45:17","date_gmt":"2025-12-04T12:45:17","guid":{"rendered":"https:\/\/www.europesays.com\/de\/622714\/"},"modified":"2025-12-04T12:45:17","modified_gmt":"2025-12-04T12:45:17","slug":"frankfurter-messe-bleibt-in-der-gewinnzone","status":"publish","type":"post","link":"https:\/\/www.europesays.com\/de\/622714\/","title":{"rendered":"Frankfurter Messe bleibt in der Gewinnzone"},"content":{"rendered":"<p>Bei der Messe Frankfurt haben hohe Investitionen in die Infrastruktur im laufenden Jahr auf das Ergebnis gedr\u00fcckt. Der Gewinn f\u00fcr 2025 d\u00fcrfte sich mehr als halbieren und bei mindestens 39 Millionen Euro liegen (2024: 81,8 Mio. Euro), berichtete Messechef Wolfgang Marzin. Er nannte als Gr\u00fcnde verst\u00e4rkte IT-Investitionen und Instandhaltungsarbeiten am Messegel\u00e4nde, die in der Corona-Zeit liegengeblieben waren.\u00a0 <\/p>\n<p>Die Gesch\u00e4ftsf\u00fchrung rechnet f\u00fcr das laufende Jahr mit einem Konzernumsatz von 766 Millionen Euro nach dem Rekordwert von 775 Millionen Euro aus dem Vorjahr. Vor allem im Inland gingen die Erl\u00f6se zur\u00fcck. Das Auslandsgesch\u00e4ft legte hingegen zu und macht aktuell 48 Prozent des Gesamtumsatzes aus.\u00a0 <\/p>\n<p>F\u00fcr das kommende Jahr mit einem g\u00fcnstigeren Veranstaltungszyklus rechnet die von der Stadt Frankfurt und dem Land Hessen getragenen Gesellschaft mit steigenden Ums\u00e4tzen und einem h\u00f6heren Marktanteil. Bis 2027 sollen zudem weltweit 25 neue Veranstaltungen etabliert werden. F\u00fcr die kriselnde, gemeinsam mit Friedrichshafen betriebene Fahrradmesse Eurobike k\u00fcndigte Marzin ein st\u00e4rkeres Engagement des Frankfurter Vertriebs an.\u00a0 <\/p>\n<p>          &#13;<br \/>\n              Wichtiger Standortfaktor <\/p>\n<p>Frankfurts Oberb\u00fcrgermeister und Messe-Aufsichtsratschef Mike Josef (SPD) lobte die Messe als \u201eStandortfaktor ersten Ranges\u201c. Sie l\u00f6se laut einer aktuellen Prognos-Studie sozio-\u00f6konomische Effekte in H\u00f6he von 3,7 Milliarden Euro aus, von denen 2,1 Milliarden Euro auf Frankfurt entfielen. Sie sichere zudem 30.000 Arbeitspl\u00e4tze in Deutschland und l\u00f6se 667 Millionen Euro Steuereinnahmen aus. <\/p>\n","protected":false},"excerpt":{"rendered":"Bei der Messe Frankfurt haben hohe Investitionen in die Infrastruktur im laufenden Jahr auf das Ergebnis gedr\u00fcckt. Der&hellip;\n","protected":false},"author":2,"featured_media":622715,"comment_status":"","ping_status":"","sticky":false,"template":"","format":"standard","meta":{"footnotes":""},"categories":[1829],"tags":[29,14131,2050,2051,30,2052,984,3800],"class_list":{"0":"post-622714","1":"post","2":"type-post","3":"status-publish","4":"format-standard","5":"has-post-thumbnail","7":"category-frankfurt-am-main","8":"tag-deutschland","9":"tag-dienstleistung","10":"tag-frankfurt","11":"tag-frankfurt-am-main","12":"tag-germany","13":"tag-hessen","14":"tag-international","15":"tag-messen"},"share_on_mastodon":{"url":"https:\/\/pubeurope.com\/@de\/115661368378907215","error":""},"_links":{"self":[{"href":"https:\/\/www.europesays.com\/de\/wp-json\/wp\/v2\/posts\/622714","targetHints":{"allow":["GET"]}}],"collection":[{"href":"https:\/\/www.europesays.com\/de\/wp-json\/wp\/v2\/posts"}],"about":[{"href":"https:\/\/www.europesays.com\/de\/wp-json\/wp\/v2\/types\/post"}],"author":[{"embeddable":true,"href":"https:\/\/www.europesays.com\/de\/wp-json\/wp\/v2\/users\/2"}],"replies":[{"embeddable":true,"href":"https:\/\/www.europesays.com\/de\/wp-json\/wp\/v2\/comments?post=622714"}],"version-history":[{"count":0,"href":"https:\/\/www.europesays.com\/de\/wp-json\/wp\/v2\/posts\/622714\/revisions"}],"wp:featuredmedia":[{"embeddable":true,"href":"https:\/\/www.europesays.com\/de\/wp-json\/wp\/v2\/media\/622715"}],"wp:attachment":[{"href":"https:\/\/www.europesays.com\/de\/wp-json\/wp\/v2\/media?parent=622714"}],"wp:term":[{"taxonomy":"category","embeddable":true,"href":"https:\/\/www.europesays.com\/de\/wp-json\/wp\/v2\/categories?post=622714"},{"taxonomy":"post_tag","embeddable":true,"href":"https:\/\/www.europesays.com\/de\/wp-json\/wp\/v2\/tags?post=622714"}],"curies":[{"name":"wp","href":"https:\/\/api.w.org\/{rel}","templated":true}]}}