{"id":622721,"date":"2025-12-04T12:49:17","date_gmt":"2025-12-04T12:49:17","guid":{"rendered":"https:\/\/www.europesays.com\/de\/622721\/"},"modified":"2025-12-04T12:49:17","modified_gmt":"2025-12-04T12:49:17","slug":"fw-m-brand-in-abbruchgebaeude-freimann","status":"publish","type":"post","link":"https:\/\/www.europesays.com\/de\/622721\/","title":{"rendered":"FW-M: Brand in Abbruchgeb\u00e4ude (Freimann)"},"content":{"rendered":"<p class=\"date\">04.12.2025 \u2013 13:32<\/p>\n<p class=\"customer\">\n                        <a class=\"story-customer\" title=\"weiter zum newsroom von Feuerwehr M\u00fcnchen\" href=\"https:\/\/www.presseportal.de\/blaulicht\/nr\/131419\" rel=\"nofollow noopener\" target=\"_blank\">Feuerwehr M\u00fcnchen<\/a>\n                    <\/p>\n<p><a class=\"glightbox event-trigger\" href=\"https:\/\/cache.pressmailing.net\/thumbnail\/story_hires\/a613fc12-71b5-4250-8625-449cf6a272dd\/2025_12_04_Heidemann~ra%C3%9Fe_004_presse.jpg.jpg\" data-description=\"Die Drehleiter vor dem Brandgeb\u00e4ude.\" data-category=\"medialightbox\" data-action=\"click\" data-label=\"single\" data-value=\"69317f64270000fd2c281379\" rel=\"nofollow noopener\" target=\"_blank\"><img decoding=\"async\" height=\"540\" with=\"720\" src=\"https:\/\/www.europesays.com\/de\/wp-content\/uploads\/2025\/12\/fw-m-brand-in-abbruchgeb-ude-freimann.jpeg\"   alt=\"FW-M: Brand in Abbruchgeb\u00e4ude (Freimann)\" class=\"single\"\/><\/a><\/p>\n<p><a data-category=\"citylink-story-view\" data-action=\"click\" data-label=\"Citylink in Meldungsansicht\" class=\"story-city event-trigger\" href=\"https:\/\/www.presseportal.de\/regional\/M%FCnchen\" title=\"News aus M\u00fcnchen \" rel=\"nofollow noopener\" target=\"_blank\">M\u00fcnchen<\/a> (ots)<\/p>\n<p>Donnerstag, 4. Dezember 2025, 07:18 Uhr<\/p>\n<p>Heidemannstra\u00dfe<\/p>\n<p>Am heutigen Morgen ist es in der Heidemannstra\u00dfe zu einem Brand in einem Abbruchgeb\u00e4ude gekommen. Das schnelle Eingreifen der Feuerwehr konnte eine Brandausbreitung verhindern.<\/p>\n<p>Bereits w\u00e4hrend der Anfahrt der Einsatzkr\u00e4fte gingen weitere Notrufe bei der Einsatzzentrale ein. Bei Eintreffen der Feuerwehr war das Treppenhaus des Geb\u00e4udes in Vollbrand, was zu einer sichtbaren Rauchentwicklung f\u00fchrte. Umgehend wurde die Brandbek\u00e4mpfung eingeleitet.<\/p>\n<p>Mehrere Trupps unter Pressluftatmern setzten zwei C-Rohre ein, um die Flammen zu bek\u00e4mpfen. Parallel dazu wurde die Drehleiter mit Wenderohr in Stellung gebracht, um im Falle einer Ausbreitung des Brandes schnell eingreifen zu k\u00f6nnen. Dank der guten Zusammenarbeit der Einsatzkr\u00e4fte konnte ein \u00dcbergreifen der Flammen auf weitere Teile des Geb\u00e4udes verhindert werden.<\/p>\n<p>Trotz des Leerstands wurde das gesamte Geb\u00e4ude auf Personen abgesucht. Im weiteren Verlauf musste der Fehlboden des Geb\u00e4udes ge\u00f6ffnet werden, um eventuell versteckte Glutnester abl\u00f6schen zu k\u00f6nnen.<\/p>\n<p>Erst nach zwei Stunden war der Einsatz f\u00fcr den L\u00f6schzug der Berufsfeuerwehr und f\u00fcr die Abteilung der Freiwilligen Feuerwehr Freimann beendet.<\/p>\n<p>Ein Sachschaden kann vonseiten der Feuerwehr nicht beziffert werden. Zur Kl\u00e4rung der Brandursache hat die Polizei die Ermittlungen aufgenommen.<\/p>\n<p>Zu diesem Einsatz ver\u00f6ffentlicht die Branddirektion M\u00fcnchen keine Fotos.<\/p>\n<p>(Schu)<\/p>\n<p class=\"contact-headline\">R\u00fcckfragen von Medienvertretern bitte an:<\/p>\n<p class=\"contact-text\">Pressekontakt:<br \/>Feuerwehr M\u00fcnchen<br \/>Pressestelle<br \/>Telefon: 089 \/ 2353 31311<br \/>(Montag bis Donnerstag von 08:30 bis 15:00 Uhr, Freitag von 08:30 bis<br \/>12:00 Uhr)<br \/>E-Mail: <a href=\"https:\/\/www.presseportal.de\/blaulicht\/pm\/131419\/mailto: presse.feuerwehr@muenchen.de\" class=\"uri-mailto\" rel=\"nofollow noopener\" target=\"_blank\"> presse.feuerwehr@muenchen.de<\/a><\/p>\n<p>Internet: <a target=\"_blank\" class=\"uri-ext outbound\" rel=\"noopener nofollow\" href=\"https:\/\/www.feuerwehr-muenchen.de\">www.feuerwehr-muenchen.de<\/a><br \/>Twitter: <a target=\"_blank\" class=\"uri-ext outbound\" rel=\"noopener nofollow\" href=\"https:\/\/www.twitter.com\/BFMuenchen\">www.twitter.com\/BFMuenchen<\/a><br \/>Facebook: <a target=\"_blank\" class=\"uri-ext outbound\" rel=\"noopener nofollow\" href=\"https:\/\/www.facebook.com\/feuerwehr.muenchen\/\">www.facebook.com\/feuerwehr.muenchen\/<\/a><br \/>LinkedIn: <a target=\"_blank\" class=\"uri-ext outbound\" rel=\"noopener nofollow\" href=\"https:\/\/www.linkedin.com\/company\/feuerwehrmuenchen\">www.linkedin.com\/company\/feuerwehrmuenchen<\/a><br \/>Instagram: <a target=\"_blank\" class=\"uri-ext outbound\" rel=\"noopener nofollow\" href=\"https:\/\/www.instagram.com\/feuerwehrmuenchen\/\">www.instagram.com\/feuerwehrmuenchen\/<\/a><\/p>\n<p class=\"originator\">Original-Content von: Feuerwehr M\u00fcnchen, \u00fcbermittelt durch news aktuell<\/p>\n<p>                <script async src=\"https:\/\/platform.twitter.com\/widgets.js\" charset=\"utf-8\"><\/script><script async src=\"\/\/www.instagram.com\/embed.js\"><\/script><\/p>\n","protected":false},"excerpt":{"rendered":"04.12.2025 \u2013 13:32 Feuerwehr M\u00fcnchen M\u00fcnchen (ots) Donnerstag, 4. Dezember 2025, 07:18 Uhr Heidemannstra\u00dfe Am heutigen Morgen ist&hellip;\n","protected":false},"author":2,"featured_media":622722,"comment_status":"","ping_status":"","sticky":false,"template":"","format":"standard","meta":{"footnotes":""},"categories":[1827],"tags":[772,2919,2918,29,985,30,1268,178,180,179,181],"class_list":{"0":"post-622721","1":"post","2":"type-post","3":"status-publish","4":"format-standard","5":"has-post-thumbnail","7":"category-muenchen","8":"tag-bayern","9":"tag-brand","10":"tag-by","11":"tag-deutschland","12":"tag-feuerwehr","13":"tag-germany","14":"tag-muenchen","15":"tag-presse","16":"tag-pressemeldung","17":"tag-pressemitteilung","18":"tag-pressemitteilungen"},"share_on_mastodon":{"url":"https:\/\/pubeurope.com\/@de\/115661385290763797","error":""},"_links":{"self":[{"href":"https:\/\/www.europesays.com\/de\/wp-json\/wp\/v2\/posts\/622721","targetHints":{"allow":["GET"]}}],"collection":[{"href":"https:\/\/www.europesays.com\/de\/wp-json\/wp\/v2\/posts"}],"about":[{"href":"https:\/\/www.europesays.com\/de\/wp-json\/wp\/v2\/types\/post"}],"author":[{"embeddable":true,"href":"https:\/\/www.europesays.com\/de\/wp-json\/wp\/v2\/users\/2"}],"replies":[{"embeddable":true,"href":"https:\/\/www.europesays.com\/de\/wp-json\/wp\/v2\/comments?post=622721"}],"version-history":[{"count":0,"href":"https:\/\/www.europesays.com\/de\/wp-json\/wp\/v2\/posts\/622721\/revisions"}],"wp:featuredmedia":[{"embeddable":true,"href":"https:\/\/www.europesays.com\/de\/wp-json\/wp\/v2\/media\/622722"}],"wp:attachment":[{"href":"https:\/\/www.europesays.com\/de\/wp-json\/wp\/v2\/media?parent=622721"}],"wp:term":[{"taxonomy":"category","embeddable":true,"href":"https:\/\/www.europesays.com\/de\/wp-json\/wp\/v2\/categories?post=622721"},{"taxonomy":"post_tag","embeddable":true,"href":"https:\/\/www.europesays.com\/de\/wp-json\/wp\/v2\/tags?post=622721"}],"curies":[{"name":"wp","href":"https:\/\/api.w.org\/{rel}","templated":true}]}}