{"id":622723,"date":"2025-12-04T12:50:22","date_gmt":"2025-12-04T12:50:22","guid":{"rendered":"https:\/\/www.europesays.com\/de\/622723\/"},"modified":"2025-12-04T12:50:22","modified_gmt":"2025-12-04T12:50:22","slug":"rueckschlag-fuer-tobias-rieder-stuermer-faellt-aus","status":"publish","type":"post","link":"https:\/\/www.europesays.com\/de\/622723\/","title":{"rendered":"R\u00fcckschlag f\u00fcr Tobias Rieder \u2013 St\u00fcrmer f\u00e4llt aus"},"content":{"rendered":"<p>R\u00fcckschlag f\u00fcr Rieder <\/p>\n<p>Ex-NHL-Profi fehlt Red Bull M\u00fcnchen wochenlang<\/p>\n<p>04.12.2025 &#8211; 13:40 UhrLesedauer: 1 Min.<\/p>\n<p><a href=\"#focus-0\" class=\"transition-colors duration-200 block text-current relative\" data-sctrack=\"FocusGalleryImage.Reference\"><img fetchpriority=\"high\" data-testid=\"Opener.Image\" style=\"--lqipURL:url('https:\/\/images.t-online.de\/2025\/12\/3Ni1pJzG418z\/0x209:4000x2250\/fit-in\/150x0\/filters:blur(25)\/tobias-rieder-von-red-bull-muenchen-archivbild.jpg')\"   loading=\"eager\" src=\"https:\/\/www.europesays.com\/de\/wp-content\/uploads\/2025\/12\/tobias-rieder-von-red-bull-muenchen-archivbild.jpg\" alt=\"Tobias Rieder von Red Bull M\u00fcnchen (Archivbild):\" title=\"Tobias Rieder von Red Bull M\u00fcnchen (Archivbild):\" width=\"4000\" height=\"2250\" class=\"bg-[url:var(--lqipURL)] bg-cover bg-center flex h-full w-full max-w-full\" decoding=\"async\"\/><img style=\"--width:32;--height:32\" loading=\"lazy\" src=\"https:\/\/muenchen.t-online.de\/s\/paper\/_next\/static\/media\/zoom-in.f7dae02f.svg\" alt=\"Vergr\u00f6\u00dfern des Bildes\" title=\"Vergr\u00f6\u00dfern des Bildes\" class=\"block h-[calc(var(--height)_\/_16_*_1rem)] w-[calc(var(--width)_\/_16_*_1rem)] max-w-none absolute bottom-8 right-8 rounded-4 bg-snow p-8\" decoding=\"async\"\/><\/a><\/p>\n<p>Tobias Rieder (Archivbild): Der 32-J\u00e4hrige kam vor seiner Zeit in M\u00fcnchen auf 492 Eins\u00e4tze in der NHL. (Quelle: EHC Red Bull M\u00fcnchen\/City-Press GmbH)<\/p>\n<p class=\"font-bold text-18 leading-17\">Erst Ende November gibt Tobias Rieder nach auskurierter Verletzung sein Comeback f\u00fcr den EHC Red Bull M\u00fcnchen. Nun erleidet der 32-J\u00e4hrige einen R\u00fcckschlag.<\/p>\n<p class=\"text-18 leading-17\">Nationalst\u00fcrmer Tobias Rieder wird dem EHC Red Bull M\u00fcnchen f\u00fcr rund vier Wochen fehlen. Wie der Klub aus der Deutschen Eishockey Liga (DEL) am Donnerstag bekannt gab, zog sich der 32-J\u00e4hrige bei der 1:3-Ausw\u00e4rtsniederlage am vergangenen Freitag gegen die Iserlohn Roosters erneut eine Unterk\u00f6rperverletzung zu.<\/p>\n<p class=\"text-18 leading-17\">Bereits Anfang November hatte sich Rieder im Spiel bei den K\u00f6lner Haien am Unterk\u00f6rper verletzt und fehlte den Red Bulls in der Folge zwei Wochen lang. Nach seiner R\u00fcckkehr traf er bei den beiden Derbysiegen gegen die Augsburger Panther (8:3) und die Straubing Tigers (5:3) je einmal, ehe er in Iserlohn verletzt vom Eis musste.<\/p>\n<p class=\"text-18 leading-17\">Besonders bitter: Mit neun Toren ist der fr\u00fchere NHL-Profi (492 Eins\u00e4tze) in der laufenden Spielzeit bester Torsch\u00fctze seiner Mannschaft. Neben dem geb\u00fcrtigen Landshuter m\u00fcssen die M\u00fcnchner <a target=\"_blank\" class=\"transition-colors duration-200 cursor-pointer text-inherit no-underline text-salemsfur md:hover:text-magenta md:hover:border-magenta md:focus:text-magenta border-current border-b border-solid break-words\" href=\"https:\/\/muenchen.t-online.de\/region\/muenchen\/id_101015856\/ehc-red-bull-muenchen-mathias-niederberger-faellt-wochenlang-verletzt-aus.html\" data-sctrack=\"BodyAnchor\" rel=\"noopener\">aktuell auch auf Nationaltorwart Mathias Niederberger<\/a> und Markus Eisenschmid verzichten. Beide laborieren wie Rieder an einer Unterk\u00f6rperverletzung.<\/p>\n<p class=\"text-18 leading-17\">Verteidiger Phillip Sinn und St\u00fcrmer Chris DeSousa haben nach ihren Oberk\u00f6rperverletzungen hingegen wieder mit dem Training begonnen. Ob sie bereits am Freitagabend im Heimspiel gegen Tabellenf\u00fchrer ERC Ingolstadt (Anpfiff: 19.30 Uhr) wieder Optionen f\u00fcr Trainer Oliver David sind, ist noch offen.<\/p>\n","protected":false},"excerpt":{"rendered":"R\u00fcckschlag f\u00fcr Rieder Ex-NHL-Profi fehlt Red Bull M\u00fcnchen wochenlang 04.12.2025 &#8211; 13:40 UhrLesedauer: 1 Min. Tobias Rieder (Archivbild):&hellip;\n","protected":false},"author":2,"featured_media":622724,"comment_status":"","ping_status":"","sticky":false,"template":"","format":"standard","meta":{"footnotes":""},"categories":[1827],"tags":[772,2097,29,18488,30,1268,147487],"class_list":{"0":"post-622723","1":"post","2":"type-post","3":"status-publish","4":"format-standard","5":"has-post-thumbnail","7":"category-muenchen","8":"tag-bayern","9":"tag-del","10":"tag-deutschland","11":"tag-ehc-red-bull-muenchen","12":"tag-germany","13":"tag-muenchen","14":"tag-tobias-rieder"},"share_on_mastodon":{"url":"https:\/\/pubeurope.com\/@de\/115661388886989529","error":""},"_links":{"self":[{"href":"https:\/\/www.europesays.com\/de\/wp-json\/wp\/v2\/posts\/622723","targetHints":{"allow":["GET"]}}],"collection":[{"href":"https:\/\/www.europesays.com\/de\/wp-json\/wp\/v2\/posts"}],"about":[{"href":"https:\/\/www.europesays.com\/de\/wp-json\/wp\/v2\/types\/post"}],"author":[{"embeddable":true,"href":"https:\/\/www.europesays.com\/de\/wp-json\/wp\/v2\/users\/2"}],"replies":[{"embeddable":true,"href":"https:\/\/www.europesays.com\/de\/wp-json\/wp\/v2\/comments?post=622723"}],"version-history":[{"count":0,"href":"https:\/\/www.europesays.com\/de\/wp-json\/wp\/v2\/posts\/622723\/revisions"}],"wp:featuredmedia":[{"embeddable":true,"href":"https:\/\/www.europesays.com\/de\/wp-json\/wp\/v2\/media\/622724"}],"wp:attachment":[{"href":"https:\/\/www.europesays.com\/de\/wp-json\/wp\/v2\/media?parent=622723"}],"wp:term":[{"taxonomy":"category","embeddable":true,"href":"https:\/\/www.europesays.com\/de\/wp-json\/wp\/v2\/categories?post=622723"},{"taxonomy":"post_tag","embeddable":true,"href":"https:\/\/www.europesays.com\/de\/wp-json\/wp\/v2\/tags?post=622723"}],"curies":[{"name":"wp","href":"https:\/\/api.w.org\/{rel}","templated":true}]}}