{"id":622825,"date":"2025-12-04T13:46:20","date_gmt":"2025-12-04T13:46:20","guid":{"rendered":"https:\/\/www.europesays.com\/de\/622825\/"},"modified":"2025-12-04T13:46:20","modified_gmt":"2025-12-04T13:46:20","slug":"mehr-als-buchstaben-und-woerter-gottschalk-diederich-baedeker-preis-2025-fuer-dr","status":"publish","type":"post","link":"https:\/\/www.europesays.com\/de\/622825\/","title":{"rendered":"Mehr als Buchstaben und W\u00f6rter: Gottschalk-Diederich-Baedeker-Preis 2025 f\u00fcr Dr. &#8230;"},"content":{"rendered":"<p class=\"date\">04.12.2025 \u2013 14:28<\/p>\n<p class=\"customer\">\n                        <a class=\"story-customer\" title=\"weiter zum newsroom von Universit\u00e4t Duisburg-Essen\" href=\"https:\/\/www.presseportal.de\/nr\/62259\" rel=\"nofollow noopener\" target=\"_blank\">Universit\u00e4t Duisburg-Essen<\/a>\n                    <\/p>\n<p><a class=\"glightbox event-trigger\" href=\"https:\/\/cache.pressmailing.net\/thumbnail\/story_hires\/1ece9641-74f0-4fb8-a1cf-881003240cff\/2025-12-02%20Baedekerp~ck,%20Stadt%20Essen.jpg.jpg\" data-description=\"Preistr\u00e4ger Sprachphilosoph Dr. Stefan Rinner &#010;(Moritz Leick, Stadt Essen)\" data-category=\"medialightbox\" data-action=\"click\" data-label=\"single\" data-value=\"69318c76270000fd2c284a27\" rel=\"nofollow noopener\" target=\"_blank\"><img decoding=\"async\" height=\"540\" with=\"720\" src=\"https:\/\/www.europesays.com\/de\/wp-content\/uploads\/2025\/12\/mehr-als-buchstaben-und-w-rter-gottschalk-diederich-baedeker-preis-2025-f-r-dr-stefan-rinner.jpeg\"   alt=\"Mehr als Buchstaben und W\u00f6rter: Gottschalk-Diederich-Baedeker-Preis 2025 f\u00fcr Dr. Stefan Rinner\" class=\"single\"\/><\/a><\/p>\n<p><b>Gottschalk-Diederich-Baedeker-Preis 2025 <\/b><\/p>\n<p><b>Mehr als Buchstaben und W\u00f6rter<\/b><\/p>\n<p><b>Aufhetzen, Tr\u00f6sten, Informieren oder Erkl\u00e4ren \u2013 mit Sprache ist das alles m\u00f6glich. In der Politik wird sie zum Werkzeug, ebenso in der Psychotherapie. Warum politische Reden und Hassreden eine so starke Wirkung haben, sind nur zwei Fragen mit denen sich Dr. Stefan Rinner an der Universit\u00e4t Duisburg-Essen besch\u00e4ftigt \u2013 in Theorie und Praxis. Nun wurde der Sprachphilosoph mit dem Gottschalk-Diederich-Baedeker-Preis 2025 ausgezeichnet. Essens Oberb\u00fcrgermeister Thomas Kufen \u00fcberreichte den mit 5.000 Euro dotierten Preis.<\/b><\/p>\n<p>Sprache fasziniert Dr. Stefan Rinner, der als wissenschaftlicher Mitarbeiter am Institut f\u00fcr Philosophie t\u00e4tig ist, schon seit Studienzeiten. \u201eDiesen Aspekt, dass wir durch das Produzieren von Lauten und Schriftzeichen so eine Vielzahl von Dingen tun k\u00f6nnen, hatte f\u00fcr mich schon immer etwas Magisches.\u201c So verwundert es auch nicht, dass seine Forschungsschwerpunkte im Bereich der Sprachphilosophie und daran angrenzenden Gebieten, wie Philosophie des Geistes, Erkenntnistheorie und Metaphysik, liegen. Neben seiner Grundlagenforschung ist Rinner aber auch der Transfer seiner Ergebnisse in Gesellschaft und Praxis sehr wichtig \u2013 der Gottschalk-Diederich-Baedeker-Preis unterst\u00fctzt dieses Engagement ausdr\u00fccklich.<\/p>\n<p>In seinem Vortrag anl\u00e4sslich der Preisverleihung ging Dr. Stefan Rinner im Beisein Oberb\u00fcrgermeister Thomas Kufen, Rektorin Prof. Barbara Albert und PD Dr. Kathrin Sutter, Vorstandmitglied der G. D. Baedeker Stiftung, auf die Sprachphilosophie von Hassreden und politischen Reden ein. Im Fokus seiner Arbeit stehen Ausdr\u00fccke, mit denen Personengruppen verunglimpft werden: das N-Wort oder das Z-Wort, beispielsweise. Zu diesen sogenannten Slurs entwickelt er aktuell eine soziolinguistische Theorie. Diese k\u00f6nnte nicht nur dazu beitragen, solche Ausdr\u00fccke besser zu verstehen, sondern auch die negativen Auswirkungen von Slurs einzud\u00e4mmen oder gar zu verhindern.<\/p>\n<p>Dar\u00fcber hinaus forscht der Akademische Rat zu moralischen und rechtlichen Fragen, wie jenen zur Einschr\u00e4nkung der Redefreiheit, zu Fragen nach der Wirksamkeit von Psychotherapie und zur Entstehung bzw. Erhaltung zwischenmenschlicher Beziehungen.<\/p>\n<p>Der Gottschalk-Diederich-Baedeker-Preis f\u00fcr Forschungs- und Technologietransfer in der Metropole Ruhr, ausgelobt durch die G.D. Baedeker-Stiftung in Essen, wird j\u00e4hrlich verliehen. Wurde er fr\u00fcher nur innerhalb der Ingenieur- und Naturwissenschaften vergeben, ist es seit der Neuausrichtung 2019 das Ziel, die Forschungsleistungen der Universit\u00e4t Duisburg-Essen in allen Fakult\u00e4ten hervorzuheben. Schirmherr des Preises ist der Oberb\u00fcrgermeister der Stadt Essen.<\/p>\n<p><b>Universit\u00e4t Duisburg-Essen<\/b><\/p>\n<p>Stabsstelle des Rektorats Hochschulmanagement und Kommunikation<br \/>\nRessort Presse<br \/>\nForsthausweg 2 \u25cf 47057 Duisburg<br \/>\nRessortleitung, Pressesprecherin: Astrid Bergmeister<br \/>\n0203\/ 37 9-2430 \u25cf <a href=\"https:\/\/www.presseportal.de\/pm\/62259\/mailto: astrid.bergmeister@uni-due.de\" class=\"uri-mailto\" rel=\"nofollow noopener\" target=\"_blank\"> astrid.bergmeister@uni-due.de<\/a>  <\/p>\n","protected":false},"excerpt":{"rendered":"04.12.2025 \u2013 14:28 Universit\u00e4t Duisburg-Essen Gottschalk-Diederich-Baedeker-Preis 2025 Mehr als Buchstaben und W\u00f6rter Aufhetzen, Tr\u00f6sten, Informieren oder Erkl\u00e4ren \u2013&hellip;\n","protected":false},"author":2,"featured_media":622826,"comment_status":"","ping_status":"","sticky":false,"template":"","format":"standard","meta":{"footnotes":""},"categories":[1838],"tags":[3477,3364,29,3715,30,1209,178,180,179,181],"class_list":{"0":"post-622825","1":"post","2":"type-post","3":"status-publish","4":"format-standard","5":"has-post-thumbnail","7":"category-duisburg","8":"tag-bild","9":"tag-de","10":"tag-deutschland","11":"tag-duisburg","12":"tag-germany","13":"tag-nordrhein-westfalen","14":"tag-presse","15":"tag-pressemeldung","16":"tag-pressemitteilung","17":"tag-pressemitteilungen"},"share_on_mastodon":{"url":"https:\/\/pubeurope.com\/@de\/115661609351520565","error":""},"_links":{"self":[{"href":"https:\/\/www.europesays.com\/de\/wp-json\/wp\/v2\/posts\/622825","targetHints":{"allow":["GET"]}}],"collection":[{"href":"https:\/\/www.europesays.com\/de\/wp-json\/wp\/v2\/posts"}],"about":[{"href":"https:\/\/www.europesays.com\/de\/wp-json\/wp\/v2\/types\/post"}],"author":[{"embeddable":true,"href":"https:\/\/www.europesays.com\/de\/wp-json\/wp\/v2\/users\/2"}],"replies":[{"embeddable":true,"href":"https:\/\/www.europesays.com\/de\/wp-json\/wp\/v2\/comments?post=622825"}],"version-history":[{"count":0,"href":"https:\/\/www.europesays.com\/de\/wp-json\/wp\/v2\/posts\/622825\/revisions"}],"wp:featuredmedia":[{"embeddable":true,"href":"https:\/\/www.europesays.com\/de\/wp-json\/wp\/v2\/media\/622826"}],"wp:attachment":[{"href":"https:\/\/www.europesays.com\/de\/wp-json\/wp\/v2\/media?parent=622825"}],"wp:term":[{"taxonomy":"category","embeddable":true,"href":"https:\/\/www.europesays.com\/de\/wp-json\/wp\/v2\/categories?post=622825"},{"taxonomy":"post_tag","embeddable":true,"href":"https:\/\/www.europesays.com\/de\/wp-json\/wp\/v2\/tags?post=622825"}],"curies":[{"name":"wp","href":"https:\/\/api.w.org\/{rel}","templated":true}]}}