{"id":623051,"date":"2025-12-04T16:08:15","date_gmt":"2025-12-04T16:08:15","guid":{"rendered":"https:\/\/www.europesays.com\/de\/623051\/"},"modified":"2025-12-04T16:08:15","modified_gmt":"2025-12-04T16:08:15","slug":"goertz-esprit-gerry-weber-ladensterben-beschleunigt-sich","status":"publish","type":"post","link":"https:\/\/www.europesays.com\/de\/623051\/","title":{"rendered":"G\u00f6rtz, Esprit, Gerry Weber: Ladensterben beschleunigt sich"},"content":{"rendered":"<p>            <img loading=\"lazy\" decoding=\"async\" class=\"ts-image\" src=\"https:\/\/www.europesays.com\/de\/wp-content\/uploads\/2025\/12\/schild-geschaeft-100.jpg\" alt=\"&quot;WIR SCHLIESSEN Alles muss raus&quot; steht auf dem Banner in der T\u00fcr eines Gesch\u00e4fts.\" title=\"&quot;WIR SCHLIESSEN Alles muss raus&quot; steht auf dem Banner in der T\u00fcr eines Gesch\u00e4fts. | dpa\"\/><\/p>\n<p class=\"metatextline\">Stand: 04.12.2025 15:31 Uhr<\/p>\n<p class=\"article-head__shorttext\">\n        <strong>G\u00f6rtz, Gerry Weber, Wormland, Esprit und Tausende mehr: Im deutschen Einzelhandel hat es binnen eines Jahres knapp 2.500 Insolvenzen gegeben &#8211; so viele wie seit 2016 nicht mehr. <\/strong>\n    <\/p>\n<p class=\"textabsatz m-ten m-offset-one l-eight l-offset-two columns twelve\">Das Ladensterben in Deutschland hat sich einer Studie zufolge beschleunigt. Von August 2024 bis August 2025 gab es im Einzelhandel 2.490 Insolvenzen &#8211; das geht aus einer Untersuchung von Allianz Trade hervor.<\/p>\n<p class=\"textabsatz m-ten m-offset-one l-eight l-offset-two columns twelve\">Das sei der h\u00f6chste Stand seit Oktober 2016, teilte der Kreditversicherer mit. Der Negativrekord von 2.520 Pleiten zwischen Oktober 2015 und Oktober 2016 sei nur knapp verfehlt worden.<\/p>\n<p>    Experte rechnet mit weiter steigenden Insolvenzzahlen<\/p>\n<p class=\"textabsatz m-ten m-offset-one l-eight l-offset-two columns twelve\">Davon waren unter anderem der Schuhh\u00e4ndler G\u00f6rtz, der Modehersteller Gerry Weber und der Herrenausstatter Wormland betroffen. Auch die Modekette Esprit schloss in diesem Jahr insolvenzbedingt alle Gesch\u00e4fte. Der Dekoh\u00e4ndler Depot und der Discounter Kodi haben ihre Filialnetze deutlich verkleinert.<\/p>\n<p class=\"textabsatz m-ten m-offset-one l-eight l-offset-two columns twelve\">Guillaume Dejean, Branchenexperte von Allianz Trade, erwartet eine anhaltende Konsolidierung im Einzelhandel und weiter steigende Insolvenzzahlen &#8211; allerdings in abgeschw\u00e4chtem Tempo.<\/p>\n<p>    Hoffnungsschimmer f\u00fcr den Einzelhandel<\/p>\n<p class=\"textabsatz m-ten m-offset-one l-eight l-offset-two columns twelve\">Schon in den vergangenen Monaten zeichnete sich diese Entwicklung ab. Im August 2025 stieg die Zahl der Insolvenzen im Jahresvergleich um 13 Prozent. Ein Jahr zuvor waren es noch 20 Prozent gewesen. Hintergrund seien die leicht verbesserten wirtschaftlichen Aussichten, so der Allianz-Experte.<\/p>\n<p class=\"textabsatz m-ten m-offset-one l-eight l-offset-two columns twelve\">Hoffnung macht aber auch der Blick ins europ\u00e4ische Ausland. So ging etwa in Frankreich die Zahl der Insolvenzen im Einzelhandel zuletzt um zwei Prozent zur\u00fcck, in Gro\u00dfbritannien waren es zehn Prozent, und die Niederlande verbuchten sogar ein Minus von 23 Prozent. Auch Norwegen und D\u00e4nemark verzeichneten einen teilweise deutlichen R\u00fcckgang bei den Insolvenzen im Einzelhandel.<\/p>\n<p>    Digitale Transformation als Herausforderung<\/p>\n<p class=\"textabsatz m-ten m-offset-one l-eight l-offset-two columns twelve\">&#8222;Der Einzelhandel k\u00e4mpft noch immer mit den tiefgreifenden Ver\u00e4nderungen seines Gesch\u00e4ftsmodells, die w\u00e4hrend der Pandemie begonnen haben&#8220;, sagte der Branchenexperte bei Allianz Trade, Guillaume Dejean.<\/p>\n<p class=\"textabsatz m-ten m-offset-one l-eight l-offset-two columns twelve\">&#8222;Um dem verst\u00e4rkten Wettbewerb durch gro\u00dfe Online-Marktpl\u00e4tze standzuhalten, m\u00fcssen Einzelh\u00e4ndler massiv in digitale Kan\u00e4le, datengest\u00fctztes Merchandising und innovative Technologien f\u00fcr den Ladenbau investieren.&#8220;<\/p>\n<p class=\"textabsatz m-ten m-offset-one l-eight l-offset-two columns twelve\">Viele Ketten f\u00fchrten autonome Systeme in Lagern, KI-gest\u00fctzte Produktempfehlungsmaschinen und robotergesteuerte Regalscanner ein. Andere testeten selbstnavigierende Serviceroboter im Verkaufsraum, um Kundinnen und Kunden bei der Suche nach Artikeln zu unterst\u00fctzen.<\/p>\n<p>    &#8222;Kampf David gegen Goliath&#8220;<\/p>\n<p class=\"textabsatz m-ten m-offset-one l-eight l-offset-two columns twelve\">Der Kreditversicherer sieht daher vor allem kleine Gesch\u00e4fte unter Druck. &#8222;Das ist ein Kampf, der teilweise an David gegen Goliath erinnert&#8220;, sagte Experte Dejean. &#8222;Diese Innovationen verbessern das Einkaufserlebnis und die Rentabilit\u00e4t, erfordern jedoch hohe Vorabinvestitionen, die kleinere Akteure teilweise kaum stemmen k\u00f6nnen.&#8220;<\/p>\n<p class=\"textabsatz m-ten m-offset-one l-eight l-offset-two columns twelve\">Einige Einzelh\u00e4ndler, vor allem im Textilbereich, w\u00fcrden bereits am seidenen Faden h\u00e4ngen. &#8222;Insofern d\u00fcrfte sich der Trend von steigenden Insolvenzen hierzulande weiterhin fortsetzen, und eine weitere Konsolidierung der Branche ist wahrscheinlich&#8220;, betonte Dejean.<\/p>\n<p>    Konkurrenz aus China bleibt hoch<\/p>\n<p class=\"textabsatz m-ten m-offset-one l-eight l-offset-two columns twelve\">Der Experte sieht aber auch positive Signale wie die steigenden Reall\u00f6hne, verbesserte Kreditaussichten und den st\u00e4rkeren Euro. Die<a href=\"https:\/\/www.tagesschau.de\/wirtschaft\/verbraucher\/pakete-gebuehr-temu-shein-100.html\" title=\"EU will Geb\u00fchr f\u00fcr g\u00fcnstige Pakete einf\u00fchren\" target=\"_blank\" rel=\"noopener\"> geplante Versch\u00e4rfung der Steuerregelungen f\u00fcr geringwertige Sendungen<\/a> aus dem Ausland d\u00fcrfte zudem den scharfen Wettbewerb durch chinesische Marktpl\u00e4tze mindern und den derzeitigen Abw\u00e4rtsdruck auf die Margen der inl\u00e4ndischen Einzelh\u00e4ndler verringern.<\/p>\n<p class=\"textabsatz m-ten m-offset-one l-eight l-offset-two columns twelve\">&#8222;Die geplante Steuerregelung hilft den hiesigen Einzelh\u00e4ndlern, ist aber auch kein Allheilmittel&#8220;, sagt Dejean. Das Interesse chinesischer Einzelh\u00e4ndler am gro\u00dfen europ\u00e4ischen Verbrauchermarkt k\u00f6nne weitere Investitionen in Deutschland \u00fcber Fusionen und \u00dcbernahmen oder Joint Ventures nach sich ziehen.<\/p>\n","protected":false},"excerpt":{"rendered":"Stand: 04.12.2025 15:31 Uhr G\u00f6rtz, Gerry Weber, Wormland, Esprit und Tausende mehr: Im deutschen Einzelhandel hat es binnen&hellip;\n","protected":false},"author":2,"featured_media":623052,"comment_status":"","ping_status":"","sticky":false,"template":"","format":"standard","meta":{"footnotes":""},"categories":[134],"tags":[175,170,169,29,1072,96673,30,37053,35746,1317,171,174,1371,173,172],"class_list":{"0":"post-623051","1":"post","2":"type-post","3":"status-publish","4":"format-standard","5":"has-post-thumbnail","7":"category-unternehmen-maerkte","8":"tag-business","9":"tag-companies","10":"tag-companies-markets","11":"tag-deutschland","12":"tag-einzelhandel","13":"tag-esprit","14":"tag-germany","15":"tag-gerry-weber","16":"tag-goertz","17":"tag-insolvenzen","18":"tag-markets","19":"tag-maerkte","20":"tag-pleite","21":"tag-unternehmen","22":"tag-unternehmen-maerkte"},"share_on_mastodon":{"url":"https:\/\/pubeurope.com\/@de\/115662167131260249","error":""},"_links":{"self":[{"href":"https:\/\/www.europesays.com\/de\/wp-json\/wp\/v2\/posts\/623051","targetHints":{"allow":["GET"]}}],"collection":[{"href":"https:\/\/www.europesays.com\/de\/wp-json\/wp\/v2\/posts"}],"about":[{"href":"https:\/\/www.europesays.com\/de\/wp-json\/wp\/v2\/types\/post"}],"author":[{"embeddable":true,"href":"https:\/\/www.europesays.com\/de\/wp-json\/wp\/v2\/users\/2"}],"replies":[{"embeddable":true,"href":"https:\/\/www.europesays.com\/de\/wp-json\/wp\/v2\/comments?post=623051"}],"version-history":[{"count":0,"href":"https:\/\/www.europesays.com\/de\/wp-json\/wp\/v2\/posts\/623051\/revisions"}],"wp:featuredmedia":[{"embeddable":true,"href":"https:\/\/www.europesays.com\/de\/wp-json\/wp\/v2\/media\/623052"}],"wp:attachment":[{"href":"https:\/\/www.europesays.com\/de\/wp-json\/wp\/v2\/media?parent=623051"}],"wp:term":[{"taxonomy":"category","embeddable":true,"href":"https:\/\/www.europesays.com\/de\/wp-json\/wp\/v2\/categories?post=623051"},{"taxonomy":"post_tag","embeddable":true,"href":"https:\/\/www.europesays.com\/de\/wp-json\/wp\/v2\/tags?post=623051"}],"curies":[{"name":"wp","href":"https:\/\/api.w.org\/{rel}","templated":true}]}}