{"id":623088,"date":"2025-12-04T16:28:17","date_gmt":"2025-12-04T16:28:17","guid":{"rendered":"https:\/\/www.europesays.com\/de\/623088\/"},"modified":"2025-12-04T16:28:17","modified_gmt":"2025-12-04T16:28:17","slug":"gut-schleifenhaus-in-gruiten-verkauft-seit-40-jahren-weihnachtsbaeume","status":"publish","type":"post","link":"https:\/\/www.europesays.com\/de\/623088\/","title":{"rendered":"Gut Schleifenhaus in Gruiten verkauft seit 40 Jahren Weihnachtsb\u00e4ume"},"content":{"rendered":"<p class=\"text_ohne_einzug richtext text-em-55 !leading-serif mx-6 desktop:mx-0\">Auf Gut Scheifenhaus an der Vohwinkeler Stra\u00dfe 37 in Gruiten gibt es mehrfachen Grund zu feiern: Zum einen ist es 40 Jahre her, dass Karl-August Niepenberg dort den ersten in Gruiten herangewachsenen <a href=\"https:\/\/rp-online.de\/thema\/weihnachtsbaum\/\" target=\"_blank\" rel=\"noopener\">Weihnachtsbaum<\/a> verkaufen konnte. Und zum anderen steht eine Betriebs\u00fcbergabe bevor: In K\u00fcrze wird Niepenberg seinen Betrieb auf Tochter Eva und Enkel Peer \u00fcberschreiben. Damit bleibt das Gut weiterhin in Familienhand \u2014 was schon seit mehr als 250 Jahren der Fall ist.<\/p>\n<p class=\"richtext text-em-55 !leading-serif mx-6 desktop:mx-0\">45 Jahre ist es her, seit Karl-August Niepenberg die ersten k\u00fcnftigen Weihnachtsb\u00e4ume pflanzte. Auf den anfangs 1000 Quadratmetern im Garten des Guts setzte der promovierte Agrarwissenschaftler zur H\u00e4lfte Blaufichten und Nordmanntannen. Mittlerweile ist die Anbaufl\u00e4che auf 3,5 Hektar (das 35fache der Startgr\u00f6\u00dfe) angewachsen. Alte Ackerfl\u00e4chen sind umgewidmet worden. Die Beh\u00f6rden haben die nach Landschaftsgesetz n\u00f6tigen Genehmigungen zur Weihnachtsbaumkultur unbefristet erteilt. Im Kreis gibt es Weihnachtsbaum-Produktion zus\u00e4tzlich nur auf drei Betrieben in Hilden, <a href=\"https:\/\/rp-online.de\/thema\/ratingen\/\" target=\"_blank\" rel=\"noopener\">Ratingen<\/a> und W\u00fclfrath<\/p>\n<p class=\"richtext text-em-55 !leading-serif mx-6 desktop:mx-0\">Die Kultur unterliegt auf Gut Scheifenhaus festen Regeln. Die B\u00e4ume werden in einer Reihe im Abstand von einem Meter gesetzt. Zwischen den Reihen bleiben 1,20 Meter Platz. Somit k\u00f6nnen auf einer Fl\u00e4che von einem Hektar rund 8000 B\u00e4ume gedeihen. Die \u00fcberwiegend aus Norddeutschland bezogenen Setzlinge sind beim Pflanzen schon drei Jahre alt. Das Pflanzen geschieht im September\/Oktober \u2014 eine Reaktion auf den auch hierzulande feststellbaren Klimawandel. Denn durch oft lange Trockenperioden im Fr\u00fchjahr gab es Jahre, in denen es viele junge B\u00e4ume nach der damals \u00fcblichen Fr\u00fchjahrspflanzung nicht schafften. \u201eWichtig ist, dass die Anbaufl\u00e4chen unkrautfrei gehalten werden\u201c, sagt Karl-August Niepenberg. In den ersten drei Jahren wird zwischen den Baumreihen gespritzt, danach nur noch gem\u00e4ht. Im Januar\/Februar steht das \u201eFormieren\u201c auf dem Arbeitsplan. Dann werden die B\u00e4ume, wenn n\u00f6tig, etwas geschnitten. Im Fr\u00fchjahr wird jeder Baum in Sachen Neuaustrieb kontrolliert. Mit einer Spezialzange kann der Endtrieb so beeinflusst werden, dass der Baumaufbau erhalten bleibt. Aktive Sch\u00e4dlingsbek\u00e4mpfung sei gar nicht n\u00f6tig, sagt Niepenberg, der froh ist, die B\u00e4ume so besonders nachhaltig anbauen zu k\u00f6nnen.<\/p>\n<p class=\"richtext text-em-55 !leading-serif mx-6 desktop:mx-0\">Wie kam es zur Weihnachtsbaumkultur in Gruiten? In den sp\u00e4ten 1970er Jahren war Karl-August Niepenberg f\u00fcr die Landwirtschaftskammer als Unternehmensberater t\u00e4tig. Im Rahmen dieser T\u00e4tigkeit besuchte er einmal einen Weihnachtsbaumbetrieb in der K\u00f6lner Bucht. Das Gesehene \u00fcberzeuge derart, dass die Idee in Gruiten umgesetzt wurde \u2014 und funktionierte. Sp\u00e4ter gr\u00fcndete Niepenberg einen Unternehmerkreis und schuf damit ein Forum zum Erfahrungsaustausch.<\/p>\n<p class=\"richtext text-em-55 !leading-serif mx-6 desktop:mx-0\">Jede Weihnachtsbaumkultur wird drei Jahre genutzt. In dieser Zeit werden Jahr f\u00fcr Jahr B\u00e4ume zwischen 1,50 und zwei Metern Gr\u00f6\u00dfe entnommen und so den anderen Platz zum Gedeihen gegeben. Damit das System unterst\u00fctzt wird, beschloss die Familie vor Jahren schon, das fr\u00fcher so beliebte Selbstschlagen der B\u00e4ume aufzugeben. Denn dabei entstanden oft auch erhebliche Sch\u00e4den. Jetzt l\u00e4uft der Verkauf nur noch auf dem Hof. Gl\u00fchwein, Gl\u00fchsaft und Kekse, kostenlos angeboten, machen den Baumkauf immer wieder auch zu einem Erlebnis.<\/p>\n<p class=\"richtext text-em-55 !leading-serif mx-6 desktop:mx-0\">Karl-August Niepenberg freut sich, dass Enkel Peer trotz seiner erst 17 Jahre schon seit Jahren aktiv mitarbeitet. \u201eEr ist handwerklich geschickt, geht routiniert mit den gro\u00dfen Maschinen um und zeigt auch Interesse an den betriebswirtschaftlichen Abl\u00e4ufen\u201c, sagt der Gro\u00dfvater. Nach dem Abitur ist ein Studium in Richtung Betriebswirtschaft\/Agrarwissenschaft angepeilt. Peer wird den Betrieb im Nebenerwerb (f\u00fcr einen Haupterwerb w\u00e4re ein Baum-Anbaufl\u00e4che von 40 bis 50 Hektar n\u00f6tig) f\u00fchren. Mutter Eva bleibt, wie bisher, als Gartenbau-Fachfrau und Pferdewirtin t\u00e4tig. Derzeit hilft ein Minijobber noch bei der Kulturpflege. An den Verkaufswochenenden (um den dritten und vierten Advent herum) stocken Verwandte und Freunde den Mitarbeiterstamm auf rund zehn Personen auf, die sich um Verkauf, Verpacken und Beraten k\u00fcmmern oder Nachschub aus den Kulturen holen.<\/p>\n<p class=\"richtext text-em-55 !leading-serif mx-6 desktop:mx-0\">Und was macht Karl-August Niepenberg bald mit seiner ganzen Freizeit? Der 75-J\u00e4hrige lacht. Da g\u00e4be es zum einen seine historischen Traktoren, an denen er gern schraubt. Und wenn er gefragt w\u00fcrde, h\u00e4tte er sicher manchen Rat parat.<\/p>\n","protected":false},"excerpt":{"rendered":"Auf Gut Scheifenhaus an der Vohwinkeler Stra\u00dfe 37 in Gruiten gibt es mehrfachen Grund zu feiern: Zum einen&hellip;\n","protected":false},"author":2,"featured_media":623089,"comment_status":"","ping_status":"","sticky":false,"template":"","format":"standard","meta":{"footnotes":""},"categories":[1840],"tags":[124756,11036,147608,9180,147610,147611,3364,29,60831,13652,30,74361,16474,21433,80,147605,1209,47572,35957,133867,147606,126226,147609,96494,147607,4418],"class_list":{"0":"post-623088","1":"post","2":"type-post","3":"status-publish","4":"format-standard","5":"has-post-thumbnail","7":"category-wuppertal","8":"tag-anbauflaeche","9":"tag-baum","10":"tag-baumaufbau","11":"tag-baeume","12":"tag-baumkauf","13":"tag-baumreihen","14":"tag-de","15":"tag-deutschland","16":"tag-enkel","17":"tag-flaeche","18":"tag-germany","19":"tag-gruiten","20":"tag-hektar","21":"tag-karl","22":"tag-kultur","23":"tag-niepenberg","24":"tag-nordrhein-westfalen","25":"tag-peer","26":"tag-reihe","27":"tag-reihen","28":"tag-scheifenhaus","29":"tag-weihnachtsbaum","30":"tag-weihnachtsbaumbetrieb","31":"tag-weihnachtsbaeume","32":"tag-weihnachtsbaumkultur","33":"tag-wuppertal"},"share_on_mastodon":{"url":"https:\/\/pubeurope.com\/@de\/115662245427874106","error":""},"_links":{"self":[{"href":"https:\/\/www.europesays.com\/de\/wp-json\/wp\/v2\/posts\/623088","targetHints":{"allow":["GET"]}}],"collection":[{"href":"https:\/\/www.europesays.com\/de\/wp-json\/wp\/v2\/posts"}],"about":[{"href":"https:\/\/www.europesays.com\/de\/wp-json\/wp\/v2\/types\/post"}],"author":[{"embeddable":true,"href":"https:\/\/www.europesays.com\/de\/wp-json\/wp\/v2\/users\/2"}],"replies":[{"embeddable":true,"href":"https:\/\/www.europesays.com\/de\/wp-json\/wp\/v2\/comments?post=623088"}],"version-history":[{"count":0,"href":"https:\/\/www.europesays.com\/de\/wp-json\/wp\/v2\/posts\/623088\/revisions"}],"wp:featuredmedia":[{"embeddable":true,"href":"https:\/\/www.europesays.com\/de\/wp-json\/wp\/v2\/media\/623089"}],"wp:attachment":[{"href":"https:\/\/www.europesays.com\/de\/wp-json\/wp\/v2\/media?parent=623088"}],"wp:term":[{"taxonomy":"category","embeddable":true,"href":"https:\/\/www.europesays.com\/de\/wp-json\/wp\/v2\/categories?post=623088"},{"taxonomy":"post_tag","embeddable":true,"href":"https:\/\/www.europesays.com\/de\/wp-json\/wp\/v2\/tags?post=623088"}],"curies":[{"name":"wp","href":"https:\/\/api.w.org\/{rel}","templated":true}]}}