{"id":623225,"date":"2025-12-04T17:51:14","date_gmt":"2025-12-04T17:51:14","guid":{"rendered":"https:\/\/www.europesays.com\/de\/623225\/"},"modified":"2025-12-04T17:51:14","modified_gmt":"2025-12-04T17:51:14","slug":"foerderung-sichert-umbau-und-barrierefreiheit-in-karlsruhe","status":"publish","type":"post","link":"https:\/\/www.europesays.com\/de\/623225\/","title":{"rendered":"F\u00f6rderung sichert Umbau und Barrierefreiheit in Karlsruhe"},"content":{"rendered":"<p class=\"mb-6 text-xs md:text-m lg:text-l font-serif group-[.font-sans]:font-sans \">\n    Das Land Baden-W\u00fcrttemberg f\u00f6rdert den barrierefreien Ausbau und die Verl\u00e4ngerung der <a href=\"https:\/\/www.ka-news.de\/region\/karlsruhe\/auf-abschiedstour-mit-der-turmbergbahn-hier-koennt-ihr-die-fahrt-immer-wieder-anschauen-art-3272023\" target=\"_self\" class=\"underline \" rel=\"nofollow noopener\">Turmbergbahn in Karlsruhe-Durlach<\/a> mit 17,49 Millionen Euro. Das geht aus einer Pressemitteilung des Regierungspr\u00e4sidiums Karlsruhe hervor. Die Gesamtkosten des Projekts belaufen sich auf 32 Millionen Euro. Die Modernisierung der Turmbergbahn sieht den barrierefreien Ausbau sowie die Verl\u00e4ngerung der Bahn bis zur Bundesstra\u00dfe 3 vor.\n  <\/p>\n<p>    <img decoding=\"async\" src=\"https:\/\/images.mgpd.de\/img\/109461534\/crop\/c16_9-w100\/1068477795\/1541383672\/die-letzten-fahrten-der-turmbergbahn.jpg\" alt=\"Ein Manko der alten Bahn: Stationen und Fahrzeuge waren nicht barrierefrei (Archivbild).\" title=\"Ein Manko der alten Bahn: Stationen und Fahrzeuge waren nicht barrierefrei (Archivbild).\" class=\"h-full w-full object-cover\"\/><\/p>\n<p>      Icon vergr\u00f6\u00dfern<\/p>\n<p>    Ein Manko der alten Bahn: Stationen und Fahrzeuge waren nicht barrierefrei (Archivbild).<br \/>\n    Foto: Thomas Riedel<\/p>\n<p>        Schlie\u00dfen <\/p>\n<p>      Icon Schlie\u00dfen<\/p>\n<p>        Icon vergr\u00f6\u00dfern<\/p>\n<p>        Icon verkleinern<\/p>\n<p>      Icon Pfeil bewegen<\/p>\n<p>    Ein Manko der alten Bahn: Stationen und Fahrzeuge waren nicht barrierefrei (Archivbild).<br \/>\n    Foto: Thomas Riedel<\/p>\n<p>            \u201eZukunft von Deutschlands \u00e4ltester Standseilbahn ist gesichert\u201c<\/p>\n<p class=\"mb-6 text-xs md:text-m lg:text-l font-serif group-[.font-sans]:font-sans \">\n    Auch im Karlsruher Rathaus ist man \u00fcber den nun eingegangen F\u00f6rderbescheid erfreut: \u201eWir sind sehr dankbar f\u00fcr den finanziellen R\u00fcckhalt des Landes Baden-W\u00fcrttemberg f\u00fcr dieses Projekt. Dadurch ist die Zukunft von Deutschlands \u00e4ltester Standseilbahn gesichert\u201c, erkl\u00e4rt Oberb\u00fcrgermeister Frank Mentrup.\n  <\/p>\n<p class=\"mb-6 text-xs md:text-m lg:text-l font-serif group-[.font-sans]:font-sans \">\n    Die<a href=\"https:\/\/www.ka-news.de\/region\/karlsruhe\/bye-bye-turmbergbahn-freifahrten-an-allen-samstagen-2024-art-3264861\" target=\"_self\" class=\"underline \" rel=\"nofollow noopener\"> Turmbergbahn, die seit 1888 Fahrg\u00e4ste auf den Karlsruher Hausberg<\/a> bef\u00f6rdert, wurde <a href=\"https:\/\/www.ka-news.de\/region\/karlsruhe\/schwebende-turmbergbahn-alle-bilder-vom-abtransport-der-alten-standseilbahn-art-3286271\" target=\"_self\" class=\"underline \" rel=\"nofollow noopener\">Ende 2024 stillgelegt<\/a>. Mit der F\u00f6rderung soll die Bahn umfassend modernisiert und an aktuelle technische und sicherheitsrelevante Anforderungen angepasst werden.\n  <\/p>\n<p>    <img decoding=\"async\" src=\"https:\/\/images.mgpd.de\/img\/109464614\/crop\/c16_9-w100\/1459826189\/1401013575\/abtransport-der-turmbergbahn-am-11-februar.jpg\" alt=\"Abtransport der Turmbergbahn am 11. Februar 2025 (Archivbild).\" title=\"Abtransport der Turmbergbahn am 11. Februar 2025 (Archivbild).\" class=\"h-full w-full object-cover\"\/><\/p>\n<p>      Icon vergr\u00f6\u00dfern<\/p>\n<p>    Abtransport der Turmbergbahn am 11. Februar 2025 (Archivbild).<br \/>\n    Foto: Thomas Riedel<\/p>\n<p>        Schlie\u00dfen <\/p>\n<p>      Icon Schlie\u00dfen<\/p>\n<p>        Icon vergr\u00f6\u00dfern<\/p>\n<p>        Icon verkleinern<\/p>\n<p>      Icon Pfeil bewegen<\/p>\n<p>    Abtransport der Turmbergbahn am 11. Februar 2025 (Archivbild).<br \/>\n    Foto: Thomas Riedel<\/p>\n<p class=\"mb-6 text-xs md:text-m lg:text-l font-serif group-[.font-sans]:font-sans \">\n    Vorgesehen ist unter anderem der R\u00fcckbau der alten Trasse und der heutigen Talstation, gefolgt vom Bau einer neuen Trasse sowie neuer Berg- und Talstationen. Zus\u00e4tzlich entsteht eine Bahn\u00fcberf\u00fchrung \u00fcber einen Geh- und Radweg zur Querung der Kreuzung Bergbahnstra\u00dfe\/Turmbergstra\u00dfe\/Posseltstra\u00dfe\/Kastellstra\u00dfe. Die <a href=\"https:\/\/www.ka-news.de\/karlsruhe\/verkehr\/steht-die-neue-turmbergbahn-in-karlsruhe-auf-der-kippe-110680784\" target=\"_self\" class=\"underline \" rel=\"nofollow noopener\">Umbauma\u00dfnahmen sollen im <strong class=\"font-bold\">Fr\u00fchjahr 2026<\/strong> beginnen<\/a>.\n  <\/p>\n<p>    <img decoding=\"async\" src=\"https:\/\/images.mgpd.de\/img\/109888465\/crop\/c16_9-w100\/1195711601\/247257634\/sanierung-turmbergbahn-durlach.png\" alt=\"So soll die neue Bergstation der Turmbergbahn in Durlach aussehen.\" title=\"So soll die neue Bergstation der Turmbergbahn in Durlach aussehen.\" class=\"h-full w-full object-cover\"\/><\/p>\n<p>      Icon vergr\u00f6\u00dfern<\/p>\n<p>    So soll die neue Bergstation der Turmbergbahn in Durlach aussehen.<br \/>\n    Foto: Garaventa \/ forum4<\/p>\n<p>        Schlie\u00dfen <\/p>\n<p>      Icon Schlie\u00dfen<\/p>\n<p>        Icon vergr\u00f6\u00dfern<\/p>\n<p>        Icon verkleinern<\/p>\n<p>      Icon Pfeil bewegen<\/p>\n<p>    So soll die neue Bergstation der Turmbergbahn in Durlach aussehen.<br \/>\n    Foto: Garaventa \/ forum4<\/p>\n<p>            Regul\u00e4rer \u00d6PNV-Tickets sollen gelten<\/p>\n<p class=\"mb-6 text-xs md:text-m lg:text-l font-serif group-[.font-sans]:font-sans \">\n    Das Land unterst\u00fctzt au\u00dferdem die Anschaffung von zwei neuen Fahrzeugen mit jeweils 70 Pl\u00e4tzen und Niveauregulierung, um Barrierefreiheit w\u00e4hrend der Fahrt zu gew\u00e4hrleisten, mit weiteren 1,755 Millionen Euro. Nach Abschluss der Bauarbeiten ist geplant, die Standseilbahn in den Tarif des Karlsruher Verkehrsverbundes zu integrieren, sodass Fahrg\u00e4ste die Bahn mit regul\u00e4ren \u00d6PNV-Tickets nutzen k\u00f6nnen. Der automatische Fahrbetrieb soll l\u00e4ngere Betriebszeiten bei geringeren Kosten erm\u00f6glichen.\n  <\/p>\n<ul data-module-id=\"DragDropModule\" class=\"flex flex-wrap justify-start group-[.no-bookmarks]:hidden\">\n<li class=\"mb-3 mr-3\">\n    Gerrit Lieb<\/p>\n<p>      Icon Haken im Kreis gesetzt<\/p>\n<p>      Icon Plus im Kreis<\/p>\n<\/li>\n<li class=\"mb-3 mr-3\">\n    Baden-W\u00fcrttemberg<\/p>\n<p>      Icon Haken im Kreis gesetzt<\/p>\n<p>      Icon Plus im Kreis<\/p>\n<\/li>\n<li class=\"mb-3 mr-3\">\n    Deutschland<\/p>\n<p>      Icon Haken im Kreis gesetzt<\/p>\n<p>      Icon Plus im Kreis<\/p>\n<\/li>\n<\/ul>\n","protected":false},"excerpt":{"rendered":"Das Land Baden-W\u00fcrttemberg f\u00f6rdert den barrierefreien Ausbau und die Verl\u00e4ngerung der Turmbergbahn in Karlsruhe-Durlach mit 17,49 Millionen Euro.&hellip;\n","protected":false},"author":2,"featured_media":623226,"comment_status":"","ping_status":"","sticky":false,"template":"","format":"standard","meta":{"footnotes":"","_share_on_mastodon":"0"},"categories":[1844],"tags":[5964,1634,3364,29,514,27727,30,8903,140329,29997,7934,147640],"class_list":["post-623225","post","type-post","status-publish","format-standard","has-post-thumbnail","category-karlsruhe","tag-umbau","tag-baden-wuerttemberg","tag-de","tag-deutschland","tag-fahrzeug","tag-frank-mentrup","tag-germany","tag-karlsruhe","tag-karlsruhe-durlach","tag-modernisierung","tag-standseilbahn","tag-turmbergbahn"],"share_on_mastodon":{"url":"https:\/\/pubeurope.com\/@de\/115662572572456395","error":""},"_links":{"self":[{"href":"https:\/\/www.europesays.com\/de\/wp-json\/wp\/v2\/posts\/623225","targetHints":{"allow":["GET"]}}],"collection":[{"href":"https:\/\/www.europesays.com\/de\/wp-json\/wp\/v2\/posts"}],"about":[{"href":"https:\/\/www.europesays.com\/de\/wp-json\/wp\/v2\/types\/post"}],"author":[{"embeddable":true,"href":"https:\/\/www.europesays.com\/de\/wp-json\/wp\/v2\/users\/2"}],"replies":[{"embeddable":true,"href":"https:\/\/www.europesays.com\/de\/wp-json\/wp\/v2\/comments?post=623225"}],"version-history":[{"count":0,"href":"https:\/\/www.europesays.com\/de\/wp-json\/wp\/v2\/posts\/623225\/revisions"}],"wp:featuredmedia":[{"embeddable":true,"href":"https:\/\/www.europesays.com\/de\/wp-json\/wp\/v2\/media\/623226"}],"wp:attachment":[{"href":"https:\/\/www.europesays.com\/de\/wp-json\/wp\/v2\/media?parent=623225"}],"wp:term":[{"taxonomy":"category","embeddable":true,"href":"https:\/\/www.europesays.com\/de\/wp-json\/wp\/v2\/categories?post=623225"},{"taxonomy":"post_tag","embeddable":true,"href":"https:\/\/www.europesays.com\/de\/wp-json\/wp\/v2\/tags?post=623225"}],"curies":[{"name":"wp","href":"https:\/\/api.w.org\/{rel}","templated":true}]}}