{"id":623417,"date":"2025-12-04T19:45:19","date_gmt":"2025-12-04T19:45:19","guid":{"rendered":"https:\/\/www.europesays.com\/de\/623417\/"},"modified":"2025-12-04T19:45:19","modified_gmt":"2025-12-04T19:45:19","slug":"staedteranking-zu-wohn-und-lebensqualitaet-duisburg-erneut-weit-hinten","status":"publish","type":"post","link":"https:\/\/www.europesays.com\/de\/623417\/","title":{"rendered":"St\u00e4dteranking zu Wohn- und Lebensqualit\u00e4t: Duisburg erneut weit hinten"},"content":{"rendered":"<p class=\"text_ohne_einzug richtext text-em-55 !leading-serif mx-6 desktop:mx-0\"> Die Wohn- und Lebensverh\u00e4ltnisse in <a href=\"https:\/\/rp-online.de\/thema\/duisburg\/\" target=\"_blank\" rel=\"noopener\">Duisburg<\/a> sind im bundesweiten Vergleich noch immer schlecht. Das ist das Ergebnis eines nun ver\u00f6ffentlichten St\u00e4dterankings von IW Consult, ImmoScout24 und der \u201eWirtschaftswoche\u201c. Im sogenannten Niveauranking der Studie landet Duisburg weit hinten, auf Rang 69. Die Stadt geh\u00f6rt damit erneut zu den Schlusslichtern unter den 71 deutschen Gro\u00dfst\u00e4dten mit mehr als 100.000 Einwohnern. Das Ranking bewertet die aktuelle Wohn-, Lebens-, Arbeits- und Wirtschaftssituation anhand von 51 Indikatoren. Nur in <a href=\"https:\/\/rp-online.de\/thema\/bremerhaven\/\" target=\"_blank\" rel=\"noopener\">Bremerhaven<\/a> und <a href=\"https:\/\/rp-online.de\/thema\/gelsenkirchen\/\" target=\"_blank\" rel=\"noopener\">Gelsenkirchen<\/a> sieht es noch schlechter aus.<\/p>\n","protected":false},"excerpt":{"rendered":"Die Wohn- und Lebensverh\u00e4ltnisse in Duisburg sind im bundesweiten Vergleich noch immer schlecht. Das ist das Ergebnis eines&hellip;\n","protected":false},"author":2,"featured_media":623418,"comment_status":"","ping_status":"","sticky":false,"template":"","format":"standard","meta":{"footnotes":""},"categories":[1838],"tags":[127495,3364,29,3715,147677,147675,147679,30,38222,54058,15556,23936,147676,1209,12286,9182,15083,11748,147678,6781,21060,5728,21745],"class_list":{"0":"post-623417","1":"post","2":"type-post","3":"status-publish","4":"format-standard","5":"has-post-thumbnail","7":"category-duisburg","8":"tag-bundesweiten","9":"tag-de","10":"tag-deutschland","11":"tag-duisburg","12":"tag-dynamikranking","13":"tag-dynamisch","14":"tag-einwohnern","15":"tag-germany","16":"tag-grossstaedte","17":"tag-grossstaedten","18":"tag-lebens","19":"tag-lebensqualitaet","20":"tag-niveauranking","21":"tag-nordrhein-westfalen","22":"tag-ranking","23":"tag-staedte","24":"tag-staedteranking","25":"tag-studie","26":"tag-universitaetsstaedte","27":"tag-vergleich","28":"tag-wohn","29":"tag-wohnungsmarkt","30":"tag-zeigt"},"share_on_mastodon":{"url":"https:\/\/pubeurope.com\/@de\/115663020016069987","error":""},"_links":{"self":[{"href":"https:\/\/www.europesays.com\/de\/wp-json\/wp\/v2\/posts\/623417","targetHints":{"allow":["GET"]}}],"collection":[{"href":"https:\/\/www.europesays.com\/de\/wp-json\/wp\/v2\/posts"}],"about":[{"href":"https:\/\/www.europesays.com\/de\/wp-json\/wp\/v2\/types\/post"}],"author":[{"embeddable":true,"href":"https:\/\/www.europesays.com\/de\/wp-json\/wp\/v2\/users\/2"}],"replies":[{"embeddable":true,"href":"https:\/\/www.europesays.com\/de\/wp-json\/wp\/v2\/comments?post=623417"}],"version-history":[{"count":0,"href":"https:\/\/www.europesays.com\/de\/wp-json\/wp\/v2\/posts\/623417\/revisions"}],"wp:featuredmedia":[{"embeddable":true,"href":"https:\/\/www.europesays.com\/de\/wp-json\/wp\/v2\/media\/623418"}],"wp:attachment":[{"href":"https:\/\/www.europesays.com\/de\/wp-json\/wp\/v2\/media?parent=623417"}],"wp:term":[{"taxonomy":"category","embeddable":true,"href":"https:\/\/www.europesays.com\/de\/wp-json\/wp\/v2\/categories?post=623417"},{"taxonomy":"post_tag","embeddable":true,"href":"https:\/\/www.europesays.com\/de\/wp-json\/wp\/v2\/tags?post=623417"}],"curies":[{"name":"wp","href":"https:\/\/api.w.org\/{rel}","templated":true}]}}