{"id":623511,"date":"2025-12-04T20:42:20","date_gmt":"2025-12-04T20:42:20","guid":{"rendered":"https:\/\/www.europesays.com\/de\/623511\/"},"modified":"2025-12-04T20:42:20","modified_gmt":"2025-12-04T20:42:20","slug":"a4-in-chemnitz-unfall-mit-drei-lkw-polizei-sucht-fluechtigen-trucker-regional","status":"publish","type":"post","link":"https:\/\/www.europesays.com\/de\/623511\/","title":{"rendered":"A4 in Chemnitz: Unfall mit drei Lkw \u2013 Polizei sucht fl\u00fcchtigen Trucker | Regional"},"content":{"rendered":"<p>Chemnitz \u2013 <b>Er wechselte die Spur, l\u00f6ste damit eine Unfallserie mit mehreren Lkw aus \u2013 und fl\u00fcchtete! Die Polizei sucht nach einem Trucker, der auf der A4 an der Anschlussstelle Chemnitz-Mitte f\u00fcr einen dreifachen Brummi-Crash sorgte und dann abhaute.<\/b><\/p>\n<p>Der Vorfall passierte am Mittwochmittag: Der Unfallverursacher fuhr mit seinem Lkw auf die <a href=\"https:\/\/www.bild.de\/themen\/specials\/autobahnen\/news-nachrichten-news-fotos-videos-20641740.bild.html\" class=\"text-link\" target=\"_blank\" rel=\"noopener\">Autobahn<\/a> auf, wechselte dann direkt auf die linke Spur. Der 48-j\u00e4hrige Fahrer eines nachfolgenden Lkw musste bremsen. Dadurch krachte ein 43-J\u00e4hriger mit seinem Lkw in den voranfahrenden Laster.<\/p>\n<p>Ladung Batterien f\u00e4llt von Lkw<\/p>\n<p>Doch damit war die Kettenreaktion noch nicht vorbei: Ein Sonderfahrzeug, beladen mit Batterien, fuhr wiederum dem 43-J\u00e4hrigen auf. Dabei fielen die Batterien von der Ladefl\u00e4che.<\/p>\n<p><img decoding=\"async\" width=\"992\" height=\"485\" alt=\"Nach dem Unfall wurde die A4 ist in Richtung Dresden zwischen Kreuz Chemnitz und Chemnitz Mitte vollgesperrt\" src=\"https:\/\/www.europesays.com\/de\/wp-content\/uploads\/2025\/12\/2ffd26c5efae2344ee9b493b6eb5d00c,d9bbe98c\"   class=\"dynamic\" loading=\"lazy\"\/><\/p>\n<p class=\"fig__caption__text\">Nach dem Unfall wurde die A4 in Richtung Dresden zwischen Kreuz Chemnitz und Chemnitz Mitte vollgesperrt<\/p>\n<p>Foto: Jan Haertel<\/p>\n<p>Die Bilanz: Die <a href=\"https:\/\/www.bild.de\/regional\/aktuelles\/polizei\/polizeieinsatz-alle-infos-76681760.bild.html\" class=\"text-link\" target=\"_blank\" rel=\"noopener\">Polizei<\/a> sch\u00e4tzt den Sachschaden auf rund 355.000 Euro, aber gl\u00fccklicherweise gab es keine Verletzten. Die Ermittler suchen nach dem gefl\u00fcchteten Trucker, der den Unfall beim Spurwechsel verursacht hat.<\/p>\n","protected":false},"excerpt":{"rendered":"Chemnitz \u2013 Er wechselte die Spur, l\u00f6ste damit eine Unfallserie mit mehreren Lkw aus \u2013 und fl\u00fcchtete! Die&hellip;\n","protected":false},"author":2,"featured_media":623512,"comment_status":"","ping_status":"","sticky":false,"template":"","format":"standard","meta":{"footnotes":""},"categories":[1851],"tags":[21102,2770,113807,53433,111944,3364,1738,29,548,663,3934,122,5516,30,13,1962,21101,14,15,121,859,12,138370,45,2624],"class_list":{"0":"post-623511","1":"post","2":"type-post","3":"status-publish","4":"format-standard","5":"has-post-thumbnail","7":"category-chemnitz","8":"tag-autobahn-a-4","9":"tag-chemnitz","10":"tag-chemnitz-regional","11":"tag-chemnitz-regional-news","12":"tag-content-pipeline","13":"tag-de","14":"tag-desk-delta","15":"tag-deutschland","16":"tag-eu","17":"tag-europa","18":"tag-europe","19":"tag-fahndungen","20":"tag-fahrerflucht","21":"tag-germany","22":"tag-headlines","23":"tag-lkw","24":"tag-lkw-crash","25":"tag-nachrichten","26":"tag-news","27":"tag-polizei","28":"tag-sachsen","29":"tag-schlagzeilen","30":"tag-team-first","31":"tag-texttospeech","32":"tag-unfaelle"},"share_on_mastodon":{"url":"https:\/\/pubeurope.com\/@de\/115663244886065439","error":""},"_links":{"self":[{"href":"https:\/\/www.europesays.com\/de\/wp-json\/wp\/v2\/posts\/623511","targetHints":{"allow":["GET"]}}],"collection":[{"href":"https:\/\/www.europesays.com\/de\/wp-json\/wp\/v2\/posts"}],"about":[{"href":"https:\/\/www.europesays.com\/de\/wp-json\/wp\/v2\/types\/post"}],"author":[{"embeddable":true,"href":"https:\/\/www.europesays.com\/de\/wp-json\/wp\/v2\/users\/2"}],"replies":[{"embeddable":true,"href":"https:\/\/www.europesays.com\/de\/wp-json\/wp\/v2\/comments?post=623511"}],"version-history":[{"count":0,"href":"https:\/\/www.europesays.com\/de\/wp-json\/wp\/v2\/posts\/623511\/revisions"}],"wp:featuredmedia":[{"embeddable":true,"href":"https:\/\/www.europesays.com\/de\/wp-json\/wp\/v2\/media\/623512"}],"wp:attachment":[{"href":"https:\/\/www.europesays.com\/de\/wp-json\/wp\/v2\/media?parent=623511"}],"wp:term":[{"taxonomy":"category","embeddable":true,"href":"https:\/\/www.europesays.com\/de\/wp-json\/wp\/v2\/categories?post=623511"},{"taxonomy":"post_tag","embeddable":true,"href":"https:\/\/www.europesays.com\/de\/wp-json\/wp\/v2\/tags?post=623511"}],"curies":[{"name":"wp","href":"https:\/\/api.w.org\/{rel}","templated":true}]}}