{"id":623521,"date":"2025-12-04T20:48:15","date_gmt":"2025-12-04T20:48:15","guid":{"rendered":"https:\/\/www.europesays.com\/de\/623521\/"},"modified":"2025-12-04T20:48:15","modified_gmt":"2025-12-04T20:48:15","slug":"ausnahmekuenstler-eroeffnet-das-mozartfest-2026","status":"publish","type":"post","link":"https:\/\/www.europesays.com\/de\/623521\/","title":{"rendered":"Ausnahmek\u00fcnstler er\u00f6ffnet das Mozartfest 2026"},"content":{"rendered":"<p>Seit zehn Jahren verantwortet Simon Pickel das Programm zum Augsburger Mozartfest. F\u00fcr sein pers\u00f6nliches Jubil\u00e4umsfestival im kommenden Jahr erf\u00fcllt sich Pickel einen Herzenswunsch: Zur Er\u00f6ffnung des Mozartfests 2026 gibt Chilly Gonzales zwei Konzerte, am 4. und 5. Mai, im Kesselhaus.<\/p>\n<p>Weiterlesen mit<\/p>\n<p>                                                                                <img decoding=\"async\" src=\"https:\/\/www.europesays.com\/de\/wp-content\/uploads\/2025\/04\/donaukurier-plus.png\" alt=\"Plus-Logo\" class=\"paywall-image\"\/><\/p>\n<p class=\"text-center\">\n            Sie sind bereits registriert oder Plus-Abonnent?<\/p>\n<p>                Hier anmelden<\/p>\n","protected":false},"excerpt":{"rendered":"Seit zehn Jahren verantwortet Simon Pickel das Programm zum Augsburger Mozartfest. F\u00fcr sein pers\u00f6nliches Jubil\u00e4umsfestival im kommenden Jahr&hellip;\n","protected":false},"author":2,"featured_media":623522,"comment_status":"","ping_status":"","sticky":false,"template":"","format":"standard","meta":{"footnotes":""},"categories":[1846],"tags":[680,772,3364,29,548,663,3934,30,13,48019,14,15,12],"class_list":{"0":"post-623521","1":"post","2":"type-post","3":"status-publish","4":"format-standard","5":"has-post-thumbnail","7":"category-augsburg","8":"tag-augsburg","9":"tag-bayern","10":"tag-de","11":"tag-deutschland","12":"tag-eu","13":"tag-europa","14":"tag-europe","15":"tag-germany","16":"tag-headlines","17":"tag-mozart","18":"tag-nachrichten","19":"tag-news","20":"tag-schlagzeilen"},"share_on_mastodon":{"url":"","error":""},"_links":{"self":[{"href":"https:\/\/www.europesays.com\/de\/wp-json\/wp\/v2\/posts\/623521","targetHints":{"allow":["GET"]}}],"collection":[{"href":"https:\/\/www.europesays.com\/de\/wp-json\/wp\/v2\/posts"}],"about":[{"href":"https:\/\/www.europesays.com\/de\/wp-json\/wp\/v2\/types\/post"}],"author":[{"embeddable":true,"href":"https:\/\/www.europesays.com\/de\/wp-json\/wp\/v2\/users\/2"}],"replies":[{"embeddable":true,"href":"https:\/\/www.europesays.com\/de\/wp-json\/wp\/v2\/comments?post=623521"}],"version-history":[{"count":0,"href":"https:\/\/www.europesays.com\/de\/wp-json\/wp\/v2\/posts\/623521\/revisions"}],"wp:featuredmedia":[{"embeddable":true,"href":"https:\/\/www.europesays.com\/de\/wp-json\/wp\/v2\/media\/623522"}],"wp:attachment":[{"href":"https:\/\/www.europesays.com\/de\/wp-json\/wp\/v2\/media?parent=623521"}],"wp:term":[{"taxonomy":"category","embeddable":true,"href":"https:\/\/www.europesays.com\/de\/wp-json\/wp\/v2\/categories?post=623521"},{"taxonomy":"post_tag","embeddable":true,"href":"https:\/\/www.europesays.com\/de\/wp-json\/wp\/v2\/tags?post=623521"}],"curies":[{"name":"wp","href":"https:\/\/api.w.org\/{rel}","templated":true}]}}