{"id":62361,"date":"2025-04-26T08:45:09","date_gmt":"2025-04-26T08:45:09","guid":{"rendered":"https:\/\/www.europesays.com\/de\/62361\/"},"modified":"2025-04-26T08:45:09","modified_gmt":"2025-04-26T08:45:09","slug":"schon-wieder-ein-neuer-leerstand-in-der-hermannstrasse","status":"publish","type":"post","link":"https:\/\/www.europesays.com\/de\/62361\/","title":{"rendered":"Schon wieder ein neuer Leerstand in der Hermannstra\u00dfe"},"content":{"rendered":"<p>\tHerten: Schon wieder ein neuer Leerstand in der Hermannstra\u00dfe<\/p>\n<p><a class=\"skip-link screen-reader-text\" href=\"#content\">Zum Inhalt springen<\/a><br \/>\n<a class=\"skip-link screen-reader-text\" href=\"#site-navigation\">Zur Navigation springen<\/a><\/p>\n<p>\t\tProbleme in der Hertener Innenstadt<br \/>\n\t\t\t\t\tSchon wieder ein neuer Leerstand in der Hermannstra\u00dfe<\/p>\n<p>\t\t<img alt=\"\" src=\"https:\/\/www.europesays.com\/de\/wp-content\/uploads\/2025\/04\/630_0036_1103077_.jpg\"  class=\"avatar avatar-36 photo avatar-default\" height=\"36\" width=\"36\" loading=\"lazy\" decoding=\"async\"\/>\t\t<a class=\"article-author__name\" href=\"https:\/\/www.hertener-allgemeine.de\/author\/joachim-schmidt\/\" rel=\"author nofollow noopener\" target=\"_blank\">Joachim Schmidt<\/a><br \/>\n\t\tRedaktionsleiter<\/p>\n<p>\t26.04.2025 09:00 Uhr<\/p>\n<p>\t\tTeilen<\/p>\n<p>\n\tIn Merkliste \u00fcbernehmen\n<\/p>\n<p>    <a href=\"https:\/\/www.hertener-allgemeine.de\/wp-content\/uploads\/2025\/04\/25\/11\/630_0900_4665087_HAL_Leerstand_Hermannstrasse-1648x824.jpg\" rel=\"nofollow noopener\" target=\"_blank\"><\/p>\n<p>            <img decoding=\"async\" fetchpriority=\"high\" src=\"https:\/\/www.europesays.com\/de\/wp-content\/uploads\/2025\/04\/630_0900_4665086_HAL_Leerstand_Hermannstrasse-640x428.jpg\" width=\"640\" height=\"428\"  alt=\"Zwei leer stehende Ladenlokale an der Hermannstra\u00dfe in Herten-Mitte.\"\/><\/p>\n<p>    <\/a><br \/>\n    Ein neuer Laden-Leerstand (rechts) neben einem alten (links): Die Hermannstra\u00dfe ist ein schwieriges Pflaster f\u00fcr Gesch\u00e4ftsleute geworden. \u00a9 Joachim Schmidt<\/p>\n<p class=\"article__teaser-text\">Gerade erst hoffnungsvoll gestartet, hat ein Mini-Supermarkt in der Hertener Fu\u00dfg\u00e4ngerzone schon wieder geschlossen. Die Zahl der Leerst\u00e4nde steigt.<\/p>\n<p>1 Min Lesezeit<\/p>\n<p>\n\t<a href=\"https:\/\/www.hertener-allgemeine.de\" class=\"button button--brand button--link home-button\" rel=\"nofollow noopener\" target=\"_blank\">Zur Startseite<\/a>\n<\/p>\n<p class=\"boxed centered\">\n\t\tSie sind bereits registriert?<br \/><a href=\"https:\/\/www.hertener-allgemeine.de\/login\/?redirect_to=http:\/\/herten\/probleme-in-der-hertener-innenstadt-schon-wieder-ein-neuer-leerstand-in-der-hermannstrasse-w1025263-8000958864\" rel=\"nofollow noopener\" target=\"_blank\">Hier einloggen<\/a>\n\t<\/p>\n","protected":false},"excerpt":{"rendered":"Herten: Schon wieder ein neuer Leerstand in der Hermannstra\u00dfe Zum Inhalt springen Zur Navigation springen Probleme in der&hellip;\n","protected":false},"author":2,"featured_media":62362,"comment_status":"","ping_status":"","sticky":false,"template":"","format":"standard","meta":{"footnotes":"","_share_on_mastodon":"0"},"categories":[1848],"tags":[3364,29,4289,548,663,3934,3658,30,13,26790,14,15,1209,12],"class_list":["post-62361","post","type-post","status-publish","format-standard","has-post-thumbnail","category-gelsenkirchen","tag-de","tag-deutschland","tag-einkaufen","tag-eu","tag-europa","tag-europe","tag-gelsenkirchen","tag-germany","tag-headlines","tag-hermannstrasse","tag-nachrichten","tag-news","tag-nordrhein-westfalen","tag-schlagzeilen"],"share_on_mastodon":{"url":"https:\/\/pubeurope.com\/@de\/114403391979669657","error":""},"_links":{"self":[{"href":"https:\/\/www.europesays.com\/de\/wp-json\/wp\/v2\/posts\/62361","targetHints":{"allow":["GET"]}}],"collection":[{"href":"https:\/\/www.europesays.com\/de\/wp-json\/wp\/v2\/posts"}],"about":[{"href":"https:\/\/www.europesays.com\/de\/wp-json\/wp\/v2\/types\/post"}],"author":[{"embeddable":true,"href":"https:\/\/www.europesays.com\/de\/wp-json\/wp\/v2\/users\/2"}],"replies":[{"embeddable":true,"href":"https:\/\/www.europesays.com\/de\/wp-json\/wp\/v2\/comments?post=62361"}],"version-history":[{"count":0,"href":"https:\/\/www.europesays.com\/de\/wp-json\/wp\/v2\/posts\/62361\/revisions"}],"wp:featuredmedia":[{"embeddable":true,"href":"https:\/\/www.europesays.com\/de\/wp-json\/wp\/v2\/media\/62362"}],"wp:attachment":[{"href":"https:\/\/www.europesays.com\/de\/wp-json\/wp\/v2\/media?parent=62361"}],"wp:term":[{"taxonomy":"category","embeddable":true,"href":"https:\/\/www.europesays.com\/de\/wp-json\/wp\/v2\/categories?post=62361"},{"taxonomy":"post_tag","embeddable":true,"href":"https:\/\/www.europesays.com\/de\/wp-json\/wp\/v2\/tags?post=62361"}],"curies":[{"name":"wp","href":"https:\/\/api.w.org\/{rel}","templated":true}]}}