{"id":623621,"date":"2025-12-04T21:44:16","date_gmt":"2025-12-04T21:44:16","guid":{"rendered":"https:\/\/www.europesays.com\/de\/623621\/"},"modified":"2025-12-04T21:44:16","modified_gmt":"2025-12-04T21:44:16","slug":"massregelvollzug-ministerium-schmeisst-klinik-leitung-raus","status":"publish","type":"post","link":"https:\/\/www.europesays.com\/de\/623621\/","title":{"rendered":"Ma\u00dfregelvollzug: Ministerium schmei\u00dft Klinik-Leitung raus!"},"content":{"rendered":"<p>Das LAVG habe &#8222;unverz\u00fcglich Ma\u00dfnahmen zur schnellen Aufkl\u00e4rung ergriffen und am 4. November sowie am 6. November vor Ort in der betroffenen Klinik anlassbezogene Pr\u00fcfungen durchgef\u00fchrt. Das MGS hat am 10. November 2025 den gesamten Sachverhalt bei der Staatsanwaltschaft Potsdam angezeigt (Strafanzeige)&#8220;, betont ein Ministeriumssprecher weiter.<\/p>\n<p>Weitere Angaben zum Vorfall kann das Ministerium zum jetzigen Zeitpunkt aufgrund der laufenden staatsanwaltschaftlichen Ermittlungen nicht machen. <\/p>\n<p>In Brandenburg gibt es zwei Ma\u00dfregelvollzugskliniken mit einer Gesamtkapazit\u00e4t von 283 Pl\u00e4tzen: die forensischen Kliniken in Eberswalde und in Brandenburg an der Havel. Das MGS \u00fcbt im Land Brandenburg die oberste Fachaufsicht \u00fcber den Ma\u00dfregelvollzug aus, die Fachaufsicht \u00fcber die Einrichtungen obliegt dem LAVG. Das MGS ist Arbeitgeber der \u00e4rztlichen Leitungen.<\/p>\n","protected":false},"excerpt":{"rendered":"Das LAVG habe &#8222;unverz\u00fcglich Ma\u00dfnahmen zur schnellen Aufkl\u00e4rung ergriffen und am 4. November sowie am 6. November vor&hellip;\n","protected":false},"author":2,"featured_media":623622,"comment_status":"","ping_status":"","sticky":false,"template":"","format":"standard","meta":{"footnotes":""},"categories":[1816],"tags":[1960,1958,1959,1957,1956,1890,29,30],"class_list":{"0":"post-623621","1":"post","2":"type-post","3":"status-publish","4":"format-standard","5":"has-post-thumbnail","7":"category-brandenburg","8":"tag-aktuelle-nachrichten-aus-berlin-und-brandenburg","9":"tag-aktuelle-nachrichten-aus-brandenburg","10":"tag-aktuelle-news-aus-berlin-und-brandenburg","11":"tag-aktuelle-news-aus-brandenburg","12":"tag-berlin-und-brandenburg","13":"tag-brandenburg","14":"tag-deutschland","15":"tag-germany"},"share_on_mastodon":{"url":"https:\/\/pubeurope.com\/@de\/115663489101554372","error":""},"_links":{"self":[{"href":"https:\/\/www.europesays.com\/de\/wp-json\/wp\/v2\/posts\/623621","targetHints":{"allow":["GET"]}}],"collection":[{"href":"https:\/\/www.europesays.com\/de\/wp-json\/wp\/v2\/posts"}],"about":[{"href":"https:\/\/www.europesays.com\/de\/wp-json\/wp\/v2\/types\/post"}],"author":[{"embeddable":true,"href":"https:\/\/www.europesays.com\/de\/wp-json\/wp\/v2\/users\/2"}],"replies":[{"embeddable":true,"href":"https:\/\/www.europesays.com\/de\/wp-json\/wp\/v2\/comments?post=623621"}],"version-history":[{"count":0,"href":"https:\/\/www.europesays.com\/de\/wp-json\/wp\/v2\/posts\/623621\/revisions"}],"wp:featuredmedia":[{"embeddable":true,"href":"https:\/\/www.europesays.com\/de\/wp-json\/wp\/v2\/media\/623622"}],"wp:attachment":[{"href":"https:\/\/www.europesays.com\/de\/wp-json\/wp\/v2\/media?parent=623621"}],"wp:term":[{"taxonomy":"category","embeddable":true,"href":"https:\/\/www.europesays.com\/de\/wp-json\/wp\/v2\/categories?post=623621"},{"taxonomy":"post_tag","embeddable":true,"href":"https:\/\/www.europesays.com\/de\/wp-json\/wp\/v2\/tags?post=623621"}],"curies":[{"name":"wp","href":"https:\/\/api.w.org\/{rel}","templated":true}]}}