{"id":623817,"date":"2025-12-04T23:45:23","date_gmt":"2025-12-04T23:45:23","guid":{"rendered":"https:\/\/www.europesays.com\/de\/623817\/"},"modified":"2025-12-04T23:45:23","modified_gmt":"2025-12-04T23:45:23","slug":"stadtregierung-kontert-spd-forderung-nach-interims-realschule","status":"publish","type":"post","link":"https:\/\/www.europesays.com\/de\/623817\/","title":{"rendered":"Stadtregierung kontert SPD-Forderung nach Interims-Realschule"},"content":{"rendered":"<p>  <a href=\"https:\/\/www.daz-augsburg.de\/stadtregierung-kontert-spd-forderung-nach-interims-realschule\/\" target=\"_blank\" rel=\"noopener\">Stadtregierung kontert SPD-Forderung nach Interims-Realschule<\/a><\/p>\n<p><strong>Die SPD hatte zuletzt mit einem Sofortplan f\u00fcr eine Interims-Realschule im Innovations\u00adpark den Druck auf die Stadt\u00adregierung erh\u00f6ht und den aktuellen Zeitplan bis 2036 scharf kritisiert (<a href=\"https:\/\/www.daz-augsburg.de\/26-fuer-26-punkt-4-spd-praesentiert-sofortplan-fuer-neue-realschule\/\" target=\"_blank\" rel=\"noopener\">DAZ berichtete<\/a>). Dieser Vorsto\u00df bildet nun den Hinter\u00adgrund f\u00fcr eine deutliche Reaktion der regie\u00adrenden Fraktionen von CSU und Gr\u00fcnen.<\/strong><\/p>\n<p>Von Bruno Stubenrauch<\/p>\n<p><img fetchpriority=\"high\" decoding=\"async\" width=\"1257\" height=\"703\" class=\"alignleft size-full wp-image-100919\" src=\"data:image\/svg+xml,%3Csvg%20xmlns=\" http:=\"\" alt=\"\" data-lazy- data-lazy- data-lazy-src=\"https:\/\/www.europesays.com\/de\/wp-content\/uploads\/2025\/12\/grok_image_gbyvhk.jpg\"\/><\/p>\n<p>Symbolbild<\/p>\n<p>In einer gemeinsamen Pressemitteilung weisen die Fraktions\u00advor\u00adsitzenden Leo Dietz (CSU) und Peter Rauscher (Gr\u00fcne) die Forderungen nach einem kurz\u00adfristigen Interims\u00adbau ent\u00adschieden zur\u00fcck. Eine solche L\u00f6sung klinge zwar einfach, sei jedoch weder rea\u00adlistisch noch genehmi\u00adgungs\u00adf\u00e4hig. Der Mini\u00adsterial\u00adbeauftragte f\u00fcr die Realschulen habe mehrfach klar\u00adgestellt, so die Koalition, dass das Kultus\u00admini\u00adsterium provi\u00adsorische Schul\u00adstandorte h\u00f6chstens drei Jahre vor dem Umzug in einen Neubau bewillige. Wer das ignoriere, betreibe \u201eSymbol\u00adpolitik\u201c und wecke Erwartungen, \u201edie am Ende nicht zu halten sind\u201c.<\/p>\n<p><strong>Lieber rechtssicher und belastbar<\/strong><\/p>\n<p>Die Stadtregierung setze stattdessen auf rechts\u00adsichere und solide Planung. Bildungs\u00adb\u00fcrger\u00admeisterin Martina Wild arbeite daran, zeitnah einen geeigneten Standort zu sichern, Finan\u00adzierungs\u00admodelle zu kl\u00e4ren und den Neubau im Osten konsequent voran\u00adzu\u00adtreiben. Parallel dazu w\u00fcrden m\u00f6gliche Zwischen\u00adl\u00f6sungen gepr\u00fcft \u2013 von beste\u00adhenden Immo\u00adbilien \u00fcber Container\u00adanlagen bis hin zu Holz-Modulbau. Ent\u00adscheidend seien dabei p\u00e4da\u00adgo\u00adgischer Nutzen, finan\u00adzielle Vertret\u00adbarkeit und verl\u00e4ss\u00adliche Genehmigung.<\/p>\n<p>Scharfe Kritik \u00fcben CSU und Gr\u00fcne auch an der Rathaus\u00adopposition insgesamt, die ihrer Ansicht nach auf \u201eschnelle Schlag\u00adzeilen\u201c aus sei. Die in einer gemeinsamen Erkl\u00e4rung \u2013 auch mit VOLT \u2013 vorge\u00adschlagenen Varianten seien weder \u201ezu Ende gedacht\u201c noch belastbar. Zudem herrsche unter SPD, FW, FDP, Pro Augsburg, \u00d6DP und VOLT nicht einmal Einigkeit \u00fcber Standort oder Bauweise eines m\u00f6glichen Interims. Wahlkampf auf dem R\u00fccken von Sch\u00fcle\u00adrinnen, Sch\u00fclern, Eltern und Lehr\u00adkr\u00e4ften werde man nicht mittragen, so die Koalition.<\/p>\n<p>    Artikel vom<br \/>\n    <a href=\"https:\/\/www.daz-augsburg.de\/?m=20251205\" target=\"_blank\" rel=\"noopener\"><br \/>\n      05.12.2025    <\/a><br \/>\n    | Autor: Bruno Stubenrauch<br \/>Rubrik: <a href=\"https:\/\/www.daz-augsburg.de\/rubrik\/kommunalwahl-2026\/\" rel=\"category tag noopener\" target=\"_blank\">Kommunalwahl 2026<\/a>, <a href=\"https:\/\/www.daz-augsburg.de\/rubrik\/politik\/bildung\/\" rel=\"category tag noopener\" target=\"_blank\">Bildung<\/a>, <a href=\"https:\/\/www.daz-augsburg.de\/rubrik\/politik\/parteien\/\" rel=\"category tag noopener\" target=\"_blank\">Parteien<\/a>, <a href=\"https:\/\/www.daz-augsburg.de\/rubrik\/politik\/\" rel=\"category tag noopener\" target=\"_blank\">Politik<\/a>  <\/p>\n","protected":false},"excerpt":{"rendered":"Stadtregierung kontert SPD-Forderung nach Interims-Realschule Die SPD hatte zuletzt mit einem Sofortplan f\u00fcr eine Interims-Realschule im Innovations\u00adpark den&hellip;\n","protected":false},"author":2,"featured_media":623818,"comment_status":"","ping_status":"","sticky":false,"template":"","format":"standard","meta":{"footnotes":""},"categories":[1846],"tags":[680,772,3364,29,548,663,3934,30,13,14,15,12],"class_list":{"0":"post-623817","1":"post","2":"type-post","3":"status-publish","4":"format-standard","5":"has-post-thumbnail","7":"category-augsburg","8":"tag-augsburg","9":"tag-bayern","10":"tag-de","11":"tag-deutschland","12":"tag-eu","13":"tag-europa","14":"tag-europe","15":"tag-germany","16":"tag-headlines","17":"tag-nachrichten","18":"tag-news","19":"tag-schlagzeilen"},"share_on_mastodon":{"url":"https:\/\/pubeurope.com\/@de\/115663963671190244","error":""},"_links":{"self":[{"href":"https:\/\/www.europesays.com\/de\/wp-json\/wp\/v2\/posts\/623817","targetHints":{"allow":["GET"]}}],"collection":[{"href":"https:\/\/www.europesays.com\/de\/wp-json\/wp\/v2\/posts"}],"about":[{"href":"https:\/\/www.europesays.com\/de\/wp-json\/wp\/v2\/types\/post"}],"author":[{"embeddable":true,"href":"https:\/\/www.europesays.com\/de\/wp-json\/wp\/v2\/users\/2"}],"replies":[{"embeddable":true,"href":"https:\/\/www.europesays.com\/de\/wp-json\/wp\/v2\/comments?post=623817"}],"version-history":[{"count":0,"href":"https:\/\/www.europesays.com\/de\/wp-json\/wp\/v2\/posts\/623817\/revisions"}],"wp:featuredmedia":[{"embeddable":true,"href":"https:\/\/www.europesays.com\/de\/wp-json\/wp\/v2\/media\/623818"}],"wp:attachment":[{"href":"https:\/\/www.europesays.com\/de\/wp-json\/wp\/v2\/media?parent=623817"}],"wp:term":[{"taxonomy":"category","embeddable":true,"href":"https:\/\/www.europesays.com\/de\/wp-json\/wp\/v2\/categories?post=623817"},{"taxonomy":"post_tag","embeddable":true,"href":"https:\/\/www.europesays.com\/de\/wp-json\/wp\/v2\/tags?post=623817"}],"curies":[{"name":"wp","href":"https:\/\/api.w.org\/{rel}","templated":true}]}}