{"id":623856,"date":"2025-12-05T00:05:15","date_gmt":"2025-12-05T00:05:15","guid":{"rendered":"https:\/\/www.europesays.com\/de\/623856\/"},"modified":"2025-12-05T00:05:15","modified_gmt":"2025-12-05T00:05:15","slug":"israel-darf-am-esc-2026-teilnehmen-medien","status":"publish","type":"post","link":"https:\/\/www.europesays.com\/de\/623856\/","title":{"rendered":"Israel darf am ESC 2026 teilnehmen &#8211; Medien"},"content":{"rendered":"<p data-manual=\"paragraph\" data-schema-org-speakable=\"true\" class=\"css-1eosz7k\"><a href=\"https:\/\/www.sueddeutsche.de\/thema\/Israel\" target=\"_blank\" rel=\"noopener\">Israel<\/a> darf am <a href=\"https:\/\/www.sueddeutsche.de\/thema\/Eurovision_Song_Contest\" target=\"_blank\" rel=\"noopener\">Eurovision Song Contest<\/a> (ESC) 2026 teilnehmen und soll nicht ausgeschlossen werden. Das verk\u00fcndet die Europ\u00e4ische Rundfunkunion (EBU) in einem offiziellen <a href=\"https:\/\/www.ebu.ch\/news\/2025\/12\/ebu-members-show-clear-support-for-eurovision-reforms\" target=\"_blank\" rel=\"noopener\">Statement<\/a>. Die EBU-Mitglieder h\u00e4tten bei der Generalversammlung in Genf mehrheitlich daf\u00fcr gestimmt, dass der Musikwettbewerb mit einigen geplanten Regel\u00e4nderungen fortgesetzt werden solle und dass kein weiteres Votum \u00fcber die Teilnahme von einzelnen Mitgliedern wie Israel n\u00f6tig sei. Die EBU ist ein Zusammenschluss von Rundfunkanstalten aus 56 Nationen und Organisatorin des Musikwettbewerbs. Die meisten Mitglieder sitzen in europ\u00e4ischen L\u00e4ndern, doch auch Anstalten aus Israel, \u00c4gypten oder Libyen sind Teil der EBU.<\/p>\n<p data-manual=\"paragraph\" data-schema-org-speakable=\"true\" class=\"css-1eosz7k\">\u00d6ffentlich-rechtliche TV-Sender aus Slowenien, Irland, Spanien und den Niederlanden hatten vor der Sitzung mit einem R\u00fcckzug von der Veranstaltung gedroht, sollte Israel am Wettbewerb teilnehmen. Die Sender begr\u00fcnden ihre Haltung mit der hohen Zahl pal\u00e4stinensischer Opfer im Gaza-Krieg durch das Vorgehen der israelischen Armee. Unmittelbar nach der Sitzung <a href=\"https:\/\/www.avrotros.nl\/article\/avrotros-neemt-in-2026-niet-deel-aan-het-eurovisie-songfestival~1314\/\" target=\"_blank\" rel=\"noopener\">erkl\u00e4rte der niederl\u00e4ndische Sender Avrotros<\/a>, dass er nicht am ESC im Mai 2026 in Wien teilnehmen werde. Auch der <a href=\"https:\/\/www.rtve.es\/rtve\/20251204\/rtve-retira-festival-eurovision\/16845362.shtml\" target=\"_blank\" rel=\"noopener\">spanische Rundfunk RTVE gab bekannt<\/a>, dass Spanien die Teilnahme absage. <a href=\"https:\/\/www.rte.ie\/entertainment\/2025\/1204\/1547300-rte-to-boycott-eurovision-song-contest-over-israel\/\" target=\"_blank\" rel=\"noopener\">Irland<\/a> und <a href=\"https:\/\/www.rtvslo.si\/zabava-in-slog\/glasba\/ema\/izrael-bo-lahko-nastopil-na-evroviziji-sestih-drzav-med-njimi-slovenije-na-tekmovanju-ne-bo\/766145\" target=\"_blank\" rel=\"noopener\">Slowenien<\/a> sagten ebenfalls ab. Der <a href=\"https:\/\/www.ruv.is\/frettir\/innlent\/2025-12-04-israel-faer-ad-taka-thatt-i-eurovision-460690\" target=\"_blank\" rel=\"noopener\">isl\u00e4ndische Rundfunk<\/a> will in der kommenden Woche \u00fcber die Teilnahme beraten.<\/p>\n<p data-manual=\"paragraph\" data-schema-org-speakable=\"true\" class=\"css-1eosz7k\">Eine Beteiligung Irlands am ESC sei \u201eangesichts des entsetzlichen Verlusts von Menschenleben in Gaza und der humanit\u00e4ren Krise dort\u201c unzumutbar, teilte der Sender RT\u00c9 mit. Der Pr\u00e4sident des spanischen Senders RTVE, Jos\u00e9 Pablo L\u00f3pez, sagte, die Entscheidung zur Teilnahme Israels best\u00e4tige, dass es sich nicht um einen Musikwettbewerb handele, sondern um ein Festival, das von geopolitischen Interessen dominiert werde. Die Spanier geh\u00f6ren wie Deutschland, Gro\u00dfbritannien, Italien und Frankreich zu den f\u00fcnf wichtigsten Geldgebern der Veranstaltung, die im Mai 2026 vom \u00f6sterreichischen Sender ORF organisiert wird.<\/p>\n<p>Veranstalter h\u00e4lt ESC f\u00fcr unpolitisch<\/p>\n<p data-manual=\"paragraph\" data-schema-org-speakable=\"true\" class=\"css-1eosz7k\">Die Abstimmung fand geheim statt. Welche Nationen f\u00fcr oder gegen die Regeln gestimmt haben, ist bisher nicht bekannt. Die EBU spricht von einer \u201egro\u00dfen Mehrheit\u201c f\u00fcr die \u00c4nderungen. Die neuen Regeln beinhalten unter anderem eine Begrenzung der Zuschauerstimmen von 20 auf zehn Stimmen pro Person. Au\u00dferdem sollen in den Halbfinals wieder Fachjurys gemeinsam mit dem Publikum \u00fcber die Finalisten entscheiden. Von regierungsfinanzierten Werbekampagnen f\u00fcr den Beitrag des eigenen Landes wird ausdr\u00fccklich abgeraten. Auch daf\u00fcr stand Israel im vergangenen Jahr in der Kritik. All diese Ma\u00dfnahmen sollen unverh\u00e4ltnism\u00e4\u00dfige Einflussnahme auf das Abstimmungsverfahren abwehren.<\/p>\n<p data-manual=\"paragraph\" data-schema-org-speakable=\"true\" class=\"css-1eosz7k\">Das 70. ESC-Finale steht unter dem Motto \u201eUnited by Music\u201c &#8211; vereint durch <a href=\"https:\/\/www.sueddeutsche.de\/thema\/Musik\" target=\"_blank\" rel=\"noopener\">Musik<\/a>.\u00a0\u201eWir freuen uns auf die Teilnahme am ESC 2026 als Fest f\u00fcr Kultur, Vielfalt und Zusammenhalt\u201c, hie\u00df es kurz nach der Bekanntgabe vom f\u00fcr Deutschland beim ESC federf\u00fchrenden S\u00fcdwestrundfunk (SWR). Die ARD habe sich im Rahmen der Abstimmung aus \u00dcberzeugung f\u00fcr die Regelungen zum erweiterten Schutz des ESC ausgesprochen. Die Ma\u00dfnahmen zielten darauf ab, die Transparenz, Neutralit\u00e4t und Fairness in den Abstimmungs- und Organisationsprozessen zu festigen.\u201eDie Absagen einzelner EBU-Mitglieder f\u00fcr den ESC 2026 bedauern wir au\u00dferordentlich, respektieren aber selbstverst\u00e4ndlich die Entscheidungen der jeweiligen Sender\u201c, hie\u00df es in der Mitteilung weiter. Die Veranstalter um die EBU in Genf betrachten den ESC als unpolitisches, k\u00fcnstlerisches Ereignis.<\/p>\n<p data-manual=\"paragraph\" data-schema-org-speakable=\"true\" class=\"css-1eosz7k\">Ein immer wieder vorgebrachtes Argument der Kritiker ist der Vergleich zu Russland. Nach dem Einmarsch in die Ukraine ist das Land vom Eurovision Song Contest in Turin 2022 ausgeschlossen und seither nicht mehr zur\u00fcck in den Kreis der Teilnehmerl\u00e4nder aufgenommen worden. \u201eWir d\u00fcrfen keine doppelten Standards in der Kultur zulassen\u201c, hatte zuvor Spaniens Ministerpr\u00e4sident Pedro S\u00e1nchez mit Blick auf Israel und Russland gesagt.<\/p>\n<p>Die Auswirkungen der Boykottank\u00fcndigungen auf den Wettbewerb sind noch ungewiss<\/p>\n<p data-manual=\"paragraph\" data-schema-org-speakable=\"true\" class=\"css-1eosz7k\">In Israel begr\u00fc\u00dfte Staatspr\u00e4sident Izchak Herzog die Entscheidung f\u00fcr eine Teilnahme Israels ausdr\u00fccklich. \u201eIsrael verdient es, auf allen B\u00fchnen der Welt vertreten zu sein\u201c, schrieb Herzog auf der Plattform X. \u201eIch freue mich, dass Israel wieder am Eurovision Song Contest teilnehmen wird.\u201c Er bedankte sich zudem bei Israels Freunden, die sich f\u00fcr das Recht des Landes starkgemacht h\u00e4tten, weiter bei dem Wettbewerb dabei sein zu k\u00f6nnen. \u201eDiese Entscheidung zeigt Solidarit\u00e4t, Verbundenheit und Zusammenarbeit\u201c, schrieb Herzog. Der israelische Au\u00dfenminister Gideon Saar sagte am Abend, er sch\u00e4me sich f\u00fcr die L\u00e4nder, die sich dazu entschlossen h\u00e4tten, den Musikwettbewerb wegen der Teilnahme Israels zu boykottieren.<\/p>\n<p data-manual=\"paragraph\" data-schema-org-speakable=\"true\" class=\"css-1eosz7k\">Welche Auswirkungen die Boykottank\u00fcndigungen auf den Wettbewerb haben werden, ist noch ungewiss. Die Zahl der Teilnehmerl\u00e4nder variiert beim ESC jedes Jahr. Allerdings tobt die Debatte um Israels Teilnahme in mehreren L\u00e4ndern. Noch vor Weihnachten soll bekannt gegeben werden, welche L\u00e4nder am Songcontest im kommenden Jahr teilnehmen werden, verk\u00fcndete die EBU. Von einer Absage Deutschlands ist nach dem ver\u00f6ffentlichten Statement von SWR und ARD weiterhin nicht auszugehen. Der Eurovision Song Contest 2026 findet vom 12. bis 16. Mai 2026 in Wien statt.<\/p>\n","protected":false},"excerpt":{"rendered":"Israel darf am Eurovision Song Contest (ESC) 2026 teilnehmen und soll nicht ausgeschlossen werden. Das verk\u00fcndet die Europ\u00e4ische&hellip;\n","protected":false},"author":2,"featured_media":623857,"comment_status":"","ping_status":"","sticky":false,"template":"","format":"standard","meta":{"footnotes":""},"categories":[5],"tags":[331,332,3364,29,663,4631,441,30,13,411,148,62,810,14,6000,15,12,149],"class_list":{"0":"post-623856","1":"post","2":"type-post","3":"status-publish","4":"format-standard","5":"has-post-thumbnail","7":"category-nachrichten","8":"tag-aktuelle-nachrichten","9":"tag-aktuelle-news","10":"tag-de","11":"tag-deutschland","12":"tag-europa","13":"tag-eurovision-song-contest","14":"tag-fernsehen","15":"tag-germany","16":"tag-headlines","17":"tag-israel","18":"tag-leserdiskussion","19":"tag-medien","20":"tag-musik","21":"tag-nachrichten","22":"tag-nahost","23":"tag-news","24":"tag-schlagzeilen","25":"tag-sueddeutsche-zeitung"},"share_on_mastodon":{"url":"https:\/\/pubeurope.com\/@de\/115664042466614703","error":""},"_links":{"self":[{"href":"https:\/\/www.europesays.com\/de\/wp-json\/wp\/v2\/posts\/623856","targetHints":{"allow":["GET"]}}],"collection":[{"href":"https:\/\/www.europesays.com\/de\/wp-json\/wp\/v2\/posts"}],"about":[{"href":"https:\/\/www.europesays.com\/de\/wp-json\/wp\/v2\/types\/post"}],"author":[{"embeddable":true,"href":"https:\/\/www.europesays.com\/de\/wp-json\/wp\/v2\/users\/2"}],"replies":[{"embeddable":true,"href":"https:\/\/www.europesays.com\/de\/wp-json\/wp\/v2\/comments?post=623856"}],"version-history":[{"count":0,"href":"https:\/\/www.europesays.com\/de\/wp-json\/wp\/v2\/posts\/623856\/revisions"}],"wp:featuredmedia":[{"embeddable":true,"href":"https:\/\/www.europesays.com\/de\/wp-json\/wp\/v2\/media\/623857"}],"wp:attachment":[{"href":"https:\/\/www.europesays.com\/de\/wp-json\/wp\/v2\/media?parent=623856"}],"wp:term":[{"taxonomy":"category","embeddable":true,"href":"https:\/\/www.europesays.com\/de\/wp-json\/wp\/v2\/categories?post=623856"},{"taxonomy":"post_tag","embeddable":true,"href":"https:\/\/www.europesays.com\/de\/wp-json\/wp\/v2\/tags?post=623856"}],"curies":[{"name":"wp","href":"https:\/\/api.w.org\/{rel}","templated":true}]}}