{"id":623858,"date":"2025-12-05T00:06:16","date_gmt":"2025-12-05T00:06:16","guid":{"rendered":"https:\/\/www.europesays.com\/de\/623858\/"},"modified":"2025-12-05T00:06:16","modified_gmt":"2025-12-05T00:06:16","slug":"drohen-deutschland-weisse-weihnachten-und-schnee-an-silvester-diskussion-ueber-extreme-winter-szenarien","status":"publish","type":"post","link":"https:\/\/www.europesays.com\/de\/623858\/","title":{"rendered":"Drohen Deutschland wei\u00dfe Weihnachten und Schnee an Silvester? Diskussion \u00fcber extreme Winter-Szenarien"},"content":{"rendered":"<ol class=\"id-DonaldBreadcrumb lp_west_breadcrumb id-DonaldBreadcrumb--default\" data-k5a-pos=\"west_breadcrumb\">\n<li class=\"id-Breadcrumb-item\"><a href=\"https:\/\/www.merkur.de\/\" class=\"id-Breadcrumb-link\" data-id-ec=\"{\" shn=\"\" textlink=\"\" data-k5a-pos=\"1_startseite\" target=\"_blank\" rel=\"noopener\">Startseite<\/a><\/li>\n<li class=\"id-Breadcrumb-item\"><a href=\"https:\/\/www.merkur.de\/deutschland\/\" class=\"id-Breadcrumb-link\" data-id-ec=\"{\" shn=\"\" textlink=\"\" data-k5a-pos=\"2_deutschland\" target=\"_blank\" rel=\"noopener\">Deutschland<\/a><\/li>\n<\/ol>\n<p class=\"id-Story-timestamp id-Story-timestamp--default\">Stand: 04.12.2025, 18:56 Uhr<\/p>\n<p class=\"id-Story-authors id-Story-authors--default\">Von: <a class=\"id-Story-authors-link lp_west_author\" href=\"https:\/\/www.merkur.de\/autor\/dominik-jung-vc2f6pk2.html\" title=\"Zur Autorenseite von Dominik Jung\" data-id-ec=\"{\" shn=\"\" author-link=\"\" jung=\"\" data-k5a-pos=\"west_author\" target=\"_blank\" rel=\"noopener\">Dominik Jung<\/a><\/p>\n<p class=\"id-Story-interactionBar id-Story-interactionBar--default\">DruckenTeilen<\/p>\n<p class=\"id-StoryElement-leadText\">Deutschland blickt auf den Winter 2025: Kommen wei\u00dfe Weihnachten? \u00dcberraschende Szenarien und Was-w\u00e4re-wenn-Momente. Eine Wetter-Kolumne von Dominik Jung. <\/p>\n<p class=\"id-StoryElement-paragraph\">M\u00fcnchen \u2013 Experten warnen schon jetzt, dass der <a href=\"https:\/\/www.merkur.de\/deutschland\/schnee-dauerfrost-konkretes-datum-im-fokus-wetter-modelle-warnen-vor-kaelte-schock-zr-94063183.html\" class=\"id-import-Link\" data-id-ec=\"{&quot;sht&quot;:&quot;Container&quot;,&quot;shn&quot;:&quot;Story&quot;,&quot;p&quot;:{&quot;containerType&quot;:&quot;Paragraph&quot;,&quot;displayType&quot;:&quot;Paragraph InlineLink&quot;,&quot;type&quot;:&quot;INLINE_LINK&quot;,&quot;value&quot;:&quot;Winter 2025 ein unberechenbarer Mix aus Chaos und K&#xE4;lte&quot;,&quot;variant&quot;:&quot;standardLink&quot;,&quot;sponsored&quot;:false,&quot;linkHref&quot;:&quot;https:\/\/www.merkur.de\/deutschland\/schnee-dauerfrost-konkretes-datum-im-fokus-wetter-modelle-warnen-vor-kaelte-schock-zr-94063183.html&quot;,&quot;storyElementPosition&quot;:8,&quot;storyElementCount&quot;:22}}\" target=\"_blank\" rel=\"noopener\">Winter 2025 ein unberechenbarer Mix aus Chaos und K\u00e4lte<\/a> werden k\u00f6nnte. Einige Langfristmodelle deuten auf starke Westwindphasen hin, die milde Atlantikluft bringen w\u00fcrden, w\u00e4hrend andere Simulationen regelrechte K\u00e4ltest\u00fcrze aus Nordost zeigen.<\/p>\n<p><img decoding=\"async\" class=\"id-RatioPlaceholder-element wv_story_el_image\" src=\"https:\/\/www.europesays.com\/de\/wp-content\/uploads\/2025\/12\/40665748-verschneite-kirche-auf-einem-berg-2JrDIDjiScBG.jpg\" loading=\"lazy\"   height=\"619\" width=\"1100\" alt=\"Verschneite Kirche auf einem Berg. \"\/>Das Thema wei\u00dfe Weihnachten oder gar wei\u00dfer Jahreswechsel ist noch nicht vom Tisch. \u00a9\u00a0IMAGO \/ Wolfilser<\/p>\n<p class=\"id-StoryElement-paragraph\">Was w\u00e4re, wenn sich kurz vor <a href=\"https:\/\/www.merkur.de\/welt\/weihnachten-infos-tradition-festtagen-familie-ursprung-serie-film-urlaub-91850382.html\" class=\"id-import-Link\" data-id-ec=\"{&quot;sht&quot;:&quot;Container&quot;,&quot;shn&quot;:&quot;Story&quot;,&quot;p&quot;:{&quot;containerType&quot;:&quot;Paragraph&quot;,&quot;displayType&quot;:&quot;Paragraph InlineLink&quot;,&quot;type&quot;:&quot;INLINE_LINK&quot;,&quot;value&quot;:&quot;Weihnachten&quot;,&quot;variant&quot;:&quot;standardLink&quot;,&quot;sponsored&quot;:false,&quot;linkHref&quot;:&quot;https:\/\/www.merkur.de\/welt\/weihnachten-infos-tradition-festtagen-familie-ursprung-serie-film-urlaub-91850382.html&quot;,&quot;storyElementPosition&quot;:11,&quot;storyElementCount&quot;:22}}\" target=\"_blank\" rel=\"noopener\">Weihnachten<\/a> eine blockierende Hochdrucklage bildet und Deutschland unter eine frostige Oststr\u00f6mung kippt? Pl\u00f6tzlich w\u00e4ren wei\u00dfe Weihnachten selbst im Rheinland denkbar. Und was w\u00e4re, wenn gleichzeitig feuchte Luft vom Atlantik eintrifft? Dann k\u00f6nnten die gr\u00f6\u00dften Schneemengen seit Jahren in wenigen Stunden das Land \u00fcberraschen und den Weihnachtsverkehr v\u00f6llig umwerfen.<\/p>\n<p>Das Silvester-Szenario der Extreme<\/p>\n<p class=\"id-StoryElement-paragraph\">Noch wilder wird es beim Blick auf den Jahreswechsel: Sollte sich bis Ende Dezember ein kr\u00e4ftiger Polarwirbel-Split entwickeln, k\u00f6nnte Deutschland in eine Phase bitterkalter Luft eintauchen. In diesem Fall w\u00e4re ein wei\u00dfer Silvestertag nicht nur m\u00f6glich, sondern vielerorts wahrscheinlich. Doch das Gegenteil ist ebenso denkbar. Was passiert, wenn der Polarwirbel stabil bleibt und milde Luftmassen dominieren?<\/p>\n<p class=\"id-StoryElement-paragraph\">Dann erleben wir einen Jahreswechsel im nassen Grau. Spannend ist die Frage, wie ein spontaner Kaltluftvorsto\u00df exakt in der Silvesternacht wirken w\u00fcrde. Gefrierender Regen und spiegelglatte Stra\u00dfen \u2013 ein Bild zwischen Magie und Chaos.<\/p>\n<p>Tornados, W\u00fcstenst\u00fcrme, Zyklone: Wetterph\u00e4nomene, die Sie kennen sollten<img decoding=\"async\" class=\"id-RatioPlaceholder-element wv_story_el_interstitialImage\" src=\"https:\/\/www.europesays.com\/de\/wp-content\/uploads\/2025\/04\/1743739210_724_31951848-apolarlichter-auch-als-aurora-borealis-nordlicht-oder-aurora-australis-suedlicht-bekannt-si.jpeg\" loading=\"lazy\"   height=\"3999\" width=\"6000\" alt=\"Polarlichter, auch als Aurora Borealis (Nordlicht) oder Aurora Australis (S&#xFC;dlicht) im Bundesstaat New York.\"\/><a href=\"https:\/\/www.merkur.de\/welt\/zyklone-tornados-wuestenstuerme-wetterphaenomene-die-kennen-sollten-zr-92326194.html\" class=\"id-StoryElement-intestitialLink-link\" data-id-ec=\"{\" shn=\"\" ansehen=\"\" data-k5a-pos=\"west_story_16_photoGalleryLink\" title=\"Zur Fotostrecke: Tornados, W&#xFC;stenst&#xFC;rme, Zyklone: Wetterph&#xE4;nomene, die Sie kennen sollten\" target=\"_blank\" rel=\"noopener\">Fotostrecke ansehen<\/a>Was w\u00e4re, wenn 2025 alles sprengt?<\/p>\n<p class=\"id-StoryElement-paragraph\">Sollte sich eine seltene Kombination aus La-Ni\u00f1a-bedingter K\u00e4lte, blockierendem Hoch und Atlantikfeuchte ergeben, k\u00f6nnten wir einen der spektakul\u00e4rsten Winterstarts seit Jahrzehnten erleben. Dann w\u00e4ren wei\u00dfe Weihnachten und ein schneereicher Jahreswechsel kein Traum, sondern fast schon Erwartung. <\/p>\n<p>wetter.net\u00a0\u2013 das Wetter auf den Punkt gebracht!<\/p>\n<p class=\"id-StoryElement-factBox-paragraph\">Dieser Artikel entstand in einer Content-Partnerschaft mit <a href=\"https:\/\/www.wetter.net\/\" target=\"_blank\" class=\"id-import-Link id-pageApi-Link--externalDomain\" data-id-ec=\"{&quot;sht&quot;:&quot;Container&quot;,&quot;shn&quot;:&quot;Story&quot;,&quot;p&quot;:{&quot;containerType&quot;:&quot;FactBox&quot;,&quot;displayType&quot;:&quot;FactBox InlineLink&quot;,&quot;type&quot;:&quot;INLINE_LINK&quot;,&quot;value&quot;:&quot;wetter.net&quot;,&quot;variant&quot;:&quot;standardLink&quot;,&quot;sponsored&quot;:false,&quot;linkHref&quot;:&quot;https:\/\/www.wetter.net\/&quot;,&quot;storyElementPosition&quot;:21,&quot;storyElementCount&quot;:22}}\" rel=\"noopener\">wetter.net<\/a>. wetter.net\u00a0bietet Ihnen alles Wissenswerte rund um Wetter und Klima. Auf unseren Seiten finden Sie weltweite Stadt- und Ortsprognosen f\u00fcr die n\u00e4chsten 14 Tage und das f\u00fcr die ersten 7 Tage in 1-st\u00fcndiger und f\u00fcr die nachfolgenden Tage in 3-st\u00fcndiger zeitlicher Aufl\u00f6sung. Wettervorhersagen, Niederschlagsradar, Messwerte, Wetterwarnungen, Deutschlandwetter und Wetter-News informieren \u00fcber die aktuelle Entwicklung sowie die kommenden Stunden und Tage.<\/p>\n<p class=\"id-StoryElement-paragraph\">Selbst St\u00e4dte, die seit Jahren kaum Schnee sehen, k\u00f6nnten pl\u00f6tzlich unter einer dicken Schneedecke verschwinden. Doch was, wenn sich 2025 als meteorologischer Bluff entpuppt und alle Modelle versagen? Dann bleibt der <a href=\"https:\/\/www.merkur.de\/deutschland\/temperaturen-winter-wetterbeben-advent-nikolaus-deutschland-mix-nebel-regen-ueberraschend-mild-zr-94064740.html\" class=\"id-import-Link\" data-id-ec=\"{&quot;sht&quot;:&quot;Container&quot;,&quot;shn&quot;:&quot;Story&quot;,&quot;p&quot;:{&quot;containerType&quot;:&quot;Paragraph&quot;,&quot;displayType&quot;:&quot;Paragraph InlineLink&quot;,&quot;type&quot;:&quot;INLINE_LINK&quot;,&quot;value&quot;:&quot;Winter mild, nass und unspektakul&#xE4;r&quot;,&quot;variant&quot;:&quot;standardLink&quot;,&quot;sponsored&quot;:false,&quot;linkHref&quot;:&quot;https:\/\/www.merkur.de\/deutschland\/temperaturen-winter-wetterbeben-advent-nikolaus-deutschland-mix-nebel-regen-ueberraschend-mild-zr-94064740.html&quot;,&quot;storyElementPosition&quot;:22,&quot;storyElementCount&quot;:22}}\" target=\"_blank\" rel=\"noopener\">Winter mild, nass und unspektakul\u00e4r<\/a> \u2013 und genau das k\u00f6nnte der gr\u00f6\u00dfte \u00dcberraschungsmoment sein, denn nichts ist unkalkulierbarer als ein Winter, der sich weigert, Winter zu sein.<\/p>\n","protected":false},"excerpt":{"rendered":"Startseite Deutschland Stand: 04.12.2025, 18:56 Uhr Von: Dominik Jung DruckenTeilen Deutschland blickt auf den Winter 2025: Kommen wei\u00dfe&hellip;\n","protected":false},"author":2,"featured_media":623859,"comment_status":"","ping_status":"","sticky":false,"template":"","format":"standard","meta":{"footnotes":""},"categories":[2],"tags":[331,3924,332,3922,3364,29,30,13,14,3923,15,3921,12],"class_list":{"0":"post-623858","1":"post","2":"type-post","3":"status-publish","4":"format-standard","5":"has-post-thumbnail","7":"category-deutschland","8":"tag-aktuelle-nachrichten","9":"tag-aktuelle-nachrichten-aus-deutschland","10":"tag-aktuelle-news","11":"tag-aktuelle-news-aus-deutschland","12":"tag-de","13":"tag-deutschland","14":"tag-germany","15":"tag-headlines","16":"tag-nachrichten","17":"tag-nachrichten-aus-deutschland","18":"tag-news","19":"tag-news-aus-deutschland","20":"tag-schlagzeilen"},"share_on_mastodon":{"url":"https:\/\/pubeurope.com\/@de\/115664047212824026","error":""},"_links":{"self":[{"href":"https:\/\/www.europesays.com\/de\/wp-json\/wp\/v2\/posts\/623858","targetHints":{"allow":["GET"]}}],"collection":[{"href":"https:\/\/www.europesays.com\/de\/wp-json\/wp\/v2\/posts"}],"about":[{"href":"https:\/\/www.europesays.com\/de\/wp-json\/wp\/v2\/types\/post"}],"author":[{"embeddable":true,"href":"https:\/\/www.europesays.com\/de\/wp-json\/wp\/v2\/users\/2"}],"replies":[{"embeddable":true,"href":"https:\/\/www.europesays.com\/de\/wp-json\/wp\/v2\/comments?post=623858"}],"version-history":[{"count":0,"href":"https:\/\/www.europesays.com\/de\/wp-json\/wp\/v2\/posts\/623858\/revisions"}],"wp:featuredmedia":[{"embeddable":true,"href":"https:\/\/www.europesays.com\/de\/wp-json\/wp\/v2\/media\/623859"}],"wp:attachment":[{"href":"https:\/\/www.europesays.com\/de\/wp-json\/wp\/v2\/media?parent=623858"}],"wp:term":[{"taxonomy":"category","embeddable":true,"href":"https:\/\/www.europesays.com\/de\/wp-json\/wp\/v2\/categories?post=623858"},{"taxonomy":"post_tag","embeddable":true,"href":"https:\/\/www.europesays.com\/de\/wp-json\/wp\/v2\/tags?post=623858"}],"curies":[{"name":"wp","href":"https:\/\/api.w.org\/{rel}","templated":true}]}}