{"id":623872,"date":"2025-12-05T00:14:12","date_gmt":"2025-12-05T00:14:12","guid":{"rendered":"https:\/\/www.europesays.com\/de\/623872\/"},"modified":"2025-12-05T00:14:12","modified_gmt":"2025-12-05T00:14:12","slug":"stadtteil-hainholz-wohnungsbrand-in-hannover-schwerverletzte-person-gerettet-panorama","status":"publish","type":"post","link":"https:\/\/www.europesays.com\/de\/623872\/","title":{"rendered":"Stadtteil Hainholz &#8211; Wohnungsbrand in Hannover \u2013 Schwerverletzte Person gerettet &#8211; Panorama"},"content":{"rendered":"<p data-manual=\"paragraph\" data-schema-org-speakable=\"true\" class=\"css-1eosz7k\">Hannover (dpa\/lni) &#8211; Bei einem Wohnungsbrand in einem Mehrfamilienhaus in Hannover ist eine Person schwer verletzt worden. Die Wohnung im Stadtteil Hainholz habe beim Eintreffen der Einsatzkr\u00e4fte bereits in Vollbrand gestanden, berichtete die Feuerwehr.<\/p>\n<p data-manual=\"paragraph\" data-schema-org-speakable=\"true\" class=\"css-1eosz7k\">Die Einsatzkr\u00e4fte suchten den Angaben zufolge die R\u00e4ume der Wohnung im vierten Obergeschoss unter Atemschutz ab. Dabei sei eine schwer verletzte Person gerettet worden, hie\u00df es. Sie wurde ins Krankenhaus gebracht. Der Brand konnte schnell gel\u00f6scht und eine Ausbreitung auf weitere Wohnungen verhindert werden.<\/p>\n<p data-manual=\"paragraph\" data-schema-org-speakable=\"true\" class=\"css-1eosz7k\">Die Polizei ermittelt zur Brandursache. Der Sachschaden liegt bei rund 150.000 Euro. Feuerwehr und Rettungsdienst waren mit etwa 45 Kr\u00e4ften im Einsatz.<\/p>\n<p data-manual=\"paragraph\" data-schema-org-speakable=\"true\" class=\"css-1eosz7k\">\u00a9 dpa-infocom, dpa:251204-930-381985\/1<\/p>\n","protected":false},"excerpt":{"rendered":"Hannover (dpa\/lni) &#8211; Bei einem Wohnungsbrand in einem Mehrfamilienhaus in Hannover ist eine Person schwer verletzt worden. Die&hellip;\n","protected":false},"author":2,"featured_media":623873,"comment_status":"","ping_status":"","sticky":false,"template":"","format":"standard","meta":{"footnotes":""},"categories":[1836],"tags":[986,3364,29,987,30,46,1411,4338,1974,149,9584],"class_list":{"0":"post-623872","1":"post","2":"type-post","3":"status-publish","4":"format-standard","5":"has-post-thumbnail","7":"category-hannover","8":"tag-braende","9":"tag-de","10":"tag-deutschland","11":"tag-feuer","12":"tag-germany","13":"tag-hannover","14":"tag-niedersachsen","15":"tag-notfall","16":"tag-panorama","17":"tag-sueddeutsche-zeitung","18":"tag-ungefaehrer-brandort"},"share_on_mastodon":{"url":"https:\/\/pubeurope.com\/@de\/115664077815961843","error":""},"_links":{"self":[{"href":"https:\/\/www.europesays.com\/de\/wp-json\/wp\/v2\/posts\/623872","targetHints":{"allow":["GET"]}}],"collection":[{"href":"https:\/\/www.europesays.com\/de\/wp-json\/wp\/v2\/posts"}],"about":[{"href":"https:\/\/www.europesays.com\/de\/wp-json\/wp\/v2\/types\/post"}],"author":[{"embeddable":true,"href":"https:\/\/www.europesays.com\/de\/wp-json\/wp\/v2\/users\/2"}],"replies":[{"embeddable":true,"href":"https:\/\/www.europesays.com\/de\/wp-json\/wp\/v2\/comments?post=623872"}],"version-history":[{"count":0,"href":"https:\/\/www.europesays.com\/de\/wp-json\/wp\/v2\/posts\/623872\/revisions"}],"wp:featuredmedia":[{"embeddable":true,"href":"https:\/\/www.europesays.com\/de\/wp-json\/wp\/v2\/media\/623873"}],"wp:attachment":[{"href":"https:\/\/www.europesays.com\/de\/wp-json\/wp\/v2\/media?parent=623872"}],"wp:term":[{"taxonomy":"category","embeddable":true,"href":"https:\/\/www.europesays.com\/de\/wp-json\/wp\/v2\/categories?post=623872"},{"taxonomy":"post_tag","embeddable":true,"href":"https:\/\/www.europesays.com\/de\/wp-json\/wp\/v2\/tags?post=623872"}],"curies":[{"name":"wp","href":"https:\/\/api.w.org\/{rel}","templated":true}]}}