{"id":623876,"date":"2025-12-05T00:16:23","date_gmt":"2025-12-05T00:16:23","guid":{"rendered":"https:\/\/www.europesays.com\/de\/623876\/"},"modified":"2025-12-05T00:16:23","modified_gmt":"2025-12-05T00:16:23","slug":"augsburger-panther-verlieren-gegen-del-schlusslicht-dresden","status":"publish","type":"post","link":"https:\/\/www.europesays.com\/de\/623876\/","title":{"rendered":"Augsburger Panther verlieren gegen DEL-Schlusslicht Dresden"},"content":{"rendered":"<p class=\"mb-6 text-xs md:text-m lg:text-l font-serif group-[.font-sans]:font-sans \">\n    Wieder gab es es Pfiffe f\u00fcr die Augsburger Panther. Nach der vielleicht schw\u00e4chsten Saisonleistung unterlag der AEV mit 2:4 (1:0, 0:1, 1:2) gegen das DEL-Schlusslicht Dresdner Eisl\u00f6wen. Der Aufsteiger stellte zwar das bisher schw\u00e4chste Team im Frenzel-Stadion, doch die Panther zeigten sich noch schw\u00e4cher und blamierten sich mit einer indiskutablen Vorstellung.\n  <\/p>\n<p class=\"mb-6 text-xs md:text-m lg:text-l font-serif group-[.font-sans]:font-sans \">\n    Nach der Sirene buhten die AEV-Fans die eigene Mannschaft aus. Im bisherigen Saisonverlauf hatte der Tabellenletzte erst drei Partien gewonnen. Unter dem vor wenigen Tagen verpflichteten Trainer Gerry Fleming gelang Dresden der vierte Sieg.\n  <\/p>\n<p>            Die Panther gehen in F\u00fchrung \u2013 doch das wars auch schon mit guten Nachrichten<\/p>\n<p class=\"mb-6 text-xs md:text-m lg:text-l font-serif group-[.font-sans]:font-sans \">\n    Wie erwartet gingen die Panther in der 6. Minute in F\u00fchrung. Es war einer der wenigen Lichtblicke an einem tristen Eishockey-Abend. Zum 1:0 durch Moritz Elias gaben Tim Wohlgemuth und Jason Bast die Vorlagen. Der Deutsch-Kanadier Bast, <a href=\"https:\/\/www.augsburger-allgemeine.de\/sport\/aev\/augsburger-panther-jason-bast-kehrt-zurueck-zu-den-panthern-112918361\" target=\"_self\" class=\"underline \" rel=\"noopener\">der zu Wochenbeginn vom Zweitligisten ESV Kaufbeuren verpflichtet worden war<\/a> und nur ein Mal mit seinem Team trainierte, f\u00fcgte sich nahtlos ein. Kein Wunder: Schlie\u00dflich war der 36-J\u00e4hrige bereits im Vorjahr f\u00fcr Augsburg aktiv gewesen und kehrte nach dem Tosto-Abgang (zu D\u00fcsseldorf) zur\u00fcck.\n  <\/p>\n<p class=\"mb-6 text-xs md:text-m lg:text-l font-serif group-[.font-sans]:font-sans \">\n    Dem Spiel der G\u00e4ste fehlte zwar oft das Tempo, doch bei \u00dcberzahl waren sie gef\u00e4hrlich. So fiel der 1:1-Ausgleich durch Yogan im Powerplay. Nach einem m\u00fcden und torlosen zweiten Abschnitt ging der DEL-Aufsteiger durch Yogan und Bouma mit 3:1 in F\u00fchrung. Donald Busdeker brachte Augsburg in \u00dcberzahl zwar auf 3:2 heran. Doch nur wenige Sekunden sp\u00e4ter stellte Trevor Parkes auf 4:2.\n  <\/p>\n<p class=\"mb-6 text-xs md:text-m lg:text-l font-serif group-[.font-sans]:font-sans \">\n    In der Schlussphase ging AEV-Trainer Bill Peters ein hohes Risiko und nahm bereits sechs Minuten vor dem Ende erstmals den Torwart zugunsten eines sechsten Feldspielers vom Eis. Die Dresdner igelten sich mit f\u00fcnf Mann vor ihrem Tor ein. Den Panthern fehlten die z\u00fcndenden Ideen. Busdeker traf zwei Mal die Querstange. Mehr gelang nicht.\n  <\/p>\n<p>            Jubel gibt es dieses Mal f\u00fcr den AEV nur vor der Startsirene<\/p>\n<p class=\"mb-6 text-xs md:text-m lg:text-l font-serif group-[.font-sans]:font-sans \">\n    Lediglich bevor der Puck zum ersten mal gefallen war, herrschte Jubelstimmung im mit 6179 Fans erneut ausverkauften Curt-Frenzel-Stadion. Der Grund: Der Stadionsprecher <a href=\"https:\/\/www.augsburger-allgemeine.de\/sport\/aev\/augsburger-panther-vertrag-von-stuermer-d-j-busdeker-wird-verlaengert-112930981\" target=\"_self\" class=\"underline \" rel=\"noopener\">gab die Vertragsverl\u00e4ngerung von Donald Busdeker bekannt<\/a>. Der 26-j\u00e4hrige US-Amerikaner konnte bislang mit zw\u00f6lf Toren und zehn Assists bei 25 Eins\u00e4tzen seine Punkteausbeute aus dem Vorjahr beinahe egalisieren.\n  <\/p>\n<p class=\"mb-6 text-xs md:text-m lg:text-l font-serif group-[.font-sans]:font-sans \">\n    Das hat das Interesse einiger DEL-Konkurrenten geweckt, die hinter dem Au\u00dfenst\u00fcrmer her waren. Viel fr\u00fcher als in den vergangenen Jahren arbeitet der AEV am Kader, was auch daran liegt, dass h\u00f6chstwahrscheinlich nicht bis zum Schluss um den Klassenerhalt gezittert werden muss. In der Form von Donnerstag muss man sich allerdings wieder Sorgen machen.\n  <\/p>\n<p class=\"mb-6 text-xs md:text-m lg:text-l font-serif group-[.font-sans]:font-sans \">\n    <strong class=\"font-bold\">Augsburger Panther<\/strong> Garteig\u2013 Schemitsch, Button; Bowey, Mayhew; Renner, Wirth; Pellizzari \u2013 Blank, Grenier, Louis; Busdeker, Damiani, Kunyk; Bast, Wohlgemuth, M. Elias; Hanke, Henriquez, F. Elias<br \/><strong class=\"font-bold\">Tore <\/strong>1:0 (6.) M. Elias, 1:1 (26.) Yogan, 1:2 (47.), 1:3 (49.) Bouma. 2:3 (51.) Busdeker, 2:4 (51.) Parkes\u00a0<br \/><strong class=\"font-bold\">Zuschauer <\/strong>6179 (ausverkauft)\n  <\/p>\n<ul data-module-id=\"DragDropModule\" class=\"flex flex-wrap justify-start group-[.no-bookmarks]:hidden\">\n<li class=\"mb-3 mr-3\">\n    Milan Sako<\/p>\n<p>      Icon Haken im Kreis gesetzt<\/p>\n<p>      Icon Plus im Kreis<\/p>\n<\/li>\n<li class=\"mb-3 mr-3\">\n    Augsburger Panther<\/p>\n<p>      Icon Haken im Kreis gesetzt<\/p>\n<p>      Icon Plus im Kreis<\/p>\n<\/li>\n<li class=\"mb-3 mr-3\">\n    Dresden<\/p>\n<p>      Icon Haken im Kreis gesetzt<\/p>\n<p>      Icon Plus im Kreis<\/p>\n<\/li>\n<\/ul>\n","protected":false},"excerpt":{"rendered":"Wieder gab es es Pfiffe f\u00fcr die Augsburger Panther. Nach der vielleicht schw\u00e4chsten Saisonleistung unterlag der AEV mit&hellip;\n","protected":false},"author":2,"featured_media":623877,"comment_status":"","ping_status":"","sticky":false,"template":"","format":"standard","meta":{"footnotes":""},"categories":[1835],"tags":[680,28914,3364,2097,29,2386,6216,30,147795,147792,859,67751,147793,147794],"class_list":{"0":"post-623876","1":"post","2":"type-post","3":"status-publish","4":"format-standard","5":"has-post-thumbnail","7":"category-dresden","8":"tag-augsburg","9":"tag-augsburger-panther","10":"tag-de","11":"tag-del","12":"tag-deutschland","13":"tag-dresden","14":"tag-dresdner-eisloewen","15":"tag-germany","16":"tag-gerry-fleming","17":"tag-jason-bast","18":"tag-sachsen","19":"tag-saisonleistung","20":"tag-tim-wohlgemuth","21":"tag-trevor-parkes"},"share_on_mastodon":{"url":"https:\/\/pubeurope.com\/@de\/115664085711850411","error":""},"_links":{"self":[{"href":"https:\/\/www.europesays.com\/de\/wp-json\/wp\/v2\/posts\/623876","targetHints":{"allow":["GET"]}}],"collection":[{"href":"https:\/\/www.europesays.com\/de\/wp-json\/wp\/v2\/posts"}],"about":[{"href":"https:\/\/www.europesays.com\/de\/wp-json\/wp\/v2\/types\/post"}],"author":[{"embeddable":true,"href":"https:\/\/www.europesays.com\/de\/wp-json\/wp\/v2\/users\/2"}],"replies":[{"embeddable":true,"href":"https:\/\/www.europesays.com\/de\/wp-json\/wp\/v2\/comments?post=623876"}],"version-history":[{"count":0,"href":"https:\/\/www.europesays.com\/de\/wp-json\/wp\/v2\/posts\/623876\/revisions"}],"wp:featuredmedia":[{"embeddable":true,"href":"https:\/\/www.europesays.com\/de\/wp-json\/wp\/v2\/media\/623877"}],"wp:attachment":[{"href":"https:\/\/www.europesays.com\/de\/wp-json\/wp\/v2\/media?parent=623876"}],"wp:term":[{"taxonomy":"category","embeddable":true,"href":"https:\/\/www.europesays.com\/de\/wp-json\/wp\/v2\/categories?post=623876"},{"taxonomy":"post_tag","embeddable":true,"href":"https:\/\/www.europesays.com\/de\/wp-json\/wp\/v2\/tags?post=623876"}],"curies":[{"name":"wp","href":"https:\/\/api.w.org\/{rel}","templated":true}]}}