{"id":624041,"date":"2025-12-05T01:47:22","date_gmt":"2025-12-05T01:47:22","guid":{"rendered":"https:\/\/www.europesays.com\/de\/624041\/"},"modified":"2025-12-05T01:47:22","modified_gmt":"2025-12-05T01:47:22","slug":"tierheim-startet-aufruf-zu-abgemagertem-hund","status":"publish","type":"post","link":"https:\/\/www.europesays.com\/de\/624041\/","title":{"rendered":"Tierheim startet Aufruf zu abgemagertem Hund"},"content":{"rendered":"<p class=\"richtext text-em-55 !leading-serif mx-6 desktop:mx-0\">Das Auftauchen des jungen R\u00fcden wirft dort viele Fragen auf \u2013 und auch Zweifel. <a href=\"https:\/\/www.facebook.com\/tierheim.d\/posts\/pfbid02bgtX2khAWro5S5vSaZhXXA82yxTtoJaXBks66DrfetUhxHP2ZHvfwa1E9XWUNgUil\" target=\"_blank\" rel=\"noopener\">Auf Instagram und Facebook hat das Tierheim nun einen Aufruf gestartet und bittet um Informationen.<\/a> \u201eF\u00fcr uns ist das eine eher unglaubw\u00fcrdige Story, da der Hund nicht den Anschein macht, sich von unbekannten Personen einfangen zu lassen\u201c, schreibt das Tierheim. Bisher bekannt sei nur: Der R\u00fcde ist abgemagert, \u00e4ngstlich und nicht gechipt. Das Tier soll ein Holl\u00e4ndischer Sch\u00e4ferhund oder Malinois sein \u2013 beides Rassen, die nicht einfach in der Haltung seien. Sie werden wohl zu h\u00e4ufig leichtsinnig angeschafft, meint das Tierheim: \u201eF\u00fcr uns leider wieder einmal ein Mali\/Herder, der v\u00f6llig un\u00fcberlegt angeschafft und sich nun diesem ,entledigt\u2019 wurde.\u201c<\/p>\n","protected":false},"excerpt":{"rendered":"Das Auftauchen des jungen R\u00fcden wirft dort viele Fragen auf \u2013 und auch Zweifel. Auf Instagram und Facebook&hellip;\n","protected":false},"author":2,"featured_media":624042,"comment_status":"","ping_status":"","sticky":false,"template":"","format":"standard","meta":{"footnotes":""},"categories":[1831],"tags":[147820,89418,3364,29,3405,30,604,1209,147819,18459,2486,64930,147818],"class_list":{"0":"post-624041","1":"post","2":"type-post","3":"status-publish","4":"format-standard","5":"has-post-thumbnail","7":"category-duesseldorf","8":"tag-angeschafft","9":"tag-bittet","10":"tag-de","11":"tag-deutschland","12":"tag-duesseldorf","13":"tag-germany","14":"tag-hund","15":"tag-nordrhein-westfalen","16":"tag-ruede","17":"tag-schaeferhund","18":"tag-tierheim","19":"tag-unbekannten","20":"tag-unglaubwuerdige"},"share_on_mastodon":{"url":"https:\/\/pubeurope.com\/@de\/115664443436483876","error":""},"_links":{"self":[{"href":"https:\/\/www.europesays.com\/de\/wp-json\/wp\/v2\/posts\/624041","targetHints":{"allow":["GET"]}}],"collection":[{"href":"https:\/\/www.europesays.com\/de\/wp-json\/wp\/v2\/posts"}],"about":[{"href":"https:\/\/www.europesays.com\/de\/wp-json\/wp\/v2\/types\/post"}],"author":[{"embeddable":true,"href":"https:\/\/www.europesays.com\/de\/wp-json\/wp\/v2\/users\/2"}],"replies":[{"embeddable":true,"href":"https:\/\/www.europesays.com\/de\/wp-json\/wp\/v2\/comments?post=624041"}],"version-history":[{"count":0,"href":"https:\/\/www.europesays.com\/de\/wp-json\/wp\/v2\/posts\/624041\/revisions"}],"wp:featuredmedia":[{"embeddable":true,"href":"https:\/\/www.europesays.com\/de\/wp-json\/wp\/v2\/media\/624042"}],"wp:attachment":[{"href":"https:\/\/www.europesays.com\/de\/wp-json\/wp\/v2\/media?parent=624041"}],"wp:term":[{"taxonomy":"category","embeddable":true,"href":"https:\/\/www.europesays.com\/de\/wp-json\/wp\/v2\/categories?post=624041"},{"taxonomy":"post_tag","embeddable":true,"href":"https:\/\/www.europesays.com\/de\/wp-json\/wp\/v2\/tags?post=624041"}],"curies":[{"name":"wp","href":"https:\/\/api.w.org\/{rel}","templated":true}]}}