{"id":624061,"date":"2025-12-05T01:58:16","date_gmt":"2025-12-05T01:58:16","guid":{"rendered":"https:\/\/www.europesays.com\/de\/624061\/"},"modified":"2025-12-05T01:58:16","modified_gmt":"2025-12-05T01:58:16","slug":"todesfall-auf-eurowings-flug-zwischenlandung-in-bilbao-news","status":"publish","type":"post","link":"https:\/\/www.europesays.com\/de\/624061\/","title":{"rendered":"Todesfall auf Eurowings-Flug: Zwischenlandung in Bilbao | News"},"content":{"rendered":"<p>Gran Canaria\/Hamburg \u2013 <b>Todesfall \u00fcber den Wolken. Auf einem Eurowings-Flug von Gran Canaria nach Hamburg ist ein Passagier gestorben. <\/b><\/p>\n<p>Die Maschine mit sechs Crew-Mitgliedern und 175 Passagieren an Bord habe wegen des medizinischen Notfalls au\u00dferplanm\u00e4\u00dfig in Bilbao zwischenlanden m\u00fcssen, teilte die <a href=\"https:\/\/www.bild.de\/reise\/fluege\/flugreise\/thema-flugreise-alle-infos-80410564.bild.html\" class=\"text-link\" target=\"_blank\" rel=\"noopener\">Airline<\/a> mit. Zuvor hatten das \u201eHamburger Abendblatt\u201c und weitere Medien berichtet. Der Vorfall hatte sich bereits am Sonntag ereignet. <\/p>\n<p>Mehr zum Thema<\/p>\n<p>Trotz sofort eingeleiteter Versorgung und Reanimationsma\u00dfnahmen durch die Crew sei der Passagier noch an Bord der A320 verstorben. Der Flug sei danach nicht sofort fortgesetzt worden, sondern erst am n\u00e4chsten Tag. Besatzung und Passagiere verbrachten die Nacht in der spanischen Stadt. <\/p>\n<p>Eurowings spricht Angeh\u00f6rigen Mitgef\u00fchl aus<\/p>\n<p>Eurowings sprach den Angeh\u00f6rigen des Verstorbenen ihr Mitgef\u00fchl aus. Nach Angaben der Zeitung \u201eEuro Weekly News\u201c soll es sich um einen Rentner gehandelt haben, der mit seiner Tochter unterwegs war und w\u00e4hrend des Fluges einen <a href=\"https:\/\/www.bild.de\/themen\/specials\/herzinfarkt\/herzinfarkt-alles-ueber-anzeichen-ursachen-und-vorsorge-02-42586292.bild.html\" class=\"text-link\" target=\"_blank\" rel=\"noopener\">Herzinfarkt<\/a> erlitt. <\/p>\n","protected":false},"excerpt":{"rendered":"Gran Canaria\/Hamburg \u2013 Todesfall \u00fcber den Wolken. Auf einem Eurowings-Flug von Gran Canaria nach Hamburg ist ein Passagier&hellip;\n","protected":false},"author":2,"featured_media":624062,"comment_status":"","ping_status":"","sticky":false,"template":"","format":"standard","meta":{"footnotes":""},"categories":[1826],"tags":[29,18004,841,30,29907,692,26839,138370,45,3533],"class_list":{"0":"post-624061","1":"post","2":"type-post","3":"status-publish","4":"format-standard","5":"has-post-thumbnail","7":"category-hamburg","8":"tag-deutschland","9":"tag-eurowings","10":"tag-flugzeuge","11":"tag-germany","12":"tag-gran-canaria","13":"tag-hamburg","14":"tag-notlandung","15":"tag-team-first","16":"tag-texttospeech","17":"tag-todesfall"},"share_on_mastodon":{"url":"https:\/\/pubeurope.com\/@de\/115664486678004314","error":""},"_links":{"self":[{"href":"https:\/\/www.europesays.com\/de\/wp-json\/wp\/v2\/posts\/624061","targetHints":{"allow":["GET"]}}],"collection":[{"href":"https:\/\/www.europesays.com\/de\/wp-json\/wp\/v2\/posts"}],"about":[{"href":"https:\/\/www.europesays.com\/de\/wp-json\/wp\/v2\/types\/post"}],"author":[{"embeddable":true,"href":"https:\/\/www.europesays.com\/de\/wp-json\/wp\/v2\/users\/2"}],"replies":[{"embeddable":true,"href":"https:\/\/www.europesays.com\/de\/wp-json\/wp\/v2\/comments?post=624061"}],"version-history":[{"count":0,"href":"https:\/\/www.europesays.com\/de\/wp-json\/wp\/v2\/posts\/624061\/revisions"}],"wp:featuredmedia":[{"embeddable":true,"href":"https:\/\/www.europesays.com\/de\/wp-json\/wp\/v2\/media\/624062"}],"wp:attachment":[{"href":"https:\/\/www.europesays.com\/de\/wp-json\/wp\/v2\/media?parent=624061"}],"wp:term":[{"taxonomy":"category","embeddable":true,"href":"https:\/\/www.europesays.com\/de\/wp-json\/wp\/v2\/categories?post=624061"},{"taxonomy":"post_tag","embeddable":true,"href":"https:\/\/www.europesays.com\/de\/wp-json\/wp\/v2\/tags?post=624061"}],"curies":[{"name":"wp","href":"https:\/\/api.w.org\/{rel}","templated":true}]}}