{"id":624114,"date":"2025-12-05T02:28:12","date_gmt":"2025-12-05T02:28:12","guid":{"rendered":"https:\/\/www.europesays.com\/de\/624114\/"},"modified":"2025-12-05T02:28:12","modified_gmt":"2025-12-05T02:28:12","slug":"bewohnerparken-im-antonsviertel-kommt-die-augsburger-zeitung","status":"publish","type":"post","link":"https:\/\/www.europesays.com\/de\/624114\/","title":{"rendered":"Bewohnerparken im Antonsviertel kommt | Die Augsburger Zeitung"},"content":{"rendered":"<p>  <a href=\"https:\/\/www.daz-augsburg.de\/bewohnerparken-im-antonsviertel-kommt\/\" target=\"_blank\" rel=\"noopener\">Bewohnerparken im Antonsviertel kommt<\/a><\/p>\n<p><strong>Der Bauausschuss hat am Donnerstag die Einf\u00fchrung eines Park\u00adraum\u00admanage\u00adments f\u00fcr das Antons\u00adviertel beschlossen. Ziel ist es, den hohen Parkdruck im Quartier zu reduzieren und mehr Ordnung sowie Entlastung f\u00fcr Anwohner zu schaffen.<\/strong><\/p>\n<p>Von Bruno Stubenrauch<\/p>\n<p><img loading=\"lazy\" decoding=\"async\" width=\"150\" height=\"150\" class=\"alignleft wp-image-100905 size-thumbnail\" src=\"data:image\/svg+xml,%3Csvg%20xmlns=\" http:=\"\" alt=\"\" data-lazy- data-lazy- data-lazy-src=\"https:\/\/www.europesays.com\/de\/wp-content\/uploads\/2025\/12\/Zeichen_314.1_-_Beginn_einer_Parkraumbewirtschaftungszone_StVO_2009.svg_-150x150.png\"\/>Das Konzept umfasst ausschlie\u00dflich f\u00fcr Bewohner aus\u00adge\u00adwiesene Stell\u00adpl\u00e4tze, Kurzzeit\u00adparkzonen mit Parkscheibe sowie eine geb\u00fchren\u00adpflichtige Bewirt\u00adschaftung des Parkplatzes an der Erhard-Wunderlich-Sporthalle. Dort kostet das Parken k\u00fcnftig 1\u00a0Euro pro Stunde f\u00fcr die ersten f\u00fcnf Stunden, anschlie\u00dfend gilt auto\u00admatisch ein Tagesticket f\u00fcr voraus\u00adsichtlich 6\u00a0Euro.<\/p>\n<p>Zudem sollen langfristig ein Mobilit\u00e4tshub*) und zus\u00e4tzliche Stellpl\u00e4tze im Quartier entstehen. Die Parkpl\u00e4tze entlang der s\u00fcdlichen Rosenau\u00adstra\u00dfe werden vorerst dem benach\u00adbarten Bewohner\u00adpark\u00adgebiet\u00a0M (Rosenau- und Thelott\u00adviertel) zugeteilt, bis dort eine umfassende Umplanung umgesetzt wird.<\/p>\n<p><strong>Anwohner werden entlastet<\/strong><\/p>\n<p>CSU und Gr\u00fcne begr\u00fc\u00dfen den Beschluss als wichtigen Schritt f\u00fcr eine geregelte Verkehrs\u00adsituation im Viertel. CSU-Fraktionschef Leo Dietz betont, die dauerhaft hohe Auslastung von \u00fcber 80\u00a0Pro\u00adzent habe eine klare Grundlage f\u00fcr eine Bewohner\u00adpark\u00adregelung geliefert. Das neue System kombiniere Anwohner\u00adparken mit nutzer\u00adfreund\u00adlichen Kurzzeit\u00adangeboten und beziehe auch Gewerbe und Besucher ein.<\/p>\n<p>F\u00fcr die Gr\u00fcnen hebt deren mobilit\u00e4ts\u00adpolitischer Sprecher Deniz Anan die Entlastung der Anwohner hervor. Das Konzept halte das Quartier weiter gut erreich\u00adbar, erm\u00f6gliche kosten\u00adloses Kurzparken per Park\u00adscheibe und biete mit dem geplanten Mobilit\u00e4tshub lang\u00adfristige Chancen f\u00fcr mehr Aufent\u00adhalts\u00adqualit\u00e4t, etwa durch breitere Gehwege und zus\u00e4tzliche Begr\u00fcnung.<\/p>\n<p>*) Mobilit\u00e4tshub: ein zentraler Verkehrs\u00adknoten im Quartier, an dem verschie\u00addene Angebote geb\u00fcndelt werden \u2013 etwa ein Quartiers\u00adpark\u00adhaus, Carsharing, Fahrrad- und Lasten\u00adrad\u00adstationen, E-Ladestellen und gute \u00d6PNV-Anbindung.<\/p>\n<p>    Artikel vom<br \/>\n    <a href=\"https:\/\/www.daz-augsburg.de\/?m=20251205\" target=\"_blank\" rel=\"noopener\"><br \/>\n      05.12.2025    <\/a><br \/>\n    | Autor: Bruno Stubenrauch<br \/>Rubrik: <a href=\"https:\/\/www.daz-augsburg.de\/rubrik\/aus-dem-ausschuss\/\" rel=\"category tag noopener\" target=\"_blank\">Aus dem Ausschuss<\/a>, <a href=\"https:\/\/www.daz-augsburg.de\/rubrik\/politik\/\" rel=\"category tag noopener\" target=\"_blank\">Politik<\/a>, <a href=\"https:\/\/www.daz-augsburg.de\/rubrik\/politik\/verkehr\/\" rel=\"category tag noopener\" target=\"_blank\">Verkehr<\/a>  <\/p>\n","protected":false},"excerpt":{"rendered":"Bewohnerparken im Antonsviertel kommt Der Bauausschuss hat am Donnerstag die Einf\u00fchrung eines Park\u00adraum\u00admanage\u00adments f\u00fcr das Antons\u00adviertel beschlossen. Ziel&hellip;\n","protected":false},"author":2,"featured_media":624115,"comment_status":"","ping_status":"","sticky":false,"template":"","format":"standard","meta":{"footnotes":""},"categories":[1846],"tags":[680,772,3364,29,548,663,3934,30,13,14,15,12],"class_list":{"0":"post-624114","1":"post","2":"type-post","3":"status-publish","4":"format-standard","5":"has-post-thumbnail","7":"category-augsburg","8":"tag-augsburg","9":"tag-bayern","10":"tag-de","11":"tag-deutschland","12":"tag-eu","13":"tag-europa","14":"tag-europe","15":"tag-germany","16":"tag-headlines","17":"tag-nachrichten","18":"tag-news","19":"tag-schlagzeilen"},"share_on_mastodon":{"url":"https:\/\/pubeurope.com\/@de\/115664604696608567","error":""},"_links":{"self":[{"href":"https:\/\/www.europesays.com\/de\/wp-json\/wp\/v2\/posts\/624114","targetHints":{"allow":["GET"]}}],"collection":[{"href":"https:\/\/www.europesays.com\/de\/wp-json\/wp\/v2\/posts"}],"about":[{"href":"https:\/\/www.europesays.com\/de\/wp-json\/wp\/v2\/types\/post"}],"author":[{"embeddable":true,"href":"https:\/\/www.europesays.com\/de\/wp-json\/wp\/v2\/users\/2"}],"replies":[{"embeddable":true,"href":"https:\/\/www.europesays.com\/de\/wp-json\/wp\/v2\/comments?post=624114"}],"version-history":[{"count":0,"href":"https:\/\/www.europesays.com\/de\/wp-json\/wp\/v2\/posts\/624114\/revisions"}],"wp:featuredmedia":[{"embeddable":true,"href":"https:\/\/www.europesays.com\/de\/wp-json\/wp\/v2\/media\/624115"}],"wp:attachment":[{"href":"https:\/\/www.europesays.com\/de\/wp-json\/wp\/v2\/media?parent=624114"}],"wp:term":[{"taxonomy":"category","embeddable":true,"href":"https:\/\/www.europesays.com\/de\/wp-json\/wp\/v2\/categories?post=624114"},{"taxonomy":"post_tag","embeddable":true,"href":"https:\/\/www.europesays.com\/de\/wp-json\/wp\/v2\/tags?post=624114"}],"curies":[{"name":"wp","href":"https:\/\/api.w.org\/{rel}","templated":true}]}}